{"id":295172,"date":"2025-08-04T06:54:13","date_gmt":"2025-08-04T06:54:13","guid":{"rendered":"https:\/\/www.europesays.com\/fr\/295172\/"},"modified":"2025-08-04T06:54:13","modified_gmt":"2025-08-04T06:54:13","slug":"fini-le-champ-de-lavande-fluo-comment-desinfluencer-vos-photographies-cet-ete","status":"publish","type":"post","link":"https:\/\/www.europesays.com\/fr\/295172\/","title":{"rendered":"Fini le champ de lavande fluo, comment \u00ab\u00a0d\u00e9sinfluencer\u00a0\u00bb vos photographies cet \u00e9t\u00e9\u00a0?"},"content":{"rendered":"<p>Des poses au milieu des champs de fleurs aux pique-niques dans les criques d\u00e9sertes du sud de la France, en passant par les phoques trop mignons qui se dorent au soleil en <a href=\"https:\/\/www.20minutes.fr\/loisirs\/4045783-20230718-reserve-naturelle-baie-somme-animaux-vivent\" class=\"color-ultramarine c-link\" target=\"_blank\" rel=\"noopener\">baie de Somme<\/a>\u2026 Ces photographies sont partout sur les r\u00e9seaux sociaux, notamment en p\u00e9riode estivale. Des clich\u00e9s de vacances qui peuvent avoir un co\u00fbt \u00e9lev\u00e9 pour certains espaces naturels, de plus en plus <a href=\"https:\/\/www.20minutes.fr\/monde\/italie\/4121662-20241115-surtourisme-apres-venise-site-pompei-limite-tour-nombre-visiteurs\" class=\"color-ultramarine c-link\" target=\"_blank\" rel=\"noopener\">expos\u00e9s au surtourisme.<\/a><\/p>\n<p>Selon une \u00e9tude Opodo r\u00e9alis\u00e9e en avril\u00a02024 aupr\u00e8s de 9.000 consommateurs dans le monde, dont 1.000 Fran\u00e7ais, 58\u00a0% des 25-34 ans et 52\u00a0% des 18-24 ans utilisent les <a href=\"https:\/\/www.20minutes.fr\/high-tech\/4086571-20240415-tourisme-dix-destinations-plus-instagrammables-2024-classement-revele\" class=\"color-ultramarine c-link\" target=\"_blank\" rel=\"noopener\">r\u00e9seaux sociaux pour trouver leur futur lieu de vacances<\/a>. \u00ab\u00a0Chaque photo peut avoir un impact sur le choix de la destination mais aussi sur la mani\u00e8re de la visiter\u00a0\u00bb, souligne Marie Le Scour, charg\u00e9e de mission communication pour le R\u00e9seau des Grands sites de France, qui regroupe des paysages fran\u00e7ais embl\u00e9matiques comme <a href=\"https:\/\/www.20minutes.fr\/planete\/environnement\/4156052-20250530-gironde-dune-pilat-reste-ur-conflit-entre-ecologie-tourisme\" class=\"color-ultramarine c-link\" target=\"_blank\" rel=\"noopener\">la dune du Pilat,<\/a> Rocamadour ou les falaises d\u2019Etretat.<\/p>\n<\/p>\n<p>Pour faire avec ces nouvelles habitudes, l\u2019institution a publi\u00e9 <a href=\"https:\/\/www.grandsitedefrance.com\/images\/stories\/nos-themes\/rgsf_guide_dinspiration_complet.pdf\" rel=\"nofollow noopener\" target=\"_blank\" class=\"color-ultramarine c-link\">un guide \u00e0 destination des influenceurs.<\/a> L\u2019objectif\u00a0: guider les cr\u00e9ateurs de contenus, avec des exemples concrets de photos ou de vid\u00e9os, vers une d\u00e9marche plus durable. Et comme nous sommes tous un peu influenceurs, voici quelques conseils pour immortaliser ses vacances et les poster sur <a href=\"https:\/\/www.20minutes.fr\/high-tech\/instagram\/\" class=\"color-ultramarine c-link\" target=\"_blank\" rel=\"noopener\">Instagram<\/a> sans encourager les pires comportements.<\/p>\n<p>Rester naturel<img decoding=\"async\" alt=\"Etretat comme vous ne le verrez jamais \u00e0 l'oeil nu VS Etretat, les pieds dans l'eau avec des vacanciers.\" class=\"c-img\" loading=\"lazy\" fetchpriority=\"auto\" width=\"718\"  src=\"https:\/\/img.20mn.fr\/Rwed5FkZSV20lHF_FwU8_yk\/718x0\" \/>Etretat comme vous ne le verrez jamais \u00e0 l&rsquo;oeil nu VS Etretat, les pieds dans l&rsquo;eau avec des vacanciers.\u2002-\u00a0Pixabay<\/p>\n<p>\u00ab\u00a0Il faut valoriser le paysage tel qu\u2019il est, avec ses couleurs naturelles et non pas des teintes retouch\u00e9es, tr\u00e8s satur\u00e9es\u00a0\u00bb, pose Marie Le Scour.<\/p>\n<p>Des couleurs trop transform\u00e9es donnent une image trompeuse par rapport \u00e0 la r\u00e9alit\u00e9. Avec un risque de d\u00e9ception pour le voyageur. \u00ab\u00a0Il faut que ce soit coh\u00e9rent avec la r\u00e9alit\u00e9, que l\u2019habitant puisse se reconna\u00eetre, c\u2019est notamment ce qui permet l\u2019acceptabilit\u00e9 du tourisme pour les habitants\u00a0\u00bb, indique-t-elle.<\/p>\n<p>Il y a de la vie\u00a0? Parfait<img decoding=\"async\" alt=\"Une petite fille court dans des champs de lavande fluorescentes, seule au monde VS un agriculteur coupe \u00e0 la main les fleurs, \u00e0 l'occasion du Festival de la lavande. \" class=\"c-img\" loading=\"lazy\" fetchpriority=\"auto\" width=\"718\"  src=\"https:\/\/img.20mn.fr\/yApFsx0SQ8qoBY5GsQQLEik\/718x0\" \/>Une petite fille court dans des champs de lavande fluorescentes, seule au monde VS un agriculteur coupe \u00e0 la main les fleurs, \u00e0 l&rsquo;occasion du Festival de la lavande. \u2002-\u00a0StillbySuki\/Pixabay (D), LOUAI BARAKAT\/SIPA (G)<\/p>\n<p>Les photos cadr\u00e9es \u00ab\u00a0carte postale\u00a0\u00bb, comme si le touriste \u00e9tait seul au monde alors que le lieu est bond\u00e9, sont \u00e0 \u00e9viter. Au contraire, des photos \u00ab\u00a0grand angle\u00a0\u00bb permettent d\u2019appr\u00e9cier un paysage, mais aussi de comprendre comment il est form\u00e9\u2026 et m\u00eame de voir de la vie l\u2019habiter. \u00ab\u00a0L\u2019enjeu, c\u2019est de r\u00e9ancrer la photographie dans son territoire\u00a0: favoriser la rencontre avec ceux qui vivent et travaillent sur place\u00a0\u00bb, appuie Marie Le Scour.<\/p>\n<p>Dans les champs de lavande par exemple, il est facile d\u2019oublier que ce sont des exploitations agricoles et non un fond vert utilis\u00e9 pour des demandes en mariage ou des shootings photo. \u00ab\u00a0Certaines photographies d\u00e9connectent le territoire de son usage premier. On ne sait m\u00eame plus o\u00f9 on est\u00a0\u00bb, pointe la charg\u00e9e de communication. Et d\u2019ajouter, en riant\u00a0: \u00ab\u00a0C\u2019est OK de montrer un tracteur\u00a0\u00bb.<\/p>\n<p>Prendre des photographies en immersion<img decoding=\"async\" alt=\"Les gorges du Verdon vues du ciel VS les gorges du Verdon vues de la rivi\u00e8re lors d'une activit\u00e9 cano\u00eb. \" class=\"c-img\" loading=\"lazy\" fetchpriority=\"auto\" width=\"718\"  src=\"https:\/\/img.20mn.fr\/d-cymrAZRq25y-TyvArQxik\/718x0\" \/>Les gorges du Verdon vues du ciel VS les gorges du Verdon vues de la rivi\u00e8re lors d&rsquo;une activit\u00e9 cano\u00eb. \u2002-\u00a0Pixabay (G) Daniel Cole\/AP\/SIPA (D)<\/p>\n<p>Petit combo pour ce clich\u00e9 des Gorges du Verdon, entre les Alpes-de-Haute-Provence et le Var\u00a0: une photo vue de haut, o\u00f9 la rivi\u00e8re est vide de plaisanciers et o\u00f9 l\u2019eau est tr\u00e8s bleue. \u00ab\u00a0Il vaut mieux favoriser les photos en immersion, prises \u00e0 hauteur d\u2019homme\u00a0: \u00e0 bord d\u2019un cano\u00e9 par exemple\u00a0\u00bb, explique Marie Le Scour. Quitte \u00e0 aussi mettre en avant d\u2019autres saisons que l\u2019\u00e9t\u00e9 et son soleil.<\/p>\n<p>\u00ab\u00a0Les vues de drones, \u00e7a va rendre la visite d\u00e9ceptive parce que \u00e7a ne refl\u00e8te pas ce que le visiteur voit r\u00e9ellement\u00a0\u00bb, abonde-t-elle. Parfois, sur certains sites, la vue a\u00e9rienne peut m\u00eame favoriser \u00ab\u00a0une d\u00e9connexion de la r\u00e9alit\u00e9\u00a0\u00bb, comme si le paysage \u00e9tait un tableau plut\u00f4t qu\u2019un lieu de vie.<\/p>\n<p>\u00ab\u00a0On ressent mieux le pied pos\u00e9 au sol\u00a0\u00bb, r\u00e9sume la charg\u00e9e de communication. Les photos macros mettant en avant le d\u00e9tail d\u2019un b\u00e2timent, la flore ou encore les galets d\u2019une plage permettent \u00e9galement de capturer des souvenirs d\u2019une fa\u00e7on plus sensible.<\/p>\n<p>G\u00e9olocaliser, ce n\u2019est pas oblig\u00e9<\/p>\n<p>Une photo, une localisation, et voici qu\u2019un petit coin de paradis, connu de quelques habitu\u00e9s, devient une attraction mondiale. Des faux \u00ab\u00a0lieux secrets\u00a0\u00bb qui circulent sur les r\u00e9seaux sociaux jusqu\u2019\u00e0 saturation.<\/p>\n<p>\u00ab\u00a0Une g\u00e9olocalisation peut avoir un effet tr\u00e8s fort dans un lieu qui n\u2019est pas pr\u00e9par\u00e9 \u00e0 recevoir d\u2019un seul coup beaucoup de monde, insiste Marie Le Scour. Au lieu d\u2019un point pr\u00e9cis, on peut localiser plus large, \u00e0 l\u2019\u00e9chelle d\u2019un territoire, par exemple\u00a0\u00bb.<\/p>\n<p>L\u2019ONG de protection WWF propose par exemple un moyen de contrer cette tendance avec la localisation \u00ab\u00a0I Protect Nature\u00a0\u00bb, qui permet de cr\u00e9er un lieu fictif sur Instagram, tout en mettant en avant des paysages naturels et pr\u00e9serv\u00e9s.<\/p>\n<p>Respecter les r\u00e8gles pour prendre sa photo<img decoding=\"async\" alt=\"Une photo au bord de la falaise, \u00e0 Etretat. \" class=\"c-img\" loading=\"lazy\" fetchpriority=\"auto\" width=\"718\"  src=\"https:\/\/img.20mn.fr\/CsVU99hlRQ2hVk2FWx2xPik\/718x0\" \/>Une photo au bord de la falaise, \u00e0 Etretat. \u2002-\u00a0Sarinka_\/Pixabay<\/p>\n<p>Le jeu en vaut-il la chandelle\u00a0? En\u00a02022, trois touristes <a href=\"https:\/\/www.20minutes.fr\/faits_divers\/4003583-20221004-seine-maritime-touriste-indienne-decede-apres-chute-etretat\" class=\"color-ultramarine c-link\" target=\"_blank\" rel=\"noopener\">sont mortes apr\u00e8s avoir chut\u00e9 des falaises d\u2019Etretat<\/a> en prenant un selfie ou une photographie. \u00ab\u00a0La photo que tout le monde fait peut avoir de lourdes cons\u00e9quences\u00a0\u00bb, alerte Marie Le Scour, qui appelle \u00e0 \u00ab\u00a0rester dans les sentiers et les pistes balis\u00e9es\u00a0\u00bb.<\/p>\n<p><a href=\"https:\/\/www.20minutes.fr\/dossier\/tourisme\" class=\"c-link c-btn c-btn--primary\" target=\"_blank\" rel=\"noopener\">Retrouvez ici tous nos articles sur le tourisme<\/a><\/p>\n<p>Idem pour le stationnement des vans ou les bivouacs\u00a0sauvages\u00a0: il faut v\u00e9rifier, avant de s\u2019installer et de poster ses photographies de vacances, si les r\u00e8gles du lieu sont respect\u00e9es.<\/p>\n<p>Mettre en avant une balade en v\u00e9lo plut\u00f4t qu\u2019en quad, un march\u00e9 de producteurs locaux plut\u00f4t qu\u2019un fast-food, ou encore utiliser la l\u00e9gende de ses photographies pour contextualiser le paysage sont aussi des bons r\u00e9flexes conseill\u00e9s par le guide.<\/p>\n<p>\u00ab\u00a0Aujourd\u2019hui, malgr\u00e9 un effet de mim\u00e9tisme, on sent de plus en plus de voyageurs soucieux de l\u2019environnement et qui cherchent la transparence sur les contenus propos\u00e9s sur les r\u00e9seaux sociaux\u00a0\u00bb, se r\u00e9jouit n\u00e9anmoins la charg\u00e9e de communication du R\u00e9seau des Grands sites de France.<\/p>\n","protected":false},"excerpt":{"rendered":"Des poses au milieu des champs de fleurs aux pique-niques dans les criques d\u00e9sertes du sud de la&hellip;\n","protected":false},"author":2,"featured_media":295173,"comment_status":"","ping_status":"","sticky":false,"template":"","format":"standard","meta":{"footnotes":""},"categories":[1358],"tags":[47,1348,1384,1385,1386,58,59,1011,27,2438,2440,938,104,602,2453,3176],"class_list":{"0":"post-295172","1":"post","2":"type-post","3":"status-publish","4":"format-standard","5":"has-post-thumbnail","7":"category-arts-et-design","8":"tag-actualite","9":"tag-arts","10":"tag-arts-and-design","11":"tag-arts-et-design","12":"tag-design","13":"tag-divertissement","14":"tag-entertainment","15":"tag-fr","16":"tag-france","17":"tag-influenceur","18":"tag-instagram","19":"tag-reseaux-sociaux","20":"tag-societe","21":"tag-tourisme","22":"tag-vacances-dete","23":"tag-vacances-scolaires"},"share_on_mastodon":{"url":"https:\/\/pubeurope.com\/@fr\/114969186433609061","error":""},"_links":{"self":[{"href":"https:\/\/www.europesays.com\/fr\/wp-json\/wp\/v2\/posts\/295172","targetHints":{"allow":["GET"]}}],"collection":[{"href":"https:\/\/www.europesays.com\/fr\/wp-json\/wp\/v2\/posts"}],"about":[{"href":"https:\/\/www.europesays.com\/fr\/wp-json\/wp\/v2\/types\/post"}],"author":[{"embeddable":true,"href":"https:\/\/www.europesays.com\/fr\/wp-json\/wp\/v2\/users\/2"}],"replies":[{"embeddable":true,"href":"https:\/\/www.europesays.com\/fr\/wp-json\/wp\/v2\/comments?post=295172"}],"version-history":[{"count":0,"href":"https:\/\/www.europesays.com\/fr\/wp-json\/wp\/v2\/posts\/295172\/revisions"}],"wp:featuredmedia":[{"embeddable":true,"href":"https:\/\/www.europesays.com\/fr\/wp-json\/wp\/v2\/media\/295173"}],"wp:attachment":[{"href":"https:\/\/www.europesays.com\/fr\/wp-json\/wp\/v2\/media?parent=295172"}],"wp:term":[{"taxonomy":"category","embeddable":true,"href":"https:\/\/www.europesays.com\/fr\/wp-json\/wp\/v2\/categories?post=295172"},{"taxonomy":"post_tag","embeddable":true,"href":"https:\/\/www.europesays.com\/fr\/wp-json\/wp\/v2\/tags?post=295172"}],"curies":[{"name":"wp","href":"https:\/\/api.w.org\/{rel}","templated":true}]}}