{"id":295174,"date":"2025-08-04T06:55:11","date_gmt":"2025-08-04T06:55:11","guid":{"rendered":"https:\/\/www.europesays.com\/fr\/295174\/"},"modified":"2025-08-04T06:55:11","modified_gmt":"2025-08-04T06:55:11","slug":"ecrivain-joueur-jean-charles-batllo-seme-en-occitanie-des-cahiers-ouverts-a-toutes-les-vies","status":"publish","type":"post","link":"https:\/\/www.europesays.com\/fr\/295174\/","title":{"rendered":"\u00c9crivain-joueur, Jean-Charles Batllo s\u00e8me en Occitanie des cahiers ouverts \u00e0 toutes les vies"},"content":{"rendered":"<p>\n                                                                    l&rsquo;essentiel<br \/>\n                                                                \u00c9crivain et cr\u00e9ateur d\u2019exp\u00e9riences ludiques, Jean-Charles Batllo m\u00eale jeu, litt\u00e9rature et lien social dans des projets accessibles \u00e0 tous. Apr\u00e8s deux livres publi\u00e9s, il lance Le livre voyageur, un cahier collaboratif d\u00e9pos\u00e9 dans des lieux publics, o\u00f9 chacun peut laisser un mot, un po\u00e8me ou un souvenir. Une invitation \u00e0 \u00e9crire ensemble une m\u00e9moire sensible de notre \u00e9poque.\n                            <\/p>\n<p>Jean-Charles Batllo est un \u00e9crivain aux multiples facettes, anim\u00e9 par deux passions fondamentales\u00a0: le jeu et le lien humain. Apr\u00e8s avoir publi\u00e9 deux ouvrages \u2014 un r\u00e9cit collectif sur les marcheurs du p\u00e8lerinage de Compostelle, et une r\u00e9flexion tendre et ironique sur le passage \u00e0 l\u2019\u00e2ge adulte \u2014 il s\u2019est tourn\u00e9 vers des projets litt\u00e9raires interactifs, vivants et ouverts \u00e0 tous.<\/p>\n<p>\u00c0 travers ses sites internet, comme Les Amoureux d\u2019Ari\u00e8ge et Mes nouvelles \u00e9nigmes, Jean-Charles propose des parcours d\u2019\u00e9nigmes, des chasses au tr\u00e9sor et des jeux de piste litt\u00e9raires gratuits, qui invitent les participants \u00e0 se perdre pour mieux se rencontrer, dans une ambiance \u00e0 la fois ludique et po\u00e9tique.<\/p>\n<p>Un cahier collaboratif pour capturer l\u2019instant pr\u00e9sent<\/p>\n<p>Son dernier projet, Le livre voyageur, prolonge cette d\u00e9marche d\u2019ouverture et de partage. Il s\u2019agit d\u2019un cahier itin\u00e9rant, d\u00e9pos\u00e9 dans des lieux publics \u2014 notamment dans des bo\u00eetes \u00e0 livres ou des caf\u00e9s \u2014 o\u00f9 chacun est invit\u00e9 \u00e0 y \u00e9crire une pens\u00e9e, un souvenir, un po\u00e8me ou un simple moment de vie. L\u2019objectif\u00a0? Constituer une m\u00e9moire collective sensible et spontan\u00e9e de notre \u00e9poque, \u00e0 travers les mots de celles et ceux qui croisent son chemin.<\/p>\n<p>\u00ab\u00a0Beaucoup de gens utilisent les bo\u00eetes \u00e0 livres et ont des \u00e9motions \u00e0 exprimer. J\u2019ai eu envie de tester cette id\u00e9e collaborative, de voir ce que les gens choisiraient de partager\u00a0\u00bb, confie Jean-Charles. Une page Facebook, \u00e9galement intitul\u00e9e Le livre voyageur, permet \u00e0 celles et ceux qui le souhaitent de publier leur texte ou de suivre les p\u00e9riples du carnet.<\/p>\n<p>Des exemplaires du Livre voyageur ont d\u00e9j\u00e0 \u00e9t\u00e9 diss\u00e9min\u00e9s un peu partout en Occitanie, notamment \u00e0 Toulouse, Pamiers et Mirepoix. Dans cette derni\u00e8re, c\u2019est \u00e0 L\u2019Alibi, la bouquinerie-caf\u00e9 chaleureuse de Fabienne, rue Porte d\u2019Amont, que l\u2019on peut feuilleter ce curieux carnet ou y laisser sa trace.<\/p>\n<p>Alors si vous croisez l\u2019un de ces carnets, ne soyez pas timide\u00a0: ouvrez-le, lisez, \u00e9crivez\u2026 Et contribuez \u00e0 cette \u0153uvre collective en perp\u00e9tuel mouvement. Jean-Charles Batllo, lui, continue de collecter ces fragments de vie, avec l\u2019enthousiasme discret de ceux qui croient encore aux vertus du papier, du hasard et de la rencontre.<\/p>\n","protected":false},"excerpt":{"rendered":"l&rsquo;essentiel \u00c9crivain et cr\u00e9ateur d\u2019exp\u00e9riences ludiques, Jean-Charles Batllo m\u00eale jeu, litt\u00e9rature et lien social dans des projets accessibles&hellip;\n","protected":false},"author":2,"featured_media":295175,"comment_status":"","ping_status":"","sticky":false,"template":"","format":"standard","meta":{"footnotes":""},"categories":[1357],"tags":[1379,58,59,1011,27,1380],"class_list":{"0":"post-295174","1":"post","2":"type-post","3":"status-publish","4":"format-standard","5":"has-post-thumbnail","7":"category-livres","8":"tag-books","9":"tag-divertissement","10":"tag-entertainment","11":"tag-fr","12":"tag-france","13":"tag-livres"},"share_on_mastodon":{"url":"https:\/\/pubeurope.com\/@fr\/114969190397278331","error":""},"_links":{"self":[{"href":"https:\/\/www.europesays.com\/fr\/wp-json\/wp\/v2\/posts\/295174","targetHints":{"allow":["GET"]}}],"collection":[{"href":"https:\/\/www.europesays.com\/fr\/wp-json\/wp\/v2\/posts"}],"about":[{"href":"https:\/\/www.europesays.com\/fr\/wp-json\/wp\/v2\/types\/post"}],"author":[{"embeddable":true,"href":"https:\/\/www.europesays.com\/fr\/wp-json\/wp\/v2\/users\/2"}],"replies":[{"embeddable":true,"href":"https:\/\/www.europesays.com\/fr\/wp-json\/wp\/v2\/comments?post=295174"}],"version-history":[{"count":0,"href":"https:\/\/www.europesays.com\/fr\/wp-json\/wp\/v2\/posts\/295174\/revisions"}],"wp:featuredmedia":[{"embeddable":true,"href":"https:\/\/www.europesays.com\/fr\/wp-json\/wp\/v2\/media\/295175"}],"wp:attachment":[{"href":"https:\/\/www.europesays.com\/fr\/wp-json\/wp\/v2\/media?parent=295174"}],"wp:term":[{"taxonomy":"category","embeddable":true,"href":"https:\/\/www.europesays.com\/fr\/wp-json\/wp\/v2\/categories?post=295174"},{"taxonomy":"post_tag","embeddable":true,"href":"https:\/\/www.europesays.com\/fr\/wp-json\/wp\/v2\/tags?post=295174"}],"curies":[{"name":"wp","href":"https:\/\/api.w.org\/{rel}","templated":true}]}}