{"id":295176,"date":"2025-08-04T06:56:11","date_gmt":"2025-08-04T06:56:11","guid":{"rendered":"https:\/\/www.europesays.com\/fr\/295176\/"},"modified":"2025-08-04T06:56:11","modified_gmt":"2025-08-04T06:56:11","slug":"une-semaine-une-serie-cette-serie-a-mater-si-on-ne-part-pas-en","status":"publish","type":"post","link":"https:\/\/www.europesays.com\/fr\/295176\/","title":{"rendered":"UNE SEMAINE, UNE S\u00c9RIE. Cette s\u00e9rie \u00e0 mater si on ne part pas en &#8230;"},"content":{"rendered":"<p>EN BREF<\/p>\n<ul class=\"bloc_resume_post_list\">\n<li>L\u00a0\u00bb\u00e9t\u00e9 ne rime pas forc\u00e9ment avec vacances pour tout le<br \/>\nmonde et certains passent les mois de juillet et ao\u00fbt chez<br \/>\neux.<\/li>\n<li>T\u00e9l\u00e9 Star vous propose une s\u00e9rie pour voyager depuis<br \/>\nvotre canap\u00e9 et \u00eatre d\u00e9pays\u00e9 \u00e0 moindre co\u00fbt&#8230;<\/li>\n<li>M\u00e9lange de thriller et de com\u00e9die, cette s\u00e9rie a tout<br \/>\npour plaire.<\/li>\n<\/ul>\n<p>Le<br \/>\nmois de juillet est termin\u00e9 et les vacances continuent pour les<br \/>\nplus chanceuses et chanceux. Mais l\u2019\u00e9t\u00e9 ne rime pas toujours avec<br \/>\nvacances et certaines personnes restent bel et bien chez elles<br \/>\npendant les mois de juillet et d\u2019ao\u00fbt. T\u00e9l\u00e9 Star continue donc de<br \/>\nvous proposer des recommandations <a href=\"https:\/\/www.telestar.fr\/serie_tv\/une-semaine-une-serie-cette-serie-incroyable-a-faire-regarder-a-ses-ados-pendant-lete-1731634\" target=\"_blank\" rel=\"noopener\"><br \/>\ns\u00e9ries<\/a> adapt\u00e9es \u00e0 plusieurs situations, et <strong>aujourd\u2019hui<br \/>\nc\u2019est aux non-vacanciers qu\u2019on s\u2019adresse<\/strong>. M\u00eame depuis son<br \/>\ncanap\u00e9, il est possible d\u2019oublier un peu le quotidien et les<br \/>\njourn\u00e9es au travail gr\u00e2ce \u00e0 une s\u00e9rie.<\/p>\n<p>Apr\u00e8s tout, elles sont l\u00e0 avant tout pour nous divertir, et on a<br \/>\npile ce qu\u2019il vous faut <strong>pour voyager \u00e0 moindre<br \/>\nco\u00fbt<\/strong>. Il suffit de vous plonger dans l\u2019univers de The<br \/>\nWhite Lotus, diffus\u00e9e sur <a href=\"https:\/\/www.hbomax.com\/fr\/fr\" rel=\"nofollow noopener\" target=\"_blank\">HBO Max<\/a> et dont<br \/>\nla troisi\u00e8me saison s\u2019est termin\u00e9e en avril dernier. Cette s\u00e9rie<br \/>\ncr\u00e9\u00e9e par Mike White est une anthologie, ce qui signifie que chaque<br \/>\nsaison est ind\u00e9pendante et peut donc \u00eatre regard\u00e9e n\u2019importe<br \/>\nquand.<br \/>\nThe White Lotus fait voyager depuis<br \/>\nson canap\u00e9<br \/>\nA<br \/>\nnoter qu\u2019un l\u00e9ger fil rouge existe tout de m\u00eame puisque <strong>les<br \/>\npersonnages partent chaque fois en vacances dans le complexe<br \/>\nh\u00f4telier du White Lotus<\/strong>. Et chaque fois, leurs vacances de<br \/>\nr\u00eave se transforment en cauchemar pour diff\u00e9rentes raisons toutes<br \/>\nplus passionnantes les unes que les autres. M\u00e9lange de drame et de<br \/>\ncom\u00e9die, <a href=\"https:\/\/www.telestar.fr\/serie-tv\/the-white-lotus-ocs-y-aura-t-il-une-saison-3-807281\" target=\"_blank\" rel=\"noopener\"><br \/>\nThe White Lotus<\/a> pr\u00e9sente lors de chaque saison des personnages<br \/>\nhauts en couleur jou\u00e9s par un casting remarquable, dont trois<br \/>\nreviennent d\u2019une saison \u00e0 l\u2019autre.<\/p>\n<p>\nQue ce soit <strong>\u00e0 Hawa\u00ef dans la saison 1, en Sicile dans la<br \/>\nsaison 2 ou en Tha\u00eflande dans la saison 3<\/strong>, le d\u00e9paysement<br \/>\net les retournements de situation sont toujours au rendez-vous. Au<br \/>\nmilieu de d\u00e9cors paradisiaques et depuis le confort d\u2019un h\u00f4tel de<br \/>\nluxe, les personnages vivent des situations tant\u00f4t dangereuses<br \/>\ntant\u00f4t absurdes. De quoi bien s\u2019occuper le cerveau, avec une<br \/>\nr\u00e9alisation soign\u00e9e et une bande-son aux accents exotiques.<\/p>\n<p><img decoding=\"async\" src=\"https:\/\/www.europesays.com\/fr\/wp-content\/uploads\/2025\/08\/1754290571_241_hqdefault.jpg\" width=\"100%\" height=\"auto\"\/><\/p>\n<p>Les reco s\u00e9ries<br \/>\ncontinuent<\/p>\n<p>The White Lotus est donc parfaite pour donner l\u2019impression<br \/>\nde voyager tout en \u00e9tant heureux de ne pas \u00eatre \u00e0 la place des<br \/>\npersonnages. Et si jamais vous \u00eates en qu\u00eate d\u2019inspiration pour<br \/>\nd\u2019autres s\u00e9ries, T\u00e9l\u00e9 Star vous propose aussi une s\u00e9rie \u00e0 mater<br \/>\n<a href=\"https:\/\/www.telestar.fr\/serie_tv\/une-semaine-une-serie-cette-serie-a-regarder-absolument-quand-il-pleut-pendant-les-vacances-1727843\" rel=\"noopener\" target=\"_blank\">quand il pleut<\/a>, qu\u2019il fait <a href=\"https:\/\/www.telestar.fr\/serie_tv\/une-semaine-une-serie-cette-serie-a-regarder-absolument-quand-il-creve-de-chaud-1728397\" rel=\"noopener\" target=\"_blank\">trop chaud<\/a>, ou quand un <a href=\"https:\/\/www.telestar.fr\/serie_tv\/une-semaine-une-serie-cette-serie-parfaite-pour-les-longs-vols-en-avion-1729639\" target=\"_blank\" rel=\"noopener\"><br \/>\nlong trajet en avion<\/a> est pr\u00e9vu.<\/p>\n","protected":false},"excerpt":{"rendered":"EN BREF L\u00a0\u00bb\u00e9t\u00e9 ne rime pas forc\u00e9ment avec vacances pour tout le monde et certains passent les mois&hellip;\n","protected":false},"author":2,"featured_media":295177,"comment_status":"","ping_status":"","sticky":false,"template":"","format":"standard","meta":{"footnotes":""},"categories":[1356],"tags":[548,58,59,1011,27,595,252,1364,729],"class_list":{"0":"post-295176","1":"post","2":"type-post","3":"status-publish","4":"format-standard","5":"has-post-thumbnail","7":"category-television","8":"tag-article-simple","9":"tag-divertissement","10":"tag-entertainment","11":"tag-fr","12":"tag-france","13":"tag-serie-tv","14":"tag-television","15":"tag-tv","16":"tag-yout_video"},"share_on_mastodon":{"url":"https:\/\/pubeurope.com\/@fr\/114969194289426869","error":""},"_links":{"self":[{"href":"https:\/\/www.europesays.com\/fr\/wp-json\/wp\/v2\/posts\/295176","targetHints":{"allow":["GET"]}}],"collection":[{"href":"https:\/\/www.europesays.com\/fr\/wp-json\/wp\/v2\/posts"}],"about":[{"href":"https:\/\/www.europesays.com\/fr\/wp-json\/wp\/v2\/types\/post"}],"author":[{"embeddable":true,"href":"https:\/\/www.europesays.com\/fr\/wp-json\/wp\/v2\/users\/2"}],"replies":[{"embeddable":true,"href":"https:\/\/www.europesays.com\/fr\/wp-json\/wp\/v2\/comments?post=295176"}],"version-history":[{"count":0,"href":"https:\/\/www.europesays.com\/fr\/wp-json\/wp\/v2\/posts\/295176\/revisions"}],"wp:featuredmedia":[{"embeddable":true,"href":"https:\/\/www.europesays.com\/fr\/wp-json\/wp\/v2\/media\/295177"}],"wp:attachment":[{"href":"https:\/\/www.europesays.com\/fr\/wp-json\/wp\/v2\/media?parent=295176"}],"wp:term":[{"taxonomy":"category","embeddable":true,"href":"https:\/\/www.europesays.com\/fr\/wp-json\/wp\/v2\/categories?post=295176"},{"taxonomy":"post_tag","embeddable":true,"href":"https:\/\/www.europesays.com\/fr\/wp-json\/wp\/v2\/tags?post=295176"}],"curies":[{"name":"wp","href":"https:\/\/api.w.org\/{rel}","templated":true}]}}