{"id":295194,"date":"2025-08-04T07:06:10","date_gmt":"2025-08-04T07:06:10","guid":{"rendered":"https:\/\/www.europesays.com\/fr\/295194\/"},"modified":"2025-08-04T07:06:10","modified_gmt":"2025-08-04T07:06:10","slug":"les-geants-ferrand-prevot-et-marchand-sale-temps-pour-red-bull-messi-touche-en-images-nos-tops-et-flops-du-week-end-sport-le-figaro","status":"publish","type":"post","link":"https:\/\/www.europesays.com\/fr\/295194\/","title":{"rendered":"Les g\u00e9ants Ferrand-Pr\u00e9vot et Marchand, sale temps pour Red Bull, Messi touch\u00e9\u2026 En images, nos tops et flops du week-end sport &#8211; Le Figaro"},"content":{"rendered":"<ol>\n<li><a href=\"https:\/\/news.google.com\/rss\/articles\/CBMihgJBVV95cUxQLVVvTjR1ODZhV292YVdxdDlhRTcxanBxSFpQZ25PbVdXQjhuWUNrOGhNUXBvT3BicVdXanZDVkFFZEZ6Uk41X280M3Nlck5hYllQMncyOGxrUV9mV3FXaXBzcEFrM2lRWXc1VjJyY256WHFpaXlNY1ZDaDAxc3pwUXoyYVM2ajVZVzNhZHdlRjhldXRDTHNZMjBuSGRFUm1Qc0JXQmNXb2NtdUhpQV85Y0lqanZIVmlpNGk5VHNFakNHWTVDbjhZb0FvQ1B3WHRncFBWQ3M3eXRQZktlMllhYU81U3hIemFsbGxLY015SlZ6bjBmLUFqU2Z2LWdxaEUxNVR0X0RR?oc=5\" target=\"_blank\" rel=\"noopener\">Les g\u00e9ants Ferrand-Pr\u00e9vot et Marchand, sale temps pour Red Bull, Messi touch\u00e9\u2026 En images, nos tops et flops du week-end sport<\/a>&nbsp;&nbsp;Le Figaro<\/li>\n<li><a href=\"https:\/\/news.google.com\/rss\/articles\/CBMi_gFBVV95cUxQQ0w0WU1rVGs4TnhuU2k2NWxDeGVxMHZYbjd1Rm9MdXg3SXduc2VjTHpLSEl2Q2VVNGt0bUZQRHRES1k3V0JjMlQ1bTdhU2YzUFp3TVBkMTVvNXJIUXc1ampGMFhFUzQwVnFfdzJVZjRTamJiT3NUVHZxbEZmb2hIZEpvN2hPZEtrRXpQeWF1R3VXR2ZiYk1nVEV0bXh0bUJVYmNQLTZWcHMwaW5NQkxybEFRZnl5WUk1cXQ5bVZGUjFXOER0VWVtX0FUU2ZEZmtaX09Zajl0SEhPTU1ydHhNU0lNcmtacnRqeG04U3I5TzQ4Y3g1QUp1X3RuUm9lUQ?oc=5\" target=\"_blank\" rel=\"noopener\">Le pari gagn\u00e9 de Pauline Ferrand-Pr\u00e9vot, vainqueure du Tour de France un an apr\u00e8s son triomphe olympique<\/a>&nbsp;&nbsp;Le Monde.fr<\/li>\n<li><a href=\"https:\/\/news.google.com\/rss\/articles\/CBMisgJBVV95cUxPUlRYRHRrVnhBMFh2MFgwZkhvSWhPMFNwN3haUEZEMUJYY29sSlc5MXV0ZGZEZjN0ckF6TzY5clNISlFoeHBBN2pjbjUyb2prcVFTTk1DbUhaTG1uUk1lMDRGOVRmREhCZ2hobGgxd3h1NHpSWHhURmNyTktpRk83N2JOeFM3ZWtrVzd0UlBGdjh0a05YNE1JeXlQbWxBZ2RXOFVrMks4QlRyUTN0bWlTUVhYd2h4QUE2TFBGVDNvMTkxVmpmZWIxYzBPYjNWV0M2cnA2QU5WN1F2TkVHWDZfR2JTTVEyb2dCYzhOdnU4bHZJangtNHFxUExKU2NWZWpsQ0d4ZTdQQ21LNWpaUHBublJTMmRCY09lcjhENHhVa1VjMGljQjZpbUkzczZqT05PcEE?oc=5\" target=\"_blank\" rel=\"noopener\">\u00ab\u00a0Les yeux \u00e9taient humides, c&rsquo;est tellement beau\u00a0\u00bb : \u00e0 Ch\u00e2tel, le public aux anges apr\u00e8s la victoire de Pauline Ferrand-Pr\u00e9v\u00f4t sur le Tour de France femmes<\/a>&nbsp;&nbsp;France Info<\/li>\n<li><a href=\"https:\/\/news.google.com\/rss\/articles\/CBMiqgJBVV95cUxOUXowNG1QamsyLVQ4eWdIOTA1MHRYY2Q4RWdnQ1RPQXhrekZPY2JUZFc3cWVIeUZHTHl3UEdvZjhaNy1tLVhQcjNhYklKZEZzaXJmMzgxYXROd19COFJfeE85RkVSWVgyeEZabE14ckZPc1dlM0hsZy1SS2FtS1ZTZ1JpcmdfWHJPQnpjZF9jMnVza3NORVlHblY1NzZHaGNrWnZSblVnWG5NcVRuN3d2WWZaMFFZOVRGQ09lVDhQTk1valFOV2ZFWllLUnJBS0dPMUp0VENNYnZrU0tkS3VmclpqVUpSX3VrQWdQTGJNWHo2SG9VY09hdGlzVmdfZFVFWllWZlVXRzNQZVVtdE1pYnVvSXBzUURfSW1HbWZ0dlkyTTB6SndubFh3?oc=5\" target=\"_blank\" rel=\"noopener\">Ferrand-Pr\u00e9v\u00f4t gagne gros pour Visma, Squiban r\u00e9compens\u00e9e pour ses \u00e9chapp\u00e9es : combien a gagn\u00e9 chaque coureuse sur le Tour de France femmes 2025 ?<\/a>&nbsp;&nbsp;L&rsquo;\u00c9quipe<\/li>\n<li><a href=\"https:\/\/news.google.com\/rss\/articles\/CBMitAJBVV95cUxNNVVfUkNZYVlmejF0SFc3dGdnVURfa3VBRDFvSWxHaDRzRTltcEFmTVBKSks4dUR5NFh6NG02MW1uSlRlZlZGc0pTUUJSNkF2azN5OXlXS3FjRWE3amhQNXhkMlJLWHN6TkVtS0hVYlV1V0RnWVJtQjZ1OFN0N1dZTHJBUE5MM1dyVDVBZ3Nvbkk4cWNWTm01aDUxM0pHRURuYnM3aTNlWTBqSC1mMUdMeG5ydXdFQWV0THhjSmpXUW4tY0M1TXFTRGNkWXlOLXRYZzFRaTRzRWNQc0pfSWtzUkFDblFXai01OHJ5bEJoVkxYblRZZGQyQVhFSGJlSngxM01mbFQ3aUhSM0xRSEJfcUpvcUNsa2pwaTRJQzJfUzlLblFaYlloOVFNb1ZvZVV0U2pEUg?oc=5\" target=\"_blank\" rel=\"noopener\">\u00ab\u00a0Laissez-moi du temps\u00a0\u00bb : Ferrand-Pr\u00e9vot, quelle suite ?<\/a>&nbsp;&nbsp;Eurosport<\/li>\n<\/ol>\n","protected":false},"excerpt":{"rendered":"Les g\u00e9ants Ferrand-Pr\u00e9vot et Marchand, sale temps pour Red Bull, Messi touch\u00e9\u2026 En images, nos tops et flops&hellip;\n","protected":false},"author":2,"featured_media":295195,"comment_status":"","ping_status":"","sticky":false,"template":"","format":"standard","meta":{"footnotes":""},"categories":[2],"tags":[11,1454,1011,27,13283,12,210],"class_list":{"0":"post-295194","1":"post","2":"type-post","3":"status-publish","4":"format-standard","5":"has-post-thumbnail","7":"category-actualites","8":"tag-actualites","9":"tag-formule-1","10":"tag-fr","11":"tag-france","12":"tag-leon-marchand","13":"tag-news","14":"tag-tour-de-france"},"share_on_mastodon":{"url":"https:\/\/pubeurope.com\/@fr\/114969233565527466","error":""},"_links":{"self":[{"href":"https:\/\/www.europesays.com\/fr\/wp-json\/wp\/v2\/posts\/295194","targetHints":{"allow":["GET"]}}],"collection":[{"href":"https:\/\/www.europesays.com\/fr\/wp-json\/wp\/v2\/posts"}],"about":[{"href":"https:\/\/www.europesays.com\/fr\/wp-json\/wp\/v2\/types\/post"}],"author":[{"embeddable":true,"href":"https:\/\/www.europesays.com\/fr\/wp-json\/wp\/v2\/users\/2"}],"replies":[{"embeddable":true,"href":"https:\/\/www.europesays.com\/fr\/wp-json\/wp\/v2\/comments?post=295194"}],"version-history":[{"count":0,"href":"https:\/\/www.europesays.com\/fr\/wp-json\/wp\/v2\/posts\/295194\/revisions"}],"wp:featuredmedia":[{"embeddable":true,"href":"https:\/\/www.europesays.com\/fr\/wp-json\/wp\/v2\/media\/295195"}],"wp:attachment":[{"href":"https:\/\/www.europesays.com\/fr\/wp-json\/wp\/v2\/media?parent=295194"}],"wp:term":[{"taxonomy":"category","embeddable":true,"href":"https:\/\/www.europesays.com\/fr\/wp-json\/wp\/v2\/categories?post=295194"},{"taxonomy":"post_tag","embeddable":true,"href":"https:\/\/www.europesays.com\/fr\/wp-json\/wp\/v2\/tags?post=295194"}],"curies":[{"name":"wp","href":"https:\/\/api.w.org\/{rel}","templated":true}]}}