{"id":295196,"date":"2025-08-04T07:07:17","date_gmt":"2025-08-04T07:07:17","guid":{"rendered":"https:\/\/www.europesays.com\/fr\/295196\/"},"modified":"2025-08-04T07:07:17","modified_gmt":"2025-08-04T07:07:17","slug":"le-role-du-maire-est-plus-complexe-aujourdhui","status":"publish","type":"post","link":"https:\/\/www.europesays.com\/fr\/295196\/","title":{"rendered":"\u00ab\u00a0Le r\u00f4le du maire est plus complexe aujourd\u2019hui\u00a0\u00bb"},"content":{"rendered":"<p>                            Les raisons de son engagement<\/p>\n<p>\u00ab\u00a0Mon p\u00e8re \u00e9tait militant syndical chez les mineurs, ce qui m\u2019a influenc\u00e9 et incit\u00e9 \u00e0 poursuivre cet engagement. J\u2019ai travaill\u00e9 aux Bennes Marrel pendant une quinzaine d\u2019ann\u00e9es, j\u2019\u00e9tais d\u00e9l\u00e9gu\u00e9 du personnel et investi au parti communiste. En 1971, le maire Fernand Montagnon qui voulait rajeunir sa liste et connaissait d\u00e9j\u00e0 mon engagement m\u2019a demand\u00e9 de l\u2019accompagner, je suis devenu conseiller municipal. <\/p>\n<p>En 1977, je suis devenu adjoint et, en 1983, premier adjoint. Fernand Montagnon voulait que je lui succ\u00e8de, donc je m\u2019y suis pr\u00e9par\u00e9 et en 1990, je suis devenu maire. Je n\u2019ai pas eu de freins, on \u00e9tait une famille de militants et c\u2019\u00e9tait une certaine fiert\u00e9 pour mon p\u00e8re que je devienne maire. J\u2019ai \u00e9t\u00e9 battu en 1995 par Georges Berne, puis r\u00e9\u00e9lu en 2001 jusqu\u2019en 2017. <\/p>\n<p>J\u2019ai aussi \u00e9t\u00e9 conseiller&#8230;<\/p>\n","protected":false},"excerpt":{"rendered":"Les raisons de son engagement \u00ab\u00a0Mon p\u00e8re \u00e9tait militant syndical chez les mineurs, ce qui m\u2019a influenc\u00e9 et&hellip;\n","protected":false},"author":2,"featured_media":295197,"comment_status":"","ping_status":"","sticky":false,"template":"","format":"standard","meta":{"footnotes":""},"categories":[9653],"tags":[1111,11,2430,7539,4188,1777,674,1011,27,11324,11325,12,316,25,4001],"class_list":{"0":"post-295196","1":"post","2":"type-post","3":"status-publish","4":"format-standard","5":"has-post-thumbnail","7":"category-saint-etienne","8":"tag-actu","9":"tag-actualites","10":"tag-auvergne-rhone-alpes","11":"tag-edition-loire-sud","12":"tag-elections-municipales","13":"tag-eu","14":"tag-europe","15":"tag-fr","16":"tag-france","17":"tag-la-ricamarie","18":"tag-la-ricamarie-ville","19":"tag-news","20":"tag-politique","21":"tag-republique-francaise","22":"tag-saint-etienne"},"share_on_mastodon":{"url":"https:\/\/pubeurope.com\/@fr\/114969237494663288","error":""},"_links":{"self":[{"href":"https:\/\/www.europesays.com\/fr\/wp-json\/wp\/v2\/posts\/295196","targetHints":{"allow":["GET"]}}],"collection":[{"href":"https:\/\/www.europesays.com\/fr\/wp-json\/wp\/v2\/posts"}],"about":[{"href":"https:\/\/www.europesays.com\/fr\/wp-json\/wp\/v2\/types\/post"}],"author":[{"embeddable":true,"href":"https:\/\/www.europesays.com\/fr\/wp-json\/wp\/v2\/users\/2"}],"replies":[{"embeddable":true,"href":"https:\/\/www.europesays.com\/fr\/wp-json\/wp\/v2\/comments?post=295196"}],"version-history":[{"count":0,"href":"https:\/\/www.europesays.com\/fr\/wp-json\/wp\/v2\/posts\/295196\/revisions"}],"wp:featuredmedia":[{"embeddable":true,"href":"https:\/\/www.europesays.com\/fr\/wp-json\/wp\/v2\/media\/295197"}],"wp:attachment":[{"href":"https:\/\/www.europesays.com\/fr\/wp-json\/wp\/v2\/media?parent=295196"}],"wp:term":[{"taxonomy":"category","embeddable":true,"href":"https:\/\/www.europesays.com\/fr\/wp-json\/wp\/v2\/categories?post=295196"},{"taxonomy":"post_tag","embeddable":true,"href":"https:\/\/www.europesays.com\/fr\/wp-json\/wp\/v2\/tags?post=295196"}],"curies":[{"name":"wp","href":"https:\/\/api.w.org\/{rel}","templated":true}]}}