{"id":295202,"date":"2025-08-04T07:12:10","date_gmt":"2025-08-04T07:12:10","guid":{"rendered":"https:\/\/www.europesays.com\/fr\/295202\/"},"modified":"2025-08-04T07:12:10","modified_gmt":"2025-08-04T07:12:10","slug":"le-stade-mayol-veut-taper-dans-loeil-des-supporters-du-rct-avec-un-show-lumineux","status":"publish","type":"post","link":"https:\/\/www.europesays.com\/fr\/295202\/","title":{"rendered":"Le stade Mayol veut taper dans l&rsquo;oeil des supporters du RCT avec un show lumineux"},"content":{"rendered":"<p>Le stade Mayol \u00e0 Toulon entend bien offrir aux spectateurs qui assisteront aux matchs du Rugby club toulonnais une exp\u00e9rience unique apr\u00e8s avoir investi cinq millions d&rsquo;euros dans un nouveau syst\u00e8me d&rsquo;\u00e9clairage et de sonorisation. Un v\u00e9ritable show attend les passionn\u00e9s du ballon ovale.<\/p>\n<p>\u00ab\u00a0Un indice, Bernard Lema\u00eetre\u00a0? Non, c&rsquo;est une surprise\u00a0\u00bb r\u00e9pond le pr\u00e9sident du Rugby Club Toulonnais \u00e0 \u00ab\u00a0Ici Provence\u00a0\u00bb. Impossible donc de savoir \u00e0 quoi va ressembler le \u00ab\u00a0<strong>show lumineux<\/strong>\u00a0\u00bb promis pour le premier match \u00e0 domicile du RCT, le 13 septembre. Mais une chose est certaine, avec les multiples projecteurs et la sonorisation mise en place ces derniers jours, les supporters toulonnais et les castrais devraient en prendre pleins les yeux, si les promesses sont tenues.<\/p>\n<p>Les travaux \u00e9taient n\u00e9cessaires pour r\u00e9pondre aux exigences de la ligue nationale de rugby et du diffuseur Canal +. Trois m\u00e2ts immenses supportant les projecteurs ont donc \u00e9t\u00e9 install\u00e9s, un quatri\u00e8me le sera dans les jours \u00e0 venir. Mais la municipalit\u00e9 est all\u00e9e plus loin en choisissant un projet qui promet des paillettes dans les yeux des amoureux du ballon ovale. \u00a0\u00bb Avec 54 projecteurs en couleur pour l&rsquo;ambiance, pendant le match, avant le match, \u00e0 la mi-temps et \u00e0 la fin de la rencontre, on va repr\u00e9senter diff\u00e9rents shows. Avant on avait des projecteurs qui mettaient six \u00e0 huit minutes pour \u00e9clairer \u00e0 100%. Aujourd&rsquo;hui avec l&rsquo;\u00e9clairage led, c&rsquo;est un \u00e9clairage dynamique qui r\u00e9pond au milli\u00e8me de seconde. Donc on peut vraiment faire des animations comme on voit sur sc\u00e8ne avec un artiste. Sauf que l\u00e0, on sera sur un stade de rugby avec un joueur. Les spectateurs pourront vivre des \u00e9motions qui seront d\u00e9cupl\u00e9s gr\u00e2ce \u00e0 un bon son \u00e9galement\u00a0\u00bb promet Emmanuel B\u00e9nech, le concepteur lumi\u00e8re du projet.<\/p>\n<p>Il y aura du rouge, vert, bleu blanc, \u00ab\u00a0cela fait 20 millions de couleurs possibles\u00a0\u00bb pr\u00e9cise Emmanuel B\u00e9nech. Pas simple n\u00e9anmoins d&rsquo;installer ces <strong>54 projecteurs sous les deux toitures<\/strong> car ce sont \u00e0 chaque fois quatre tonnes suppl\u00e9mentaires sur une structure qui n&rsquo;\u00e9tait pas adapt\u00e9e \u00e0 cette charge. \u00ab\u00a0C&rsquo;est l&rsquo;une des difficult\u00e9s du chantier. Il a fallu tendre des c\u00e2bles qui vont contraindre les poutres pour qu&rsquo;elles supportent la charge suppl\u00e9mentaire\u00a0\u00bb pr\u00e9cise Thibault Wirz, l&rsquo;architecte en charge du dossier. Un chantier qui a \u00e9t\u00e9 rendu difficile notamment car le stade n&rsquo;est pas tout jeune, et les plans d&rsquo;origine \u00e9taient introuvables.<\/p>\n<p>\u00ab\u00a0D&rsquo;autres perspectives pour Mayol\u00a0\u00bb Jos\u00e9e Massi, maire de Toulon<\/p>\n<p>\u00ab\u00a0Mayol, c&rsquo;est l&rsquo;\u00e2me de Toulon, on ne peut pas abandonner Mayol. Mais c&rsquo;est un co\u00fbt important de cinq millions d&rsquo;euros\u00a0\u00bb pr\u00e9cise Jos\u00e9e Massi qui \u00e9voque d&rsquo;autres perspectives comme <strong>la potentielle couverture des tribunes<\/strong> qui ne le sont pas encore. \u00ab\u00a0En \u00e9t\u00e9 il fait chaud, et en hiver, il fait froid, on se doit d&rsquo;apporter du confort aux spectateurs. Je crois que cela sera le prochain grand chantier\u00a0\u00bb annonce la maire de Toulon \u00e0 \u00ab\u00a0Ici Provence\u00a0\u00bb.<\/p>\n<p>Quid alors de la pol\u00e9mique \u00e9voqu\u00e9e il y a quelques semaines sur <strong>la construction d&rsquo;un autre stade<\/strong> en p\u00e9riph\u00e9rie de la ville pour accueillir les rencontres du Rugby Club Toulonnais. \u00ab\u00a0La question existera toujours, dans la mesure o\u00f9 aujourd&rsquo;hui, on ne sait pas de quelle fa\u00e7on on peut faire \u00e9voluer Mayol dans un tas de domaines qui sont imp\u00e9ratifs dans le sport professionnel aujourd&rsquo;hui. Am\u00e9liorer l&rsquo;exp\u00e9rience spectateurs dans tous les sens, am\u00e9liorer les capacit\u00e9s de recette du club. Donc si on arrive \u00e0 faire tout \u00e7a \u00e0 Mayol, on est tr\u00e8s heureux. On est tr\u00e8s tr\u00e8s attach\u00e9s \u00e0 Mayol contrairement aux propos qui ont pu m&rsquo;\u00eatre pr\u00eat\u00e9s\u00a0\u00bb souligne Bernard Lema\u00eetre, le pr\u00e9sident du RCT.<\/p>\n<p>Mayol en tout cas est encore occup\u00e9 par les \u00e9chafaudages. \u00ab\u00a0Mais tout sera pr\u00eat \u00e0 la date pr\u00e9vue\u00a0\u00bb promet l&rsquo;architecte.\u00a0 Cette date, c&rsquo;est le 13 septembre et la r\u00e9ception de Castres justement en soir\u00e9e. L&rsquo;occasion de tester ces nouveaux \u00e9clairages, et d&rsquo;en mettre plein la vue aux supporters toulonnais et de de dire aux castrais\u00a0: \u00ab\u00a0Ici c&rsquo;est Toulon\u00a0\u00bb.<\/p>\n<p>\u00c0 lire aussi   <img decoding=\"async\" src=\"https:\/\/www.europesays.com\/fr\/wp-content\/uploads\/2025\/08\/560x315_sc_biggar.jpg\" alt=\"Le pr\u00e9sident du Rugby Club Toulonnais, lors de la signature du demi d'ouverture Dan Biggar sous les couleurs rouge et noir (illustration)\" style=\"--_image-preview:url('data:image\/jpeg;base64,\/9j\/2wBDACgcHiMeGSgjISMtKygwPGRBPDc3PHtYXUlkkYCZlo+AjIqgtObDoKrarYqMyP\/L2u71\/\/\/\/m8H\/\/\/\/6\/+b9\/\/j\/2wBDASstLTw1PHZBQXb4pYyl+Pj4+Pj4+Pj4+Pj4+Pj4+Pj4+Pj4+Pj4+Pj4+Pj4+Pj4+Pj4+Pj4+Pj4+Pj4+Pj4+Pj\/wAARCAAXACoDASIAAhEBAxEB\/8QAGAAAAwEBAAAAAAAAAAAAAAAAAAECAwT\/xAAYEAEBAQEBAAAAAAAAAAAAAAAAAQIREv\/EABYBAQEBAAAAAAAAAAAAAAAAAAECAP\/EABURAQEAAAAAAAAAAAAAAAAAAAAB\/9oADAMBAAIRAxEAPwA6VoqaWh9VKy6coLozpfphmq6GKxGgFCM6cAC15UAUV\/\/Z');\" loading=\"lazy\" fetchpriority=\"low\" aria-hidden=\"true\" class=\"svelte-1pnmlwx rounded\" onload=\"this.__e=event\" onerror=\"this.__e=event\"\/><\/p>\n","protected":false},"excerpt":{"rendered":"Le stade Mayol \u00e0 Toulon entend bien offrir aux spectateurs qui assisteront aux matchs du Rugby club toulonnais&hellip;\n","protected":false},"author":2,"featured_media":295203,"comment_status":"","ping_status":"","sticky":false,"template":"","format":"standard","meta":{"footnotes":""},"categories":[9619],"tags":[1111,11,1777,674,1011,27,12,882,25,2310],"class_list":{"0":"post-295202","1":"post","2":"type-post","3":"status-publish","4":"format-standard","5":"has-post-thumbnail","7":"category-toulon","8":"tag-actu","9":"tag-actualites","10":"tag-eu","11":"tag-europe","12":"tag-fr","13":"tag-france","14":"tag-news","15":"tag-provence-alpes-cote-dazur","16":"tag-republique-francaise","17":"tag-toulon"},"share_on_mastodon":{"url":"https:\/\/pubeurope.com\/@fr\/114969257212828259","error":""},"_links":{"self":[{"href":"https:\/\/www.europesays.com\/fr\/wp-json\/wp\/v2\/posts\/295202","targetHints":{"allow":["GET"]}}],"collection":[{"href":"https:\/\/www.europesays.com\/fr\/wp-json\/wp\/v2\/posts"}],"about":[{"href":"https:\/\/www.europesays.com\/fr\/wp-json\/wp\/v2\/types\/post"}],"author":[{"embeddable":true,"href":"https:\/\/www.europesays.com\/fr\/wp-json\/wp\/v2\/users\/2"}],"replies":[{"embeddable":true,"href":"https:\/\/www.europesays.com\/fr\/wp-json\/wp\/v2\/comments?post=295202"}],"version-history":[{"count":0,"href":"https:\/\/www.europesays.com\/fr\/wp-json\/wp\/v2\/posts\/295202\/revisions"}],"wp:featuredmedia":[{"embeddable":true,"href":"https:\/\/www.europesays.com\/fr\/wp-json\/wp\/v2\/media\/295203"}],"wp:attachment":[{"href":"https:\/\/www.europesays.com\/fr\/wp-json\/wp\/v2\/media?parent=295202"}],"wp:term":[{"taxonomy":"category","embeddable":true,"href":"https:\/\/www.europesays.com\/fr\/wp-json\/wp\/v2\/categories?post=295202"},{"taxonomy":"post_tag","embeddable":true,"href":"https:\/\/www.europesays.com\/fr\/wp-json\/wp\/v2\/tags?post=295202"}],"curies":[{"name":"wp","href":"https:\/\/api.w.org\/{rel}","templated":true}]}}