{"id":295204,"date":"2025-08-04T07:13:11","date_gmt":"2025-08-04T07:13:11","guid":{"rendered":"https:\/\/www.europesays.com\/fr\/295204\/"},"modified":"2025-08-04T07:13:11","modified_gmt":"2025-08-04T07:13:11","slug":"comment-cette-serre-de-tomates-repond-elle-aux-defis-climatiques","status":"publish","type":"post","link":"https:\/\/www.europesays.com\/fr\/295204\/","title":{"rendered":"comment cette serre de tomates r\u00e9pond-elle aux d\u00e9fis climatiques\u00a0?"},"content":{"rendered":"<p>            Par<br \/>\n        <strong><br \/>\n            <a href=\"https:\/\/actu.fr\/auteur\/j-phan\" title=\"Consulter tous les articles de Jordan Phan\" target=\"_blank\" rel=\"noopener\">Jordan Phan<\/a><br \/>\n        <\/strong><\/p>\n<p>        Publi\u00e9 le<\/p>\n<p>            4 ao\u00fbt 2025 \u00e0 8h30        <\/p>\n<p>C\u2019\u00e9tait son r\u00eave, et il l\u2019a fait. \u00c0 <strong>Mauguio<\/strong>, <strong>Fr\u00e9d\u00e9ric Garcia<\/strong>, producteur de <strong>tomates<\/strong> allong\u00e9es c\u0153ur-de-b\u0153uf et cerises rondes rouges, a construit une serre \u00ab\u00a0semi-ferm\u00e9e\u00a0\u00bb derni\u00e8re g\u00e9n\u00e9ration pour \u00eatre capable de produire des tomates <strong>Z\u00e9ro R\u00e9sidu de Pesticides<\/strong> et faire face aux <strong>pics de chaleur croissants<\/strong>.<\/p>\n<p>Produire plus et mieux, avec un impact environnemental moindre<\/p>\n<p class=\" wall-content\">Au d\u00e9part, le producteur souhaitait r\u00e9aliser une serre en verre traditionnelle, malheureusement (ou heureusement) son <strong>budget<\/strong> ne le lui permettait pas. Ne se laissant pas abattre, il s\u2019est donc tourn\u00e9 vers une serre moins ordinaire, mais plus originale, et mieux pour l\u2019environnement. Un \u00ab\u00a0mal\u00a0\u00bb pour un bien, parce que \u00ab\u00a0quand on veut, on peut !\u00a0\u00bb, clame haut et fort Fr\u00e9d\u00e9ric, lui qui a <strong>20 ans d\u2019exp\u00e9rience<\/strong> dans les pattes. Le projet est donc n\u00e9, en collaboration avec le constructeur <strong>Richel<\/strong>, qui refl\u00e8te <strong>neuf mois<\/strong> de travail. La serre en plastique de <strong>1,5 hectare<\/strong> avec <strong>double paroi gonflable<\/strong>, haute de <strong>six m\u00e8tres<\/strong>, est enfin pr\u00eate \u00e0 produire ces l\u00e9gumes.<\/p>\n<p>    <img   decoding=\"async\" loading=\"lazy\" src=\"https:\/\/www.europesays.com\/fr\/wp-content\/uploads\/2025\/08\/pixabay-tomates-cerises-tomate-cerise-rappel-produits-alimentation-fruits-legumes-sante-960x640.jpg\" alt=\"En cette premi\u00e8re saison, ce sont plus de 600 tonnes de tomates qui sont attendues\" width=\"960\" height=\"640\"\/><br \/>\n    En cette premi\u00e8re saison, ce sont plus de 600 tonnes de tomates qui sont attendues (\u00a9Matthias B\u00f6ckel \/ Pixabay)Que de bonnes choses<\/p>\n<p class=\" wall-content\">Cette innovation s\u2019inscrit dans une d\u00e9marche d\u2019agriculture moderne afin de lutter contre le r\u00e9chauffement climatique. Et pour cause, cette serre semi-ferm\u00e9e n\u2019a que de bonnes choses \u00e0 offrir \u00e0 l\u2019exploitant agricole sp\u00e9cialis\u00e9 dans la culture de tomates sous serre :<\/p>\n<ul class=\" wall-content\">\n<li>Z\u00e9ro R\u00e9sidu de Pesticides : elle limite l\u2019invasion d\u2019insectes sans usage de produits chimiques<\/li>\n<li>\u00c9conomie d\u2019eau de 50% : contr\u00f4le pr\u00e9cis de l\u2019humidit\u00e9 et de la temp\u00e9rature<\/li>\n<li>Rendements accrus tout en pr\u00e9servant les sols<\/li>\n<li>Pr\u00e9sence de panneaux photovolta\u00efques pour auto-alimenter les ventilateurs<\/li>\n<li>Isolation sup\u00e9rieure : \u00e9conomie de chauffage de 40%<\/li>\n<li>Meilleure \u00e9tanch\u00e9it\u00e9 : moins de perte de CO2<\/li>\n<li>Fra\u00eecheur pr\u00e9serv\u00e9e<\/li>\n<li>\u00c9viter toute entr\u00e9e d\u2019insectes<\/li>\n<\/ul>\n<p>Vid\u00e9os : en ce moment sur Actu<\/p>\n<blockquote class=\"ac-article-quote wall-content\">\n<p>\u00ab\u00a0Gr\u00e2ce \u00e0 cette serre, on peut pallier aux coups de chaleur et on ne fait pas de traitement phytosanitaire\u00a0\u00bb<\/p>\n<p>    <strong>Fr\u00e9d\u00e9ric Garcia<\/strong><br \/>\n        Producteurs de tomates \u00e0 Mauguio    <\/p><\/blockquote>\n<p class=\" wall-content\">N\u00e9anmoins, ces observations pr\u00e9liminaires demandent \u00e0 \u00eatre valid\u00e9es sur plusieurs saisons. Quant \u00e0 Fr\u00e9d\u00e9ric, il se projette d\u00e9j\u00e0 dans le futur et esp\u00e8re remonter une autre unit\u00e9 \u00e0 c\u00f4t\u00e9 de celle-ci, au niveau de ses terres voisines.<\/p>\n<p class=\" wall-content\">Suivez toute l\u2019actualit\u00e9 de vos villes et m\u00e9dias favoris en vous inscrivant \u00e0 <a href=\"https:\/\/moncompte.actu.fr\" title=\"D\u00e9couvez Mon Actu\" rel=\"nofollow noopener\" data-trk=\"{&quot;cta&quot;:{&quot;action&quot;:&quot;https:\\\/\\\/moncompte.actu.fr&quot;,&quot;category&quot;:&quot;mon compte&quot;,&quot;from&quot;:&quot;article footer&quot;,&quot;name&quot;:&quot;Mon actu&quot;,&quot;type&quot;:&quot;cta&quot;}}\" target=\"_blank\">Mon Actu<\/a>.<\/p>\n<ul class=\"ac-article-tag wall-content\">\n<li><a href=\"https:\/\/actu.fr\/tag\/changement-climatique\" data-trk=\"{&quot;cta&quot;:{&quot;action&quot;:&quot;Changement climatique&quot;,&quot;category&quot;:&quot;tag&quot;,&quot;from&quot;:&quot;article footer&quot;,&quot;name&quot;:&quot;Changement climatique&quot;,&quot;type&quot;:&quot;cta&quot;}}\" target=\"_blank\" rel=\"noopener\">#Changement climatique<\/a><\/li>\n<li><a href=\"https:\/\/actu.fr\/tag\/tomate\" data-trk=\"{&quot;cta&quot;:{&quot;action&quot;:&quot;Tomate&quot;,&quot;category&quot;:&quot;tag&quot;,&quot;from&quot;:&quot;article footer&quot;,&quot;name&quot;:&quot;Tomate&quot;,&quot;type&quot;:&quot;cta&quot;}}\" target=\"_blank\" rel=\"noopener\">#Tomate<\/a><\/li>\n<\/ul>\n","protected":false},"excerpt":{"rendered":"Par Jordan Phan Publi\u00e9 le 4 ao\u00fbt 2025 \u00e0 8h30 C\u2019\u00e9tait son r\u00eave, et il l\u2019a fait. \u00c0&hellip;\n","protected":false},"author":2,"featured_media":295205,"comment_status":"","ping_status":"","sticky":false,"template":"","format":"standard","meta":{"footnotes":""},"categories":[9599],"tags":[1111,11,4734,1777,674,1011,27,2208,12,2680,25,104,23127],"class_list":{"0":"post-295204","1":"post","2":"type-post","3":"status-publish","4":"format-standard","5":"has-post-thumbnail","7":"category-montpellier","8":"tag-actu","9":"tag-actualites","10":"tag-changement-climatique","11":"tag-eu","12":"tag-europe","13":"tag-fr","14":"tag-france","15":"tag-montpellier","16":"tag-news","17":"tag-occitanie","18":"tag-republique-francaise","19":"tag-societe","20":"tag-tomate"},"share_on_mastodon":{"url":"https:\/\/pubeurope.com\/@fr\/114969261397975680","error":""},"_links":{"self":[{"href":"https:\/\/www.europesays.com\/fr\/wp-json\/wp\/v2\/posts\/295204","targetHints":{"allow":["GET"]}}],"collection":[{"href":"https:\/\/www.europesays.com\/fr\/wp-json\/wp\/v2\/posts"}],"about":[{"href":"https:\/\/www.europesays.com\/fr\/wp-json\/wp\/v2\/types\/post"}],"author":[{"embeddable":true,"href":"https:\/\/www.europesays.com\/fr\/wp-json\/wp\/v2\/users\/2"}],"replies":[{"embeddable":true,"href":"https:\/\/www.europesays.com\/fr\/wp-json\/wp\/v2\/comments?post=295204"}],"version-history":[{"count":0,"href":"https:\/\/www.europesays.com\/fr\/wp-json\/wp\/v2\/posts\/295204\/revisions"}],"wp:featuredmedia":[{"embeddable":true,"href":"https:\/\/www.europesays.com\/fr\/wp-json\/wp\/v2\/media\/295205"}],"wp:attachment":[{"href":"https:\/\/www.europesays.com\/fr\/wp-json\/wp\/v2\/media?parent=295204"}],"wp:term":[{"taxonomy":"category","embeddable":true,"href":"https:\/\/www.europesays.com\/fr\/wp-json\/wp\/v2\/categories?post=295204"},{"taxonomy":"post_tag","embeddable":true,"href":"https:\/\/www.europesays.com\/fr\/wp-json\/wp\/v2\/tags?post=295204"}],"curies":[{"name":"wp","href":"https:\/\/api.w.org\/{rel}","templated":true}]}}