{"id":295210,"date":"2025-08-04T07:18:10","date_gmt":"2025-08-04T07:18:10","guid":{"rendered":"https:\/\/www.europesays.com\/fr\/295210\/"},"modified":"2025-08-04T07:18:10","modified_gmt":"2025-08-04T07:18:10","slug":"le-suspect-arrete-a-laeroport-avant-de-partir-en-vacances","status":"publish","type":"post","link":"https:\/\/www.europesays.com\/fr\/295210\/","title":{"rendered":"le suspect arr\u00eat\u00e9 \u00e0 l\u2019a\u00e9roport avant de partir en vacances"},"content":{"rendered":"<p itemprop=\"description\"><strong>Les faits remontent au 24 juin.<\/strong><\/p>\n<p>Cette nuit-l\u00e0, \u00e0 Saint-\u00c9gr\u00e8ve, un gendarme \u00e9tait volontairement percut\u00e9 par un scooter vol\u00e9. Le choc projettait les deux hommes au sol : le militaire, gri\u00e8vement bless\u00e9, souffre d\u2019une fracture du f\u00e9mur et se voit prescrire 30 jours d\u2019ITT, tandis que le conducteur prenait la fuite \u00e0 pied.<\/p>\n<p>L\u2019enqu\u00eate men\u00e9e par la gendarmerie a permis d\u2019identifier un habitant de Saint-Martin-d\u2019H\u00e8res. Les investigations r\u00e9v\u00e8lent qu\u2019apr\u00e8s l\u2019agression, le suspect a poursuivi ses projets personnels\u2026 dont des vacances. Plac\u00e9 sous surveillance, il a finalement \u00e9t\u00e9 interpell\u00e9 ce samedi en milieu de journ\u00e9e \u00e0 l\u2019a\u00e9roport de Lyon Saint-Exup\u00e9ry, alors qu\u2019il s\u2019appr\u00eatait \u00e0 embarquer pour une destination ensoleill\u00e9e.<\/p>\n<p>L\u2019homme a \u00e9t\u00e9 plac\u00e9 en garde \u00e0 vue et sera jug\u00e9 ce lundi devant le tribunal correctionnel de Grenoble.<\/p>\n","protected":false},"excerpt":{"rendered":"Les faits remontent au 24 juin. Cette nuit-l\u00e0, \u00e0 Saint-\u00c9gr\u00e8ve, un gendarme \u00e9tait volontairement percut\u00e9 par un scooter&hellip;\n","protected":false},"author":2,"featured_media":295211,"comment_status":"","ping_status":"","sticky":false,"template":"","format":"standard","meta":{"footnotes":""},"categories":[9566],"tags":[1111,11,7733,8279,2430,7736,650,7734,2889,2263,1777,674,1011,27,2731,8280,6417,1114,108,4662,12,3725,1825,25,7737],"class_list":{"0":"post-295210","1":"post","2":"type-post","3":"status-publish","4":"format-standard","5":"has-post-thumbnail","7":"category-grenoble","8":"tag-actu","9":"tag-actualites","10":"tag-alpes","11":"tag-alpes1","12":"tag-auvergne-rhone-alpes","13":"tag-cds","14":"tag-cinema","15":"tag-ecoute","16":"tag-emission","17":"tag-equipe","18":"tag-eu","19":"tag-europe","20":"tag-fr","21":"tag-france","22":"tag-grenoble","23":"tag-haute","24":"tag-information","25":"tag-infos","26":"tag-isere","27":"tag-journal","28":"tag-news","29":"tag-podcast","30":"tag-radio","31":"tag-republique-francaise","32":"tag-winamp"},"share_on_mastodon":{"url":"https:\/\/pubeurope.com\/@fr\/114969280795641494","error":""},"_links":{"self":[{"href":"https:\/\/www.europesays.com\/fr\/wp-json\/wp\/v2\/posts\/295210","targetHints":{"allow":["GET"]}}],"collection":[{"href":"https:\/\/www.europesays.com\/fr\/wp-json\/wp\/v2\/posts"}],"about":[{"href":"https:\/\/www.europesays.com\/fr\/wp-json\/wp\/v2\/types\/post"}],"author":[{"embeddable":true,"href":"https:\/\/www.europesays.com\/fr\/wp-json\/wp\/v2\/users\/2"}],"replies":[{"embeddable":true,"href":"https:\/\/www.europesays.com\/fr\/wp-json\/wp\/v2\/comments?post=295210"}],"version-history":[{"count":0,"href":"https:\/\/www.europesays.com\/fr\/wp-json\/wp\/v2\/posts\/295210\/revisions"}],"wp:featuredmedia":[{"embeddable":true,"href":"https:\/\/www.europesays.com\/fr\/wp-json\/wp\/v2\/media\/295211"}],"wp:attachment":[{"href":"https:\/\/www.europesays.com\/fr\/wp-json\/wp\/v2\/media?parent=295210"}],"wp:term":[{"taxonomy":"category","embeddable":true,"href":"https:\/\/www.europesays.com\/fr\/wp-json\/wp\/v2\/categories?post=295210"},{"taxonomy":"post_tag","embeddable":true,"href":"https:\/\/www.europesays.com\/fr\/wp-json\/wp\/v2\/tags?post=295210"}],"curies":[{"name":"wp","href":"https:\/\/api.w.org\/{rel}","templated":true}]}}