{"id":295212,"date":"2025-08-04T07:19:12","date_gmt":"2025-08-04T07:19:12","guid":{"rendered":"https:\/\/www.europesays.com\/fr\/295212\/"},"modified":"2025-08-04T07:19:12","modified_gmt":"2025-08-04T07:19:12","slug":"un-homme-transporte-en-urgence-absolue-a-lhopital-2","status":"publish","type":"post","link":"https:\/\/www.europesays.com\/fr\/295212\/","title":{"rendered":"un homme transport\u00e9 en urgence absolue \u00e0 l\u2019h\u00f4pital"},"content":{"rendered":"<p>Vers 3\u00a0h\u00a010, dans la nuit du dimanche\u00a03 au lundi 4\u00a0ao\u00fbt, un incendie s\u2019est d\u00e9clar\u00e9 au num\u00e9ro 67 de la rue de Cartale, sur la commune de Seyssinet-Pariset.<\/p>\n<p>Ce contenu est bloqu\u00e9 car vous n&rsquo;avez pas accept\u00e9 les cookies et autres traceurs.<\/p>\n<p>En cliquant sur \u00ab J\u2019accepte \u00bb, les cookies et autres traceurs seront d\u00e9pos\u00e9s et vous pourrez visualiser les contenus  (<a href=\"\" class=\"consentModule_policy\" target=\"_blank\" title=\"Consulter la politique de protection des donn\u00e9es du fournisseur\">plus d&rsquo;informations<\/a>).<\/p>\n<p>En cliquant sur \u00ab J\u2019accepte tous les cookies \u00bb, vous autorisez des d\u00e9p\u00f4ts de cookies et autres traceurs pour le stockage de vos donn\u00e9es sur nos sites et applications \u00e0 des fins de personnalisation et de ciblage publicitaire.<\/p>\n<p class=\"consentModule_secondaryText\">Vous gardez la possibilit\u00e9 de retirer votre consentement \u00e0 tout moment en consultant notre <a href=\"https:\/\/www.ledauphine.com\/protection-des-donnees\" target=\"_blank\" title=\"Consulter notre politique de protection des donn\u00e9es\" rel=\"noopener\">politique de protection des donn\u00e9es<\/a>. <br \/>&#13;<br \/>\n            <a href=\"https:\/\/www.ledauphine.com\/faits-divers-justice\/2025\/08\/04\/javascript:Didomi.notice.show()\" class=\"consentModule_cmp\" target=\"_blank\" rel=\"noopener\">G\u00e9rer mes choix<\/a>&#13;\n        <\/p>\n<p>&#13;<br \/>\n                        J&rsquo;accepte&#13;<br \/>\n            J&rsquo;accepte tous les cookies&#13;\n        <\/p>\n<p>Selon nos renseignements, le feu a d\u00e9marr\u00e9 \u00e0 l\u2019int\u00e9rieur de l\u2019appartement d\u2019un homme de 37 ans, dans un immeuble d\u2019habitation de sept \u00e9tages. Ayant respir\u00e9 beaucoup de fum\u00e9e, ce dernier a \u00e9t\u00e9 transport\u00e9 en urgence absolue \u00e0 l\u2019h\u00f4pital.<\/p>\n<p>Le feu a \u00e9t\u00e9 ma\u00eetris\u00e9 avant qu\u2019il ne se propage aux appartements voisins. Les sapeurs-pompiers ont d\u00e9ploy\u00e9 d\u2019importants moyens pour s\u2019en assurer, envoyant sur place 21 soldats du feu et 5 engins. Les autres r\u00e9sidents de l\u2019immeuble n\u2019ont pas \u00e9t\u00e9 \u00e9vacu\u00e9s.<\/p>\n<p>Pour l\u2019heure, les causes de l\u2019incendie sont incertaines.<\/p>\n","protected":false},"excerpt":{"rendered":"Vers 3\u00a0h\u00a010, dans la nuit du dimanche\u00a03 au lundi 4\u00a0ao\u00fbt, un incendie s\u2019est d\u00e9clar\u00e9 au num\u00e9ro 67 de&hellip;\n","protected":false},"author":2,"featured_media":295213,"comment_status":"","ping_status":"","sticky":false,"template":"","format":"standard","meta":{"footnotes":""},"categories":[9566],"tags":[1111,11,2430,112,1777,674,274,107,1011,27,2731,1310,108,12278,12,25,16735],"class_list":{"0":"post-295212","1":"post","2":"type-post","3":"status-publish","4":"format-standard","5":"has-post-thumbnail","7":"category-grenoble","8":"tag-actu","9":"tag-actualites","10":"tag-auvergne-rhone-alpes","11":"tag-edition-grenoble-agglomeration","12":"tag-eu","13":"tag-europe","14":"tag-faits-divers-justice","15":"tag-fil-info","16":"tag-fr","17":"tag-france","18":"tag-grenoble","19":"tag-incendie","20":"tag-isere","21":"tag-lagglomeration-et-le-vercors","22":"tag-news","23":"tag-republique-francaise","24":"tag-seyssinet-pariset"},"share_on_mastodon":{"url":"https:\/\/pubeurope.com\/@fr\/114969284624582854","error":""},"_links":{"self":[{"href":"https:\/\/www.europesays.com\/fr\/wp-json\/wp\/v2\/posts\/295212","targetHints":{"allow":["GET"]}}],"collection":[{"href":"https:\/\/www.europesays.com\/fr\/wp-json\/wp\/v2\/posts"}],"about":[{"href":"https:\/\/www.europesays.com\/fr\/wp-json\/wp\/v2\/types\/post"}],"author":[{"embeddable":true,"href":"https:\/\/www.europesays.com\/fr\/wp-json\/wp\/v2\/users\/2"}],"replies":[{"embeddable":true,"href":"https:\/\/www.europesays.com\/fr\/wp-json\/wp\/v2\/comments?post=295212"}],"version-history":[{"count":0,"href":"https:\/\/www.europesays.com\/fr\/wp-json\/wp\/v2\/posts\/295212\/revisions"}],"wp:featuredmedia":[{"embeddable":true,"href":"https:\/\/www.europesays.com\/fr\/wp-json\/wp\/v2\/media\/295213"}],"wp:attachment":[{"href":"https:\/\/www.europesays.com\/fr\/wp-json\/wp\/v2\/media?parent=295212"}],"wp:term":[{"taxonomy":"category","embeddable":true,"href":"https:\/\/www.europesays.com\/fr\/wp-json\/wp\/v2\/categories?post=295212"},{"taxonomy":"post_tag","embeddable":true,"href":"https:\/\/www.europesays.com\/fr\/wp-json\/wp\/v2\/tags?post=295212"}],"curies":[{"name":"wp","href":"https:\/\/api.w.org\/{rel}","templated":true}]}}