{"id":29522,"date":"2025-04-16T16:01:19","date_gmt":"2025-04-16T16:01:19","guid":{"rendered":"https:\/\/www.europesays.com\/fr\/29522\/"},"modified":"2025-04-16T16:01:19","modified_gmt":"2025-04-16T16:01:19","slug":"super-league-les-dragons-catalans-sortent-leur-maillot-de-cyclisme-rugby-a-xiii","status":"publish","type":"post","link":"https:\/\/www.europesays.com\/fr\/29522\/","title":{"rendered":"Super League &#8211; Les Dragons Catalans sortent leur maillot de cyclisme &#8211; Rugby \u00e0 XIII"},"content":{"rendered":"<p style=\"text-align: justify;\"><strong>Les fans de v\u00e9lo et de rugby \u00e0 XIII peuvent \u00eatre heureux, les Dragons Catalans ont r\u00e9cemment lanc\u00e9 un maillot de cyclisme, disponible dans leur boutique.<\/strong><\/p>\n<p style=\"text-align: justify;\">Cette initiative vise \u00e0 c\u00e9l\u00e9brer les liens entre le rugby et le cyclisme, deux sports embl\u00e9matiques en France et au Royaume-Uni.\u200b<\/p>\n<p style=\"text-align: justify;\">Ce n\u2019est pas la premi\u00e8re fois que les Dragons Catalans rendent hommage au cyclisme. En 2014, lors d\u2019un match contre les Leeds Rhinos, les deux \u00e9quipes voulaient porter des maillots inspir\u00e9s du Tour de France : les Anglais en jaune, les Fran\u00e7ais en pois rouges, en r\u00e9f\u00e9rence aux maillots distinctifs de la c\u00e9l\u00e8bre course cycliste.<\/p>\n<p style=\"text-align: justify;\">Cette op\u00e9ration, baptis\u00e9e \u00ab\u00a0Tour de Force\u00a0\u00bb, avait \u00e9galement pour but de soutenir la recherche contre le cancer gr\u00e2ce aux fonds recueillis par la vente de ces maillots originaux.\u200b<\/p>\n<p><strong>Treize Mondial<br \/><a href=\"https:\/\/www.facebook.com\/13Mondial\" target=\"_blank\" rel=\"noopener\"><img loading=\"lazy\" decoding=\"async\" class=\"alignnone wp-image-217097\" src=\"https:\/\/www.europesays.com\/fr\/wp-content\/uploads\/2025\/04\/logo-facebook.png\" alt=\"\" width=\"40\" height=\"40\"  \/><\/a> <a href=\"https:\/\/twitter.com\/XIIIMondial\" target=\"_blank\" rel=\"noopener\"><img loading=\"lazy\" decoding=\"async\" class=\"alignnone wp-image-217098\" src=\"https:\/\/www.europesays.com\/fr\/wp-content\/uploads\/2025\/04\/logo-twitter.png\" alt=\"\" width=\"39\" height=\"39\"  \/><\/a><\/strong><\/p>\n<p>        <script async src=\"https:\/\/platform.twitter.com\/widgets.js\" charset=\"utf-8\"><\/script><\/p>\n","protected":false},"excerpt":{"rendered":"Les fans de v\u00e9lo et de rugby \u00e0 XIII peuvent \u00eatre heureux, les Dragons Catalans ont r\u00e9cemment lanc\u00e9&hellip;\n","protected":false},"author":2,"featured_media":29523,"comment_status":"","ping_status":"","sticky":false,"template":"","format":"standard","meta":{"footnotes":""},"categories":[1416],"tags":[207,3248,1011,27,10274,479,2228,1468,2229,60],"class_list":{"0":"post-29522","1":"post","2":"type-post","3":"status-publish","4":"format-standard","5":"has-post-thumbnail","7":"category-rugby","8":"tag-cyclisme","9":"tag-dragons-catalans","10":"tag-fr","11":"tag-france","12":"tag-maillot","13":"tag-rugby","14":"tag-rugby-a-xiii","15":"tag-rugby-football","16":"tag-rugby-league","17":"tag-sports"},"share_on_mastodon":{"url":"https:\/\/pubeurope.com\/@fr\/114348483150217306","error":""},"_links":{"self":[{"href":"https:\/\/www.europesays.com\/fr\/wp-json\/wp\/v2\/posts\/29522","targetHints":{"allow":["GET"]}}],"collection":[{"href":"https:\/\/www.europesays.com\/fr\/wp-json\/wp\/v2\/posts"}],"about":[{"href":"https:\/\/www.europesays.com\/fr\/wp-json\/wp\/v2\/types\/post"}],"author":[{"embeddable":true,"href":"https:\/\/www.europesays.com\/fr\/wp-json\/wp\/v2\/users\/2"}],"replies":[{"embeddable":true,"href":"https:\/\/www.europesays.com\/fr\/wp-json\/wp\/v2\/comments?post=29522"}],"version-history":[{"count":0,"href":"https:\/\/www.europesays.com\/fr\/wp-json\/wp\/v2\/posts\/29522\/revisions"}],"wp:featuredmedia":[{"embeddable":true,"href":"https:\/\/www.europesays.com\/fr\/wp-json\/wp\/v2\/media\/29523"}],"wp:attachment":[{"href":"https:\/\/www.europesays.com\/fr\/wp-json\/wp\/v2\/media?parent=29522"}],"wp:term":[{"taxonomy":"category","embeddable":true,"href":"https:\/\/www.europesays.com\/fr\/wp-json\/wp\/v2\/categories?post=29522"},{"taxonomy":"post_tag","embeddable":true,"href":"https:\/\/www.europesays.com\/fr\/wp-json\/wp\/v2\/tags?post=29522"}],"curies":[{"name":"wp","href":"https:\/\/api.w.org\/{rel}","templated":true}]}}