{"id":295224,"date":"2025-08-04T07:29:16","date_gmt":"2025-08-04T07:29:16","guid":{"rendered":"https:\/\/www.europesays.com\/fr\/295224\/"},"modified":"2025-08-04T07:29:16","modified_gmt":"2025-08-04T07:29:16","slug":"moins-ensoleillee-que-bordeaux-cette-ville-de-louest-vaut-le-detour-pour-sa-douceur-de-vivre-et-son-centre-historique","status":"publish","type":"post","link":"https:\/\/www.europesays.com\/fr\/295224\/","title":{"rendered":"Moins ensoleill\u00e9e que Bordeaux, cette ville de l\u2019ouest vaut le d\u00e9tour pour sa douceur de vivre et son centre historique"},"content":{"rendered":"<p>Je viens de poser mes valises \u00e0 Angers et je dois vous avouer que cette perle de l\u2019Ouest m\u2019a totalement conquise d\u00e8s les premiers instants. Certes, le soleil s\u2019y montre moins g\u00e9n\u00e9reux qu\u2019\u00e0 Bordeaux, mais <strong>la douceur angevine<\/strong> n\u2019est pas un mythe ! C\u2019est justement cette luminosit\u00e9 tamis\u00e9e qui donne \u00e0 la ville son charme particulier et son atmosph\u00e8re apaisante.<\/p>\n<p>Angers, joyau m\u00e9connu du Val de Loire<\/p>\n<p>Nich\u00e9e au c\u0153ur de l\u2019Anjou, Angers poss\u00e8de <strong>une richesse patrimoniale exceptionnelle<\/strong> que j\u2019ai eu le plaisir d\u2019analyser pas \u00e0 pas. Son imposant ch\u00e2teau fort aux 17 tours, sentinelle mill\u00e9naire surplombant la Maine, abrite la c\u00e9l\u00e8bre Tapisserie de l\u2019Apocalypse. Cette \u0153uvre monumentale du XIVe si\u00e8cle m\u2019a litt\u00e9ralement laiss\u00e9e sans voix tant sa conservation et ses dimensions sont impressionnantes.<\/p>\n<p>En d\u00e9ambulant dans les ruelles pav\u00e9es, j\u2019ai d\u00e9couvert que <strong>le centre historique d\u2019Angers<\/strong> regorge de maisons \u00e0 colombages et d\u2019h\u00f4tels particuliers qui t\u00e9moignent de son riche pass\u00e9. La cath\u00e9drale Saint-Maurice, avec ses magnifiques vitraux et son architecture gothique angevine, constitue un autre incontournable de la ville.<\/p>\n<p>Ce qui m\u2019a particuli\u00e8rement frapp\u00e9e, c\u2019est l\u2019harmonie entre ce patrimoine m\u00e9di\u00e9val et <strong>l\u2019ambiance r\u00e9solument contemporaine<\/strong> qui anime les places et les terrasses. Le quartier de la Doutre, sur la rive droite, offre un contraste saisissant avec ses galeries d\u2019art et ses boutiques d\u2019artisans.<\/p>\n<p>Si vous aimez les villes charg\u00e9es d\u2019histoire mais vivantes, Angers m\u00e9rite amplement sa place parmi <a href=\"https:\/\/www.carredinfo.fr\/voyage\/decouvrez-les-3-meilleures-villes-a-visiter-en-normandie\/\" target=\"_blank\" rel=\"noopener\">les 3 plus belles villes \u00e0 visiter en Normandie<\/a>, bien qu\u2019elle se trouve en r\u00e9alit\u00e9 dans le Val de Loire !<\/p>\n<p>Une douceur de vivre incomparable<\/p>\n<p>L\u2019expression \u00ab\u00a0douceur angevine\u00a0\u00bb prend tout son sens lorsqu\u2019on s\u00e9journe dans cette ville \u00e0 taille humaine. <strong>Le rythme de vie paisible<\/strong> qui y r\u00e8gne invite \u00e0 la fl\u00e2nerie et \u00e0 la contemplation. J\u2019ai ador\u00e9 me poser au jardin du Mail, v\u00e9ritable poumon vert au c\u0153ur de la cit\u00e9, pour observer les angevins vaquer \u00e0 leurs occupations quotidiennes.<\/p>\n<p>La gastronomie locale participe pleinement \u00e0 cette douceur de vivre. J\u2019ai succomb\u00e9 aux d\u00e9lices suivants :<\/p>\n<ul class=\"wp-block-list\">\n<li>Les quernons d\u2019ardoise, ces chocolats bleus qui rappellent les toits d\u2019ardoise de la ville<\/li>\n<li>Le Cointreau, la c\u00e9l\u00e8bre liqueur orange n\u00e9e ici m\u00eame<\/li>\n<li>Les vins d\u2019Anjou et de Saumur, \u00e0 d\u00e9guster avec mod\u00e9ration<\/li>\n<li>Les pommes tap\u00e9es, sp\u00e9cialit\u00e9 fruit\u00e9e de la r\u00e9gion<\/li>\n<\/ul>\n<p>Les march\u00e9s color\u00e9s qui animent r\u00e9guli\u00e8rement les places de la ville sont une autre facette de cet art de vivre angevin. J\u2019y ai rencontr\u00e9 des producteurs passionn\u00e9s et go\u00fbt\u00e9 \u00e0 des produits d\u2019une fra\u00eecheur incomparable.<\/p>\n<tr>AtoutDescription<\/tr>\n<tr>\n<td>Patrimoine<\/td>\n<td>Ch\u00e2teau m\u00e9di\u00e9val, cath\u00e9drale, maisons \u00e0 colombages<\/td>\n<\/tr>\n<tr>\n<td>Nature<\/td>\n<td>Nombreux parcs et jardins, bords de Maine<\/td>\n<\/tr>\n<tr>\n<td>Gastronomie<\/td>\n<td>Vins d\u2019Anjou, sp\u00e9cialit\u00e9s locales, march\u00e9s<\/td>\n<\/tr>\n<tr>\n<td>Culture<\/td>\n<td>Mus\u00e9es, festivals, art de rue<\/td>\n<\/tr>\n<p>La ville aux multiples facettes<\/p>\n<p><img fetchpriority=\"high\" decoding=\"async\" width=\"1024\" height=\"683\" src=\"data:image\/svg+xml,%3Csvg%20xmlns=\" http:=\"\" alt=\"Un ch\u00e2teau avec un jardin devant.\" class=\"wp-image-28519\" data-lazy- data-lazy- data-lazy-src=\"https:\/\/www.europesays.com\/fr\/wp-content\/uploads\/2025\/08\/chateau-angers-1024x683.jpg\"\/>Un ch\u00e2teau avec un jardin devant.<\/p>\n<p>Angers est aussi <strong>une cit\u00e9 dynamique et estudiantine<\/strong> qui sait conjuguer patrimoine et modernit\u00e9. Avec ses 40 000 \u00e9tudiants, la ville s\u2019anime particuli\u00e8rement en soir\u00e9e. Les terrasses des caf\u00e9s d\u00e9bordent et les rues pi\u00e9tonnes s\u2019emplissent d\u2019une joyeuse effervescence.<\/p>\n<p>J\u2019ai eu la chance d\u2019assister au festival Premiers Plans, d\u00e9di\u00e9 aux jeunes r\u00e9alisateurs europ\u00e9ens, qui donne \u00e0 la ville une dimension culturelle suppl\u00e9mentaire. Cette richesse \u00e9v\u00e9nementielle se poursuit tout au long de l\u2019ann\u00e9e avec des manifestations diverses et vari\u00e9es qui animent les quartiers.<\/p>\n<p>Pour les amoureux de nature, les bords de Maine offrent de magnifiques promenades. Le lac de Maine, v\u00e9ritable espace de loisirs aux portes de la ville, permet quant \u00e0 lui de s\u2019adonner \u00e0 diverses activit\u00e9s nautiques. J\u2019y ai pass\u00e9 une journ\u00e9e enti\u00e8re \u00e0 observer les voiliers glisser sur l\u2019eau miroitante.<\/p>\n<p>Finalement, si Angers ne peut rivaliser avec l\u2019ensoleillement bordelais, elle compense largement par <strong>son patrimoine exceptionnel<\/strong>, sa gastronomie raffin\u00e9e et cette douceur de vivre qui lui est propre. Une destination que je vous recommande chaudement pour un week-end prolong\u00e9 ou m\u00eame davantage !<\/p>\n<p><img loading=\"lazy\" decoding=\"async\" src=\"data:image\/svg+xml,%3Csvg%20xmlns=\" http:=\"\" width=\"100\" height=\"100\" alt=\"Anne-Sophie\" itemprop=\"image\" data-lazy-src=\"https:\/\/www.europesays.com\/fr\/wp-content\/uploads\/2025\/06\/Anne-Sophie.jpg\"\/><\/p>\n<p>Je m\u2019appelle Anne-Sophie et je suis la madame voyage en France de carr\u00e9 d\u2019info !<br \/>Exploratrice boh\u00e8me passionn\u00e9e de d\u00e9couvertes. Ma\u00eetrise l\u2019art de d\u00e9nicher les tr\u00e9sors cach\u00e9s des villes et des villages de France .<br \/>Je sait capturer l\u2019essence des lieux en photographies et j\u2019adore vous emmener avec moi pour profiter de notre magnifique pays \ud83d\ude42<\/p>\n","protected":false},"excerpt":{"rendered":"Je viens de poser mes valises \u00e0 Angers et je dois vous avouer que cette perle de l\u2019Ouest&hellip;\n","protected":false},"author":2,"featured_media":295225,"comment_status":"","ping_status":"","sticky":false,"template":"","format":"standard","meta":{"footnotes":""},"categories":[2817],"tags":[1111,11,1438,1997,43540,43538,1777,674,1011,27,43541,43542,12,2219,14075,43539,25,13629],"class_list":{"0":"post-295224","1":"post","2":"type-post","3":"status-publish","4":"format-standard","5":"has-post-thumbnail","7":"category-bordeaux","8":"tag-actu","9":"tag-actualites","10":"tag-angers","11":"tag-bordeaux","12":"tag-charme-des-ruelles-pavees","13":"tag-chateau-dangers","14":"tag-eu","15":"tag-europe","16":"tag-fr","17":"tag-france","18":"tag-histoire-de-lanjou","19":"tag-histoire-de-la-ville","20":"tag-news","21":"tag-nouvelle-aquitaine","22":"tag-patrimoine-architectural","23":"tag-patrimoine-historique-naturel","24":"tag-republique-francaise","25":"tag-val-de-loire"},"share_on_mastodon":{"url":"https:\/\/pubeurope.com\/@fr\/114969324088771366","error":""},"_links":{"self":[{"href":"https:\/\/www.europesays.com\/fr\/wp-json\/wp\/v2\/posts\/295224","targetHints":{"allow":["GET"]}}],"collection":[{"href":"https:\/\/www.europesays.com\/fr\/wp-json\/wp\/v2\/posts"}],"about":[{"href":"https:\/\/www.europesays.com\/fr\/wp-json\/wp\/v2\/types\/post"}],"author":[{"embeddable":true,"href":"https:\/\/www.europesays.com\/fr\/wp-json\/wp\/v2\/users\/2"}],"replies":[{"embeddable":true,"href":"https:\/\/www.europesays.com\/fr\/wp-json\/wp\/v2\/comments?post=295224"}],"version-history":[{"count":0,"href":"https:\/\/www.europesays.com\/fr\/wp-json\/wp\/v2\/posts\/295224\/revisions"}],"wp:featuredmedia":[{"embeddable":true,"href":"https:\/\/www.europesays.com\/fr\/wp-json\/wp\/v2\/media\/295225"}],"wp:attachment":[{"href":"https:\/\/www.europesays.com\/fr\/wp-json\/wp\/v2\/media?parent=295224"}],"wp:term":[{"taxonomy":"category","embeddable":true,"href":"https:\/\/www.europesays.com\/fr\/wp-json\/wp\/v2\/categories?post=295224"},{"taxonomy":"post_tag","embeddable":true,"href":"https:\/\/www.europesays.com\/fr\/wp-json\/wp\/v2\/tags?post=295224"}],"curies":[{"name":"wp","href":"https:\/\/api.w.org\/{rel}","templated":true}]}}