{"id":295226,"date":"2025-08-04T07:30:13","date_gmt":"2025-08-04T07:30:13","guid":{"rendered":"https:\/\/www.europesays.com\/fr\/295226\/"},"modified":"2025-08-04T07:30:13","modified_gmt":"2025-08-04T07:30:13","slug":"sorties-emploi-bons-plans-une-nouvelle-appli-dediee-aux-jeunes-toulousains","status":"publish","type":"post","link":"https:\/\/www.europesays.com\/fr\/295226\/","title":{"rendered":"Sorties, emploi, bons plans\u2026 Une nouvelle appli d\u00e9di\u00e9e aux jeunes\u00a0toulousains"},"content":{"rendered":"<p><strong>La M\u00e9tropole de Toulouse vient de lancer une appli d\u00e9di\u00e9e aux jeunes. Sur celle-ci, ils peuvent notamment retrouver les sorties \u00e0 faire dans la Ville rose et son agglom\u00e9ration, mais aussi des bons plans.  <\/strong><\/p>\n<p><img fetchpriority=\"high\" decoding=\"async\" width=\"1200\" height=\"800\" src=\"https:\/\/www.europesays.com\/fr\/wp-content\/uploads\/2025\/08\/Appli.jpg\" alt=\"appli\"  \/><\/p>\n<p>Cette appli s\u2019adresse aux jeunes entre 15 et 25 ans \u00a9 agil73 \/ Depositphotos.com<\/p>\n<p>Connaissez-vous JEM ? Il s\u2019agit d\u2019une application mobile que Toulouse M\u00e9tropole vient tout juste de lancer. Enti\u00e8rement gratuite, elle s\u2019adresse <strong>aux jeunes qui ont entre 15 et 25 ans<\/strong> et qui vivent, \u00e9tudient ou travaillent dans l\u2019une des 37 communes de la m\u00e9tropole toulousaine. D\u2019ailleurs, JEM signifie \u201cJeune En M\u00e9tropole\u201d. <\/p>\n<p>Pens\u00e9e comme un outil pratique, <a href=\"https:\/\/jem.metropole.toulouse.fr\/application-mobile\" target=\"_blank\" rel=\"noreferrer noopener nofollow\">cette application<\/a> se veut \u00eatre \u00ab l\u2019alli\u00e9e du quotidien \u00bb des 15-25 ans. Elle regroupe ainsi plusieurs informations utiles pour cette tranche d\u2019\u00e2ge, \u00e0 commencer par les sorties \u00e0 faire dans la r\u00e9gion toulousaine. <\/p>\n<p>Que propose cette application lanc\u00e9e par la M\u00e9tropole de Toulouse ?<\/p>\n<p>Cette application dispose effectivement d\u2019un <strong>onglet \u201c\u00c9v\u00e8nements\u201d<\/strong> qui recense les expositions, forums ou encore spectacles organis\u00e9s dans la m\u00e9tropole. Il est m\u00eame possible de mettre en favori les sorties \u00e0 ne pas manquer. Les jeunes pourront \u00e9galement retrouver un <strong>plan interactif<\/strong> sur JEM, qui permet de rep\u00e9rer ce qu\u2019il se passe autour de soi. En quelques clics, l\u2019utilisateur peut ainsi localiser des \u00e9v\u00e9ments ou points d\u2019int\u00e9r\u00eat pr\u00e8s de chez lui en rapport avec la culture, le parcours professionnel ou encore la sant\u00e9. <\/p>\n<p>En plus de \u00e7a, JEM propose <strong>un fil d\u2019actualit\u00e9s<\/strong> cibl\u00e9 pour les 15-25 ans avec des sujets autour de th\u00e9matiques diverses : culture, pr\u00e9vention, sport, loisirs, etc. Enfin, l\u2019application int\u00e8gre une <strong>bo\u00eete \u00e0 id\u00e9es<\/strong>. Celle-ci permet aux utilisateurs de donner leur avis sur JEM, mais aussi une id\u00e9e de sujet \u00e0 traiter ou de proposer une nouvelle fonctionnalit\u00e9 \u00e0 d\u00e9velopper. D\u2019ailleurs, la M\u00e9tropole pr\u00e9cise que \u00ab l\u2019appli vient de se lancer, et de nouvelles opportunit\u00e9s s\u2019ajouteront r\u00e9guli\u00e8rement pour toujours mieux r\u00e9pondre aux attentes \u00bb.<\/p>\n","protected":false},"excerpt":{"rendered":"La M\u00e9tropole de Toulouse vient de lancer une appli d\u00e9di\u00e9e aux jeunes. Sur celle-ci, ils peuvent notamment retrouver&hellip;\n","protected":false},"author":2,"featured_media":295227,"comment_status":"","ping_status":"","sticky":false,"template":"","format":"standard","meta":{"footnotes":""},"categories":[2816],"tags":[1111,11,43543,341,1777,674,1011,27,12,2680,25,1669,2312],"class_list":{"0":"post-295226","1":"post","2":"type-post","3":"status-publish","4":"format-standard","5":"has-post-thumbnail","7":"category-toulouse","8":"tag-actu","9":"tag-actualites","10":"tag-bons-plansu2026-une-nouvelle-appli-du00e9diu00e9e-aux-jeunesu00a0toulousains","11":"tag-emploi","12":"tag-eu","13":"tag-europe","14":"tag-fr","15":"tag-france","16":"tag-news","17":"tag-occitanie","18":"tag-republique-francaise","19":"tag-sorties","20":"tag-toulouse"},"share_on_mastodon":{"url":"https:\/\/pubeurope.com\/@fr\/114969328022247199","error":""},"_links":{"self":[{"href":"https:\/\/www.europesays.com\/fr\/wp-json\/wp\/v2\/posts\/295226","targetHints":{"allow":["GET"]}}],"collection":[{"href":"https:\/\/www.europesays.com\/fr\/wp-json\/wp\/v2\/posts"}],"about":[{"href":"https:\/\/www.europesays.com\/fr\/wp-json\/wp\/v2\/types\/post"}],"author":[{"embeddable":true,"href":"https:\/\/www.europesays.com\/fr\/wp-json\/wp\/v2\/users\/2"}],"replies":[{"embeddable":true,"href":"https:\/\/www.europesays.com\/fr\/wp-json\/wp\/v2\/comments?post=295226"}],"version-history":[{"count":0,"href":"https:\/\/www.europesays.com\/fr\/wp-json\/wp\/v2\/posts\/295226\/revisions"}],"wp:featuredmedia":[{"embeddable":true,"href":"https:\/\/www.europesays.com\/fr\/wp-json\/wp\/v2\/media\/295227"}],"wp:attachment":[{"href":"https:\/\/www.europesays.com\/fr\/wp-json\/wp\/v2\/media?parent=295226"}],"wp:term":[{"taxonomy":"category","embeddable":true,"href":"https:\/\/www.europesays.com\/fr\/wp-json\/wp\/v2\/categories?post=295226"},{"taxonomy":"post_tag","embeddable":true,"href":"https:\/\/www.europesays.com\/fr\/wp-json\/wp\/v2\/tags?post=295226"}],"curies":[{"name":"wp","href":"https:\/\/api.w.org\/{rel}","templated":true}]}}