{"id":295242,"date":"2025-08-04T07:39:33","date_gmt":"2025-08-04T07:39:33","guid":{"rendered":"https:\/\/www.europesays.com\/fr\/295242\/"},"modified":"2025-08-04T07:39:33","modified_gmt":"2025-08-04T07:39:33","slug":"lile-de-france-cultive-lete-avec-son-festival-jardins-ouverts","status":"publish","type":"post","link":"https:\/\/www.europesays.com\/fr\/295242\/","title":{"rendered":"L\u2019\u00cele-de-France cultive l\u2019\u00e9t\u00e9 avec son festival \u00a0\u00bbjardins ouverts\u00a0\u00bb"},"content":{"rendered":"<p itemprop=\"description\">Le festival \u00a0\u00bbJardins ouverts\u00a0\u00bb anime tout l\u2019\u00e9t\u00e9 les parcs et lieux patrimoniaux d\u2019\u00cele-de-France avec concerts, expositions et spectacles\u2026 Dans la Manche, les \u00a0\u00bbTravers\u00e9es Tatihou\u00a0\u00bb investissent une \u00eele pour des spectacles accessibles \u00e0 mar\u00e9e basse. Le 11 ao\u00fbt, une parade de vieux gr\u00e9ements assurera le spectacle au large de l&rsquo;\u00eele d&rsquo;Ol\u00e9ron.<\/p>\n<p>        C\u2019est une promenade culturelle \u00e0 travers les lieux les plus singuliers de l\u2019\u00cele-de-France. La 9\u1d49 \u00e9dition du festival \u2018\u2018Jardins ouverts\u2019\u2019 offre des concerts, lectures, expositions et repr\u00e9sentations dans des jardins et espaces patrimoniaux de la r\u00e9gion. Alix Bourgeret, pr\u00e9sidente de la commission Culture \u00e0 la r\u00e9gion \u00cele-de-France, pr\u00e9cise\u202f: \u00ab\u202fDans l\u2019Essonne, on peut aller au parc de la maison Caillebotte qui est \u00e0 Yerres pour un concert qui sera organis\u00e9 fin ao\u00fbt. Il y a \u00e9galement la maison Jean Cocteau, qui est vraiment un tr\u00e8s beau lieu, et qui accueille une exposition de sculptures. C\u2019est une \u00e9dition qui s\u2019est enrichie avec 50 nouveaux jardins partenaires, des lieux plus atypiques comme des jardins partag\u00e9s, des friches urbaines v\u00e9g\u00e9talis\u00e9es, des potagers p\u00e9dagogiques qui viennent compl\u00e9ter l\u2019offre des grands domaines patrimoniaux auxquels on est plus habitu\u00e9s.\u202f\u00bb<br \/>\n<a href=\"https:\/\/www.iledefrance.fr\/decouvrir-la-richesse-du-patrimoine\/jardins-ouverts-en-ile-de-france#\/search@48.6653513,2.5063983,8.47\" target=\"_blank\" rel=\"noopener noreferrer\">le site officiel<\/a><\/p>\n<p>Autre ambiance, au nord cette fois, sur la presqu\u2019\u00eele du Cotentin. L\u2019\u00eele de Tatihou, accueille des spectacles et animations accessibles uniquement \u00e0 mar\u00e9e basse. Le festival s&rsquo;intitule \u2018\u2018Les Travers\u00e9es Tatihou\u2019\u2019. Le tout dans un d\u00e9cor naturel exceptionnel.<br \/>&#13;<br \/>\n<a href=\"https:\/\/traversees-tatihou.manche.fr\/\" target=\"_blank\" rel=\"noopener noreferrer\">le site officiel<\/a><\/p>\n<p>Pour les amateurs de patrimoine maritime, une parade de vieux gr\u00e9ements se d\u00e9roulera le lundi 11 ao\u00fbt au large de l\u2019\u00eele d\u2019Ol\u00e9ron. Elle sera particuli\u00e8rement visible depuis la Petite-Plage de Saint-Trojan-les-Bains, dans une ambiance anim\u00e9e inspir\u00e9e de la Belle \u00c9poque.<br \/>&#13;<br \/>\n<a href=\"https:\/\/www.ile-oleron-marennes.com\/agenda-des-manifestations\/grande-parade-de-vieux-greements-de-saint-trojan-1\" target=\"_blank\" rel=\"noopener noreferrer\">le site officiel<\/a>    <\/p>\n","protected":false},"excerpt":{"rendered":"Le festival \u00a0\u00bbJardins ouverts\u00a0\u00bb anime tout l\u2019\u00e9t\u00e9 les parcs et lieux patrimoniaux d\u2019\u00cele-de-France avec concerts, expositions et spectacles\u2026&hellip;\n","protected":false},"author":2,"featured_media":295243,"comment_status":"","ping_status":"","sticky":false,"template":"","format":"standard","meta":{"footnotes":""},"categories":[1592],"tags":[1111,11,2566,4156,43546,1777,674,849,1011,27,662,18621,9692,12,18166,24545,626,43547,25],"class_list":{"0":"post-295242","1":"post","2":"type-post","3":"status-publish","4":"format-standard","5":"has-post-thumbnail","7":"category-ile-de-france","8":"tag-actu","9":"tag-actualites","10":"tag-anime","11":"tag-concerts","12":"tag-cultive","13":"tag-eu","14":"tag-europe","15":"tag-festival","16":"tag-fr","17":"tag-france","18":"tag-ile-de-france","19":"tag-jardins","20":"tag-lieux","21":"tag-news","22":"tag-ouverts","23":"tag-parcs","24":"tag-paris","25":"tag-patrimoniaux","26":"tag-republique-francaise"},"share_on_mastodon":{"url":"https:\/\/pubeurope.com\/@fr\/114969363418059026","error":""},"_links":{"self":[{"href":"https:\/\/www.europesays.com\/fr\/wp-json\/wp\/v2\/posts\/295242","targetHints":{"allow":["GET"]}}],"collection":[{"href":"https:\/\/www.europesays.com\/fr\/wp-json\/wp\/v2\/posts"}],"about":[{"href":"https:\/\/www.europesays.com\/fr\/wp-json\/wp\/v2\/types\/post"}],"author":[{"embeddable":true,"href":"https:\/\/www.europesays.com\/fr\/wp-json\/wp\/v2\/users\/2"}],"replies":[{"embeddable":true,"href":"https:\/\/www.europesays.com\/fr\/wp-json\/wp\/v2\/comments?post=295242"}],"version-history":[{"count":0,"href":"https:\/\/www.europesays.com\/fr\/wp-json\/wp\/v2\/posts\/295242\/revisions"}],"wp:featuredmedia":[{"embeddable":true,"href":"https:\/\/www.europesays.com\/fr\/wp-json\/wp\/v2\/media\/295243"}],"wp:attachment":[{"href":"https:\/\/www.europesays.com\/fr\/wp-json\/wp\/v2\/media?parent=295242"}],"wp:term":[{"taxonomy":"category","embeddable":true,"href":"https:\/\/www.europesays.com\/fr\/wp-json\/wp\/v2\/categories?post=295242"},{"taxonomy":"post_tag","embeddable":true,"href":"https:\/\/www.europesays.com\/fr\/wp-json\/wp\/v2\/tags?post=295242"}],"curies":[{"name":"wp","href":"https:\/\/api.w.org\/{rel}","templated":true}]}}