{"id":295244,"date":"2025-08-04T07:40:19","date_gmt":"2025-08-04T07:40:19","guid":{"rendered":"https:\/\/www.europesays.com\/fr\/295244\/"},"modified":"2025-08-04T07:40:19","modified_gmt":"2025-08-04T07:40:19","slug":"un-senateur-remet-un-rapport-alarmant-sur-la-sante-mentale-des-jeunes","status":"publish","type":"post","link":"https:\/\/www.europesays.com\/fr\/295244\/","title":{"rendered":"un s\u00e9nateur remet un rapport alarmant sur la sant\u00e9 mentale des jeunes"},"content":{"rendered":"<p class=\"article__intro\">Jean Sol, s\u00e9nateur des Pyr\u00e9n\u00e9es-Orientales, vient de remettre un rapport d&rsquo;information sur la sant\u00e9 mentale en France. Grande cause nationale, le secteur manque pourtant cruellement de moyens, alors que depuis la crise sanitaire, les pathologies augmentent.<\/p>\n<p>\n      La Quotidienne Soci\u00e9t\u00e9\n    <\/p>\n<p>\n      De la vie quotidienne aux grands enjeux, recevez tous les jours les sujets qui font la soci\u00e9t\u00e9 locale, comme la justice, l\u2019\u00e9ducation, la sant\u00e9 et la famille.\n    <\/p>\n<p>    France T\u00e9l\u00e9visions utilise votre adresse e-mail afin de vous envoyer la newsletter \u00ab\u00a0La Quotidienne Soci\u00e9t\u00e9\u00a0\u00bb. Vous pouvez vous d\u00e9sinscrire \u00e0 tout moment via le lien en bas de cette newsletter. <a target=\"_blank\" href=\"https:\/\/www.francetelevisions.fr\/groupe\/confidentialite\/politique-de-confidentialite\/politique-de-confidentialite-de-france-televisions-6503\" rel=\"nofollow noopener\">Notre politique de confidentialit\u00e9<\/a><\/p>\n<p>\u00c9rig\u00e9e en \u00ab\u00a0grande cause nationale\u00a0\u00bb pour 2025, la sant\u00e9 mentale n&rsquo;est pourtant pas au beau fixe en France.<\/p>\n<p>Un rapport s\u00e9natorial <a>remis le 25 juin 2025<\/a> r\u00e9v\u00e8le notamment qu&rsquo;en 2024, les risques de troubles anxio-d\u00e9pressifs touchaient pr\u00e8s d&rsquo;un jeune sur trois, \u00e2g\u00e9 de 11 \u00e0 24\u00a0ans. Et les troubles psychiques chez les jeunes devraient augmenter \u00e0 l&rsquo;avenir.<\/p>\n<p>Jean Sol, s\u00e9nateur LR des Pyr\u00e9n\u00e9es-Orientales, est \u00e0 l&rsquo;origine de ce rapport, cor\u00e9dig\u00e9 avec les s\u00e9nateurs C\u00e9line Brulin et Daniel Chasseing. Il d\u00e9fend la n\u00e9cessit\u00e9 d&rsquo;allouer plus de moyens aux services de sant\u00e9 psychiatriques.<\/p>\n<p><strong>Jean Sol : <\/strong>C&rsquo;\u00e9tait une n\u00e9cessit\u00e9 absolue, parce que nous avions r\u00e9alis\u00e9 un <a>premier rapport pendant la crise sanitaire<\/a> pour essayer d&rsquo;en mesurer l&rsquo;impact sur la sant\u00e9 mentale des jeunes.<\/p>\n<p>C&rsquo;\u00e9tait le moment de mettre en place une nouvelle mission d&rsquo;information sur ce sujet, qui venait en plus d&rsquo;\u00eatre \u00e9rig\u00e9 en grande cause par le gouvernement.<\/p>\n<p><a data-article-figure=\"\" href=\"https:\/\/france3-regions.franceinfo.fr\/image\/yFjAIALWRp7m070U3w2u9mVX61s\/1920x1080\/regions\/2025\/07\/31\/ftv-0014-00-00-01-12-688ba736b827b253175829.jpg\" data-pswp-width=\"1920\" data-pswp-height=\"1080\" target=\"_blank\" rel=\"nofollow noopener\"><\/p>\n<p>          <img width=\"600\" height=\"400\" class=\"article-image lazy\" data-src=\"https:\/\/www.europesays.com\/fr\/wp-content\/uploads\/2025\/08\/ftv-0014-00-00-01-12-688ba736b827b253175829.jpg\" alt=\"La mission d\u2019information du S\u00e9nat sur la sant\u00e9 mentale en France depuis la crise du Covid-19 a rendu son rapport le 25 juin 2025.\" fetchpriority=\"high\" as=\"image\"\/><\/p>\n<p>\n            La mission d\u2019information du S\u00e9nat sur la sant\u00e9 mentale en France depuis la crise du Covid-19 a rendu son rapport le 25 juin 2025.<br \/>\n                           \u2022<br \/>\n                                      \u00a9 FTV\n                      <\/p>\n<p><\/a><\/p>\n<p><strong>Quel constat faites-vous sur l&rsquo;\u00e9volution de la sant\u00e9 mentale entre ces deux rapports ?<\/strong><\/p>\n<p>Le premier constat, c&rsquo;est que les probl\u00e9matiques ont \u00e9t\u00e9 major\u00e9es, notamment les troubles anxio-d\u00e9pressifs. On le voit chez les jeunes, mais aussi \u00e0 tous les \u00e2ges de la vie et pour toutes les cat\u00e9gories socioprofessionnelles.<\/p>\n<p>Il \u00e9tait de notre devoir de refaire un \u00e9tat des lieux pour d\u00e9boucher sur un certain nombre de propositions qui soient r\u00e9alisables, c&rsquo;est-\u00e0-dire assorties de moyens.<\/p>\n<p><strong>C&rsquo;est le titre de votre rapport : \u00ab\u00a0<\/strong><strong>pas de grande cause sans grands moyens<\/strong><strong>\u00ab\u00a0. Pouvez-vous l&rsquo;expliquer ?<\/strong><\/p>\n<p>C&rsquo;est un titre percutant. Nous avons mis du temps \u00e0 le trouver. Nous l&rsquo;assumons pleinement\u00a0: il ne peut pas y avoir de grande cause nationale sans grands moyens. Nous l&rsquo;avons constat\u00e9 dans le cadre de nos nombreuses observations de terrain \u00e0 la rencontre de professionnels.<\/p>\n<p><a data-article-figure=\"\" href=\"https:\/\/france3-regions.franceinfo.fr\/image\/5ItEWJO9mqm583Fh-NpTHajDssA\/1920x1080\/regions\/2025\/07\/31\/ftv-0018-00-01-13-07-688ba64bf383e721588978.jpg\" data-pswp-width=\"1920\" data-pswp-height=\"1080\" target=\"_blank\" rel=\"nofollow noopener\"><\/p>\n<p>          <img width=\"600\" height=\"400\" class=\"article-image lazy\" data-src=\"https:\/\/www.europesays.com\/fr\/wp-content\/uploads\/2025\/08\/ftv-0018-00-01-13-07-688ba64bf383e721588978.jpg\" alt=\"Le s\u00e9nateur Jean Sol a men\u00e9 une mission d\u2019information sur la sant\u00e9 mentale.\" fetchpriority=\"high\" as=\"image\"\/><\/p>\n<p>\n            Le s\u00e9nateur Jean Sol a men\u00e9 une mission d\u2019information sur la sant\u00e9 mentale.<br \/>\n                           \u2022<br \/>\n                                      \u00a9 FTV &#8211; Laura-Laure GALY\n                      <\/p>\n<p><\/a><\/p>\n<p><strong>Quels sont les moyens dont a besoin la psychiatrie ?<\/strong><\/p>\n<p>Il nous faut des moyens humains, des comp\u00e9tences. On a mis un focus particulier sur les centres m\u00e9dico-psychologiques (CMP), qui sont pour nous la pierre angulaire de la prise en charge, et les soins de premier recours. <\/p>\n<blockquote class=\"ftvi_content_quote\">\n<p class=\"ftvi_citation_quote\">Dans certains d\u00e9partements, on attend six mois ou un an pour avoir un rendez-vous ne serait-ce qu&rsquo;avec un infirmier en sant\u00e9 mentale, et a fortiori avec un psychiatre ou p\u00e9dopsychiatre.<\/p>\n<p>Jean Sol, s\u00e9nateur LR des Pyr\u00e9n\u00e9es-Orientales<\/p>\n<\/blockquote>\n<p>Nous sommes en p\u00e9nurie de psychiatres et p\u00e9dopsychiatres. C&rsquo;est la raison pour laquelle nous pr\u00e9conisons dans notre rapport le d\u00e9veloppement des formations d&rsquo;infirmiers en pratique avanc\u00e9e sp\u00e9cialit\u00e9 psychiatrie et sant\u00e9 mentale. C&rsquo;est le premier maillon.<\/p>\n<p><strong>Dans votre rapport, vous parlez beaucoup de la pr\u00e9vention aupr\u00e8s des jeunes et des parents. Pour ne pas arriver \u00e0 une prise en charge lourde et co\u00fbteuse, on peut aussi pr\u00e9venir ?<\/strong><\/p>\n<p>Oui, un des points \u00e9mergents de ce rapport est de travailler sur la pr\u00e9vention pour faire un \u00ab\u00a0rep\u00e9rage pr\u00e9coce\u00a0\u00bb.<\/p>\n<p>La sant\u00e9 scolaire a son r\u00f4le \u00e0 jouer. L\u00e0 aussi, il manque 50 % d&rsquo;infirmiers de sant\u00e9 scolaire. C&rsquo;est pourquoi dans la proposition de loi sur la profession des infirmiers <a href=\"https:\/\/www.senat.fr\/travaux-parlementaires\/textes-legislatifs\/la-loi-en-clair\/proposition-de-loi-sur-la-profession-dinfirmier.html\" target=\"_blank\" rel=\"noopener nofollow\">que nous venons de voter<\/a>, nous avons int\u00e9gr\u00e9 la possibilit\u00e9 pour les infirmiers de pouvoir s&rsquo;orienter vers la pratique avanc\u00e9e.<\/p>\n<p>C&rsquo;est bien au plus jeune \u00e2ge qu&rsquo;on peut rep\u00e9rer et d\u00e9tecter, pour ensuite diriger ces enfants vers une CMP et mettre en place un traitement th\u00e9rapeutique.<\/p>\n<p><a data-article-figure=\"\" href=\"https:\/\/france3-regions.franceinfo.fr\/image\/osMLSkEL0crfTBtrRU7hKnytA8I\/1920x1080\/regions\/2025\/08\/04\/perp-hopital-thuir-et-sante-mentale-2-00-02-33-18-689057e416f3f739018647.jpg\" data-pswp-width=\"1920\" data-pswp-height=\"1080\" target=\"_blank\" rel=\"nofollow noopener\"><\/p>\n<p>          <img width=\"600\" height=\"400\" class=\"article-image lazy\" data-src=\"https:\/\/www.europesays.com\/fr\/wp-content\/uploads\/2025\/08\/perp-hopital-thuir-et-sante-mentale-2-00-02-33-18-689057e416f3f739018647.jpg\" alt=\"&quot;Si on ne s'y colle pas, on va vers des jours sombres&quot;, d\u00e9plore Jean Sol, s\u00e9nateur des Pyr\u00e9n\u00e9es-Orientales.\" fetchpriority=\"high\" as=\"image\"\/><\/p>\n<p>\n            \u00ab\u00a0Si on ne s&rsquo;y colle pas, on va vers des jours sombres\u00a0\u00bb, d\u00e9plore Jean Sol, s\u00e9nateur des Pyr\u00e9n\u00e9es-Orientales.<br \/>\n                           \u2022<br \/>\n                                      \u00a9 FTV\n                      <\/p>\n<p><\/a><\/p>\n<p><strong>Pourquoi est-ce n\u00e9cessaire ?<\/strong><\/p>\n<p>Parce que toutes ces probl\u00e9matiques de sant\u00e9 mentale vont se majorer avec des conduites addictives, comme l&rsquo;exposition aux \u00e9crans pour les tout-petits.<\/p>\n<p>Plus on va investir dans la pr\u00e9vention, et moins on va d\u00e9penser ensuite. Si on ne s&rsquo;y colle pas, on va vers des jours sombres.<\/p>\n<p><strong>Qu&rsquo;est-ce que \u00e7a co\u00fbte \u00e0 la soci\u00e9t\u00e9 de ne pas prendre en charge les probl\u00e8mes de sant\u00e9 mentale ?<\/strong><\/p>\n<p>La sant\u00e9 mentale est le premier poste de d\u00e9pense de l&rsquo;assurance maladie aujourd&rsquo;hui. Il y a des moyens. Mais il faut qu&rsquo;ils soient mis au bon endroit.<\/p>\n<p>On s&rsquo;est rendu compte pendant ce travail qu&rsquo;il y avait des in\u00e9galit\u00e9s territoriales, c&rsquo;est pourquoi on propose une cartographie des besoins en sant\u00e9 mentale. \u00c0 partir de l\u00e0, il faudra cibler les moyens pour les d\u00e9partements les moins dot\u00e9s.<\/p>\n","protected":false},"excerpt":{"rendered":"Jean Sol, s\u00e9nateur des Pyr\u00e9n\u00e9es-Orientales, vient de remettre un rapport d&rsquo;information sur la sant\u00e9 mentale en France. Grande&hellip;\n","protected":false},"author":2,"featured_media":295245,"comment_status":"","ping_status":"","sticky":false,"template":"","format":"standard","meta":{"footnotes":""},"categories":[1888],"tags":[1111,1928,11,1927,1777,674,1011,27,12,1926,626,1925,25],"class_list":{"0":"post-295244","1":"post","2":"type-post","3":"status-publish","4":"format-standard","5":"has-post-thumbnail","7":"category-paris","8":"tag-actu","9":"tag-actu-paris","10":"tag-actualites","11":"tag-actualites-paris","12":"tag-eu","13":"tag-europe","14":"tag-fr","15":"tag-france","16":"tag-news","17":"tag-news-paris","18":"tag-paris","19":"tag-paris-news","20":"tag-republique-francaise"},"share_on_mastodon":{"url":"https:\/\/pubeurope.com\/@fr\/114969367528927540","error":""},"_links":{"self":[{"href":"https:\/\/www.europesays.com\/fr\/wp-json\/wp\/v2\/posts\/295244","targetHints":{"allow":["GET"]}}],"collection":[{"href":"https:\/\/www.europesays.com\/fr\/wp-json\/wp\/v2\/posts"}],"about":[{"href":"https:\/\/www.europesays.com\/fr\/wp-json\/wp\/v2\/types\/post"}],"author":[{"embeddable":true,"href":"https:\/\/www.europesays.com\/fr\/wp-json\/wp\/v2\/users\/2"}],"replies":[{"embeddable":true,"href":"https:\/\/www.europesays.com\/fr\/wp-json\/wp\/v2\/comments?post=295244"}],"version-history":[{"count":0,"href":"https:\/\/www.europesays.com\/fr\/wp-json\/wp\/v2\/posts\/295244\/revisions"}],"wp:featuredmedia":[{"embeddable":true,"href":"https:\/\/www.europesays.com\/fr\/wp-json\/wp\/v2\/media\/295245"}],"wp:attachment":[{"href":"https:\/\/www.europesays.com\/fr\/wp-json\/wp\/v2\/media?parent=295244"}],"wp:term":[{"taxonomy":"category","embeddable":true,"href":"https:\/\/www.europesays.com\/fr\/wp-json\/wp\/v2\/categories?post=295244"},{"taxonomy":"post_tag","embeddable":true,"href":"https:\/\/www.europesays.com\/fr\/wp-json\/wp\/v2\/tags?post=295244"}],"curies":[{"name":"wp","href":"https:\/\/api.w.org\/{rel}","templated":true}]}}