{"id":295246,"date":"2025-08-04T07:41:20","date_gmt":"2025-08-04T07:41:20","guid":{"rendered":"https:\/\/www.europesays.com\/fr\/295246\/"},"modified":"2025-08-04T07:41:20","modified_gmt":"2025-08-04T07:41:20","slug":"classement-des-effectifs-les-plus-chers-de-ligue-1-sur-le-mercato","status":"publish","type":"post","link":"https:\/\/www.europesays.com\/fr\/295246\/","title":{"rendered":"Classement des effectifs les plus chers de Ligue 1 sur le mercato"},"content":{"rendered":"<p><img fetchpriority=\"high\" decoding=\"async\" width=\"620\" height=\"413\" src=\"https:\/\/www.europesays.com\/fr\/wp-content\/uploads\/2025\/08\/Ousmane-Dembele-620x413.jpg\" alt=\"Classement des effectifs les plus chers de Ligue 1 sur le mercato\" class=\"wp-image-368942\"  \/>Ousmane Demb\u00e9l\u00e9 et le PSG sont les plus chers de la Ligue 1.<\/p>\n<p>A 15 jours tout pile de la reprise en <a href=\"https:\/\/sportune.20minutes.fr\/ligue-1-l1\" target=\"_blank\" rel=\"noopener\">Ligue 1<\/a> et alors que le mercato bat encore son plein, laissant aux dix-huit formations de l\u2019\u00e9lite des occasions de se renforcer (ou de d\u00e9graisser), voil\u00e0 d\u00e9j\u00e0 un premier aper\u00e7u des forces en pr\u00e9sence. En prenant pour indicateur la valorisation des \u00e9quipes sur le march\u00e9 des transferts. <\/p>\n<p>D\u2019apr\u00e8s les donn\u00e9es de la plateforme Transfermarkt, ells cumulent 3,54 milliards d\u2019euros, mais le tiers repose sur le seul <a href=\"https:\/\/sportune.20minutes.fr\/paris-saint-germain-psg\" target=\"_blank\" rel=\"noopener\">Paris Saint-Germain<\/a> dont le collectif vaut a minima plus du double que tous ses concurrents. Et trente fois la valorisation du <a href=\"https:\/\/sportune.20minutes.fr\/le-havre-ac-hac\" target=\"_blank\" rel=\"noopener\">Havre AC<\/a> pour le plus modeste.<\/p>\n<p>Les dix joueurs les plus chers appartiennent au PSG<\/p>\n<p>La moyenne d\u00e9passe l\u00e9g\u00e8rement les 196 millions d\u2019euros, c\u2019est l\u2019\u00e9quivalence de l\u2019effectif de l\u2019<a href=\"https:\/\/sportune.20minutes.fr\/ogc-nice-ogcn\" target=\"_blank\" rel=\"noopener\">OGC Nice<\/a>, par ailleurs le premier a reprendre officiellement avec une double confrontation \u00e0 venir contre le <a href=\"https:\/\/sportune.20minutes.fr\/sl-benfica\" target=\"_blank\" rel=\"noopener\">SL Benfica<\/a>, pour la qualification \u00e0 la Ligue des champions.<\/p>\n<p>Au niveau des individualit\u00e9s, les deux Parisiens Ousmane Demb\u00e9l\u00e9 et Khvicha Kvaratskhelia justifient de l\u2019estimation la plus haute \u00e0 90 millions d\u2019euros. Les joueurs du <a href=\"https:\/\/sportune.20minutes.fr\/paris-saint-germain-psg\" target=\"_blank\" rel=\"noopener\">PSG<\/a> campent l\u2019int\u00e9gralit\u00e9 du top 10 et dans le top 20 se glissent trois joueurs de l\u2019<a href=\"https:\/\/sportune.20minutes.fr\/as-monaco-asm\" target=\"_blank\" rel=\"noopener\">AS Monaco<\/a> (Maghnes Akliouche, Denis Zakaria et Mika Biereth \u00e0 respectivement 45 M\u20ac et 30 M\u20ac) et deux de l\u2019<a href=\"https:\/\/sportune.20minutes.fr\/olympique-de-marseille-om\" target=\"_blank\" rel=\"noopener\">Olympique de Marseille<\/a> que sont Mason Greenwood (40 M\u20ac) et Amine Gouiri (30 M\u20ac).<\/p>\n<p>Classement des effectifs les plus chers de Ligue 1 sur le mercato<\/p>\n<p>Paris SG = 1 130 M\u20ac<br \/>Monaco = 415,1 M\u20ac<br \/>Marseille = 294,65 M\u20ac<br \/>LOSC Lille = 262,10 M\u20ac<br \/>RC Strasbourg Alsace = 248,45 M\u20ac<br \/>Stade Rennais FC = 207,90 M\u20ac<br \/>OGC Nice = 197,65 M\u20ac<br \/>Olympique Lyonnais = 164,10 M\u20ac<br \/>RC Lens = 99,45 M\u20ac<br \/>Toulouse FC = 84,35 M\u20ac<br \/>Stade Brestois 29 = 68,00 M\u20ac<br \/>Paris FC = 66,20 M\u20ac<br \/>FC Lorient = 63,75 M\u20ac<br \/>AJ Auxerre = 61,00 M\u20ac<br \/>FC Nantes = 55,25 M\u20ac<br \/>FC Metz = 41,70 M\u20ac<br \/>Angers SCO = 39,35 M\u20ac<br \/>Le Havre AC = 38,55 M\u20ac<\/p>\n","protected":false},"excerpt":{"rendered":"Ousmane Demb\u00e9l\u00e9 et le PSG sont les plus chers de la Ligue 1. A 15 jours tout pile&hellip;\n","protected":false},"author":2,"featured_media":295247,"comment_status":"","ping_status":"","sticky":false,"template":"","format":"standard","meta":{"footnotes":""},"categories":[1888],"tags":[1111,1928,11,1927,4428,460,2266,1777,674,3317,8113,1011,27,4447,66,2267,12,1926,241,149,626,445,1925,93,2264,4448,25,4449,3087,4450,969],"class_list":{"0":"post-295246","1":"post","2":"type-post","3":"status-publish","4":"format-standard","5":"has-post-thumbnail","7":"category-paris","8":"tag-actu","9":"tag-actu-paris","10":"tag-actualites","11":"tag-actualites-paris","12":"tag-aj-auxerre","13":"tag-angers-sco","14":"tag-as-monaco","15":"tag-eu","16":"tag-europe","17":"tag-fc-lorient","18":"tag-fc-metz","19":"tag-fr","20":"tag-france","21":"tag-le-havre-ac","22":"tag-ligue-1","23":"tag-losc","24":"tag-news","25":"tag-news-paris","26":"tag-ol","27":"tag-om","28":"tag-paris","29":"tag-paris-fc","30":"tag-paris-news","31":"tag-psg","32":"tag-rc-lens","33":"tag-rc-strasbourg","34":"tag-republique-francaise","35":"tag-stade-brestois","36":"tag-stade-rennais","37":"tag-tfc","38":"tag-transfert"},"share_on_mastodon":{"url":"https:\/\/pubeurope.com\/@fr\/114969371267318342","error":""},"_links":{"self":[{"href":"https:\/\/www.europesays.com\/fr\/wp-json\/wp\/v2\/posts\/295246","targetHints":{"allow":["GET"]}}],"collection":[{"href":"https:\/\/www.europesays.com\/fr\/wp-json\/wp\/v2\/posts"}],"about":[{"href":"https:\/\/www.europesays.com\/fr\/wp-json\/wp\/v2\/types\/post"}],"author":[{"embeddable":true,"href":"https:\/\/www.europesays.com\/fr\/wp-json\/wp\/v2\/users\/2"}],"replies":[{"embeddable":true,"href":"https:\/\/www.europesays.com\/fr\/wp-json\/wp\/v2\/comments?post=295246"}],"version-history":[{"count":0,"href":"https:\/\/www.europesays.com\/fr\/wp-json\/wp\/v2\/posts\/295246\/revisions"}],"wp:featuredmedia":[{"embeddable":true,"href":"https:\/\/www.europesays.com\/fr\/wp-json\/wp\/v2\/media\/295247"}],"wp:attachment":[{"href":"https:\/\/www.europesays.com\/fr\/wp-json\/wp\/v2\/media?parent=295246"}],"wp:term":[{"taxonomy":"category","embeddable":true,"href":"https:\/\/www.europesays.com\/fr\/wp-json\/wp\/v2\/categories?post=295246"},{"taxonomy":"post_tag","embeddable":true,"href":"https:\/\/www.europesays.com\/fr\/wp-json\/wp\/v2\/tags?post=295246"}],"curies":[{"name":"wp","href":"https:\/\/api.w.org\/{rel}","templated":true}]}}