{"id":295248,"date":"2025-08-04T07:42:17","date_gmt":"2025-08-04T07:42:17","guid":{"rendered":"https:\/\/www.europesays.com\/fr\/295248\/"},"modified":"2025-08-04T07:42:17","modified_gmt":"2025-08-04T07:42:17","slug":"deplorable-a-vitry-sur-seine-la-stele-de-sohane-benziane-brulee-vive-en-2002-est-a-labandon","status":"publish","type":"post","link":"https:\/\/www.europesays.com\/fr\/295248\/","title":{"rendered":"\u00ab\u00a0D\u00e9plorable\u00a0\u00bb\u00a0: \u00e0 Vitry-sur-Seine, la st\u00e8le de Sohane Benziane, br\u00fbl\u00e9e vive en 2002, est \u00e0 l\u2019abandon"},"content":{"rendered":"<p class=\"paragraph text_align_left lp-f-body-02\">Le 4 octobre 2002, <a href=\"https:\/\/www.leparisien.fr\/val-de-marne-94\/nous-le-devions-a-la-famille-un-livre-sur-le-meurtre-sexiste-de-sohane-brulee-vive-il-y-a-20-ans-09-05-2023-7JS5CWFSSJHTDK5GU2LNOE2SEA.php\" target=\"_self\" rel=\"noopener\">Sohane Benziane<\/a>, 17 ans, est retrouv\u00e9e gravement br\u00fbl\u00e9e dans un local poubelles de la cit\u00e9. Elle succombera \u00e0 ses blessures quelques heures plus tard. Son agresseur, Jamal Derrar, 19 ans, avait pr\u00e9m\u00e9dit\u00e9 son geste pour interdire l\u2019acc\u00e8s du quartier \u00e0 la jeune fille, selon ses dires. Ce <a href=\"https:\/\/www.leparisien.fr\/val-d-oise-95\/val-doise-25-ans-de-reclusion-requis-pour-le-feminicide-premedite-daichatou-a-goussainville-07-07-2025-C7KS52YEGVGWXPHQHH2PW5JOCU.php\" target=\"_self\" rel=\"noopener\">f\u00e9minicide<\/a> avait d\u00e9clench\u00e9 une onde de choc dans tout le pays, ouvrant les d\u00e9bats sur les violences sexistes.<\/p>\n","protected":false},"excerpt":{"rendered":"Le 4 octobre 2002, Sohane Benziane, 17 ans, est retrouv\u00e9e gravement br\u00fbl\u00e9e dans un local poubelles de la&hellip;\n","protected":false},"author":2,"featured_media":295249,"comment_status":"","ping_status":"","sticky":false,"template":"","format":"standard","meta":{"footnotes":""},"categories":[1888],"tags":[11,1777,674,1011,27,1944,12,626,25,1125,43548],"class_list":{"0":"post-295248","1":"post","2":"type-post","3":"status-publish","4":"format-standard","5":"has-post-thumbnail","7":"category-paris","8":"tag-actualites","9":"tag-eu","10":"tag-europe","11":"tag-fr","12":"tag-france","13":"tag-ma-ville","14":"tag-news","15":"tag-paris","16":"tag-republique-francaise","17":"tag-val-de-marne","18":"tag-vitry-sur-seine-94400"},"share_on_mastodon":{"url":"https:\/\/pubeurope.com\/@fr\/114969375157051495","error":""},"_links":{"self":[{"href":"https:\/\/www.europesays.com\/fr\/wp-json\/wp\/v2\/posts\/295248","targetHints":{"allow":["GET"]}}],"collection":[{"href":"https:\/\/www.europesays.com\/fr\/wp-json\/wp\/v2\/posts"}],"about":[{"href":"https:\/\/www.europesays.com\/fr\/wp-json\/wp\/v2\/types\/post"}],"author":[{"embeddable":true,"href":"https:\/\/www.europesays.com\/fr\/wp-json\/wp\/v2\/users\/2"}],"replies":[{"embeddable":true,"href":"https:\/\/www.europesays.com\/fr\/wp-json\/wp\/v2\/comments?post=295248"}],"version-history":[{"count":0,"href":"https:\/\/www.europesays.com\/fr\/wp-json\/wp\/v2\/posts\/295248\/revisions"}],"wp:featuredmedia":[{"embeddable":true,"href":"https:\/\/www.europesays.com\/fr\/wp-json\/wp\/v2\/media\/295249"}],"wp:attachment":[{"href":"https:\/\/www.europesays.com\/fr\/wp-json\/wp\/v2\/media?parent=295248"}],"wp:term":[{"taxonomy":"category","embeddable":true,"href":"https:\/\/www.europesays.com\/fr\/wp-json\/wp\/v2\/categories?post=295248"},{"taxonomy":"post_tag","embeddable":true,"href":"https:\/\/www.europesays.com\/fr\/wp-json\/wp\/v2\/tags?post=295248"}],"curies":[{"name":"wp","href":"https:\/\/api.w.org\/{rel}","templated":true}]}}