{"id":295250,"date":"2025-08-04T07:43:11","date_gmt":"2025-08-04T07:43:11","guid":{"rendered":"https:\/\/www.europesays.com\/fr\/295250\/"},"modified":"2025-08-04T07:43:11","modified_gmt":"2025-08-04T07:43:11","slug":"la-ligne-clermont-paris-fortement-impactee-par-un-accident-entre-un-train-et-un-pieton","status":"publish","type":"post","link":"https:\/\/www.europesays.com\/fr\/295250\/","title":{"rendered":"La ligne Clermont-Paris fortement impact\u00e9e par un accident entre un train et un pi\u00e9ton"},"content":{"rendered":"<p itemprop=\"description\"><strong>Les faits se sont produits dans le Loiret, sur la ligne ferroviaire Clermont-Paris.<\/strong><\/p>\n<p>Aux alentours de 22h, ce dimanche 3 ao\u00fbt, un train de voyageurs a percut\u00e9 un pi\u00e9ton qui rodait sur la ligne Clermont-Paris. L\u2019accident s&rsquo;est d\u00e9roul\u00e9 dans le d\u00e9partement du Loiret, au niveau de la commune de Fontenay-sur-Loing.<\/p>\n<p>De fait, la circulation a imm\u00e9diatement \u00e9t\u00e9 interrompue. Le train Intercit\u00e9s, en partance de la capitale puydomoise \u00e0 19h27 et dont l\u2019arriv\u00e9e \u00e0 Paris Bercy \u00e9tait pr\u00e9vue \u00e0 22h57, a accus\u00e9 un retard cons\u00e9quent de deux heures.<\/p>\n<p>De quoi alimenter la col\u00e8re des usagers habituels de cet axe. Quant au pi\u00e9ton percut\u00e9, il ne serait que l\u00e9g\u00e8rement bless\u00e9 selon les informations de nos confr\u00e8res de La Montagne.<\/p>\n","protected":false},"excerpt":{"rendered":"Les faits se sont produits dans le Loiret, sur la ligne ferroviaire Clermont-Paris. Aux alentours de 22h, ce&hellip;\n","protected":false},"author":2,"featured_media":295251,"comment_status":"","ping_status":"","sticky":false,"template":"","format":"standard","meta":{"footnotes":""},"categories":[1888],"tags":[1111,11,6733,7736,650,2313,7734,2889,2263,1777,674,9375,1011,27,6417,1114,4662,12,626,3725,1825,9374,25,9373,9376,7737],"class_list":{"0":"post-295250","1":"post","2":"type-post","3":"status-publish","4":"format-standard","5":"has-post-thumbnail","7":"category-paris","8":"tag-actu","9":"tag-actualites","10":"tag-auvergne","11":"tag-cds","12":"tag-cinema","13":"tag-clermont","14":"tag-ecoute","15":"tag-emission","16":"tag-equipe","17":"tag-eu","18":"tag-europe","19":"tag-ferrand","20":"tag-fr","21":"tag-france","22":"tag-information","23":"tag-infos","24":"tag-journal","25":"tag-news","26":"tag-paris","27":"tag-podcast","28":"tag-radio","29":"tag-radiorva","30":"tag-republique-francaise","31":"tag-rva","32":"tag-thiers","33":"tag-winamp"},"share_on_mastodon":{"url":"https:\/\/pubeurope.com\/@fr\/114969379074935935","error":""},"_links":{"self":[{"href":"https:\/\/www.europesays.com\/fr\/wp-json\/wp\/v2\/posts\/295250","targetHints":{"allow":["GET"]}}],"collection":[{"href":"https:\/\/www.europesays.com\/fr\/wp-json\/wp\/v2\/posts"}],"about":[{"href":"https:\/\/www.europesays.com\/fr\/wp-json\/wp\/v2\/types\/post"}],"author":[{"embeddable":true,"href":"https:\/\/www.europesays.com\/fr\/wp-json\/wp\/v2\/users\/2"}],"replies":[{"embeddable":true,"href":"https:\/\/www.europesays.com\/fr\/wp-json\/wp\/v2\/comments?post=295250"}],"version-history":[{"count":0,"href":"https:\/\/www.europesays.com\/fr\/wp-json\/wp\/v2\/posts\/295250\/revisions"}],"wp:featuredmedia":[{"embeddable":true,"href":"https:\/\/www.europesays.com\/fr\/wp-json\/wp\/v2\/media\/295251"}],"wp:attachment":[{"href":"https:\/\/www.europesays.com\/fr\/wp-json\/wp\/v2\/media?parent=295250"}],"wp:term":[{"taxonomy":"category","embeddable":true,"href":"https:\/\/www.europesays.com\/fr\/wp-json\/wp\/v2\/categories?post=295250"},{"taxonomy":"post_tag","embeddable":true,"href":"https:\/\/www.europesays.com\/fr\/wp-json\/wp\/v2\/tags?post=295250"}],"curies":[{"name":"wp","href":"https:\/\/api.w.org\/{rel}","templated":true}]}}