{"id":295256,"date":"2025-08-04T07:46:15","date_gmt":"2025-08-04T07:46:15","guid":{"rendered":"https:\/\/www.europesays.com\/fr\/295256\/"},"modified":"2025-08-04T07:46:15","modified_gmt":"2025-08-04T07:46:15","slug":"plus-de-46-000-hectares-sont-partis-en-fumee-au-grand-canyon","status":"publish","type":"post","link":"https:\/\/www.europesays.com\/fr\/295256\/","title":{"rendered":"plus de 46 000 hectares sont partis en fum\u00e9e au Grand Canyon"},"content":{"rendered":"<p>            lire plus tard<\/p>\n<p id=\"dialog__title\" class=\"dialog__title\">Pour sauvegarder cet article, connectez-vous ou cr\u00e9ez un compte franceinfo<\/p>\n<p class=\"dialog__description\">Sans paiement. Sans abonnement.<\/p>\n<p>        Fermer la fen\u00eatre d\u2019activation des notifications France Info<\/p>\n<p>            cr\u00e9er votre compte<\/p>\n<p>            se connecter<\/p>\n<p>        Fermer la fen\u00eatre de pr\u00e9sentation<\/p>\n<p>    Publi\u00e9 le 04\/08\/2025 08:44<\/p>\n<p>        Temps de lecture : 1min &#8211; vid\u00e9o : 1min<\/p>\n<p>    <img decoding=\"async\" class=\"francetv-player-wrapper__image\" alt=\"\u00c9tats-Unis : plus de 46 000 hectares sont partis en fum\u00e9e au Grand Canyon\"  width=\"432\" height=\"243\" src=\"https:\/\/www.europesays.com\/fr\/wp-content\/uploads\/2025\/08\/grand-canyon-689055733e8c0559421902.png\" fetchpriority=\"high\"\/><\/p>\n<p>              \u00c9tats-Unis : plus de 46 000 hectares sont partis en fum\u00e9e au Grand Canyon<br \/>\n                    (franceinfo)<\/p>\n<p>      1min<\/p>\n<p class=\"c-chapo \">\n  Aux \u00c9tats-Unis, le Grand Canyon continue de se consumer. Plus de 46 000 hectares sont d\u00e9j\u00e0 partis en fum\u00e9e. Les feux se sont d\u00e9clench\u00e9s au d\u00e9but du mois de juillet et ils semblent toujours difficiles \u00e0 contr\u00f4ler.\n<\/p>\n<p><strong>Ce texte correspond \u00e0 une partie de la retranscription du reportage ci-dessus. Cliquez sur la vid\u00e9o pour la regarder en int\u00e9gralit\u00e9.<\/strong><\/p>\n<p>Un panache \u00e9pais, incandescent au-dessus du <a rel=\"noopener noreferrer nofollow\" href=\"https:\/\/www.franceinfo.fr\/environnement\/evenements-meteorologiques-extremes\/incendies-et-feux-de-foret\/incendie-du-grand-canyon-500-personnes-evacuees-par-les-secours_7373422.html\" target=\"_blank\">Grand Canyon<\/a>. Un nuage de 7 km de large, nourri par l&rsquo;incendie qui consume le parc am\u00e9ricain depuis un mois maintenant, au point d&rsquo;en \u00eatre m\u00eame visible depuis l&rsquo;espace. \u00ab\u00a0Le feu s&rsquo;\u00e9tend toujours. Malheureusement, les pompiers en perdent la ma\u00eetrise\u00a0\u00bb, pouvait-on entendre sur une cha\u00eene de t\u00e9l\u00e9vision. Les touristes sont dans les fum\u00e9es. Depuis le 4 juillet, l&rsquo;incendie \u00ab\u00a0Dragon Bravo\u00a0\u00bb progresse, il a d\u00e9j\u00e0 ravag\u00e9 pr\u00e8s de 50\u00a0000 hectares et des dizaines de b\u00e2timents, dont un h\u00f4tel historique, le seul h\u00e9bergement dans la partie nord du parc.<\/p>\n<p>Avant l&rsquo;incendie, il accueillait des dizaines de milliers de visiteurs par an. \u00ab\u00a0L&rsquo;impact est imm\u00e9diat. Cette saison, il n&rsquo;y aura plus de raison d&rsquo;aller en Arizona pour voir le Grand Canyon\u00a0\u00bb, a expliqu\u00e9 l&rsquo;ancien pr\u00e9sident de Grand Canyon Historical Society, Wayne Ranney.<\/p>\n<p>La zone est d\u00e9sormais ferm\u00e9e aux touristes et r\u00e9serv\u00e9e aux pompiers. Mais avec une s\u00e9cheresse extr\u00eame et un vent intense, apr\u00e8s un mois de lutte, ils ne parviennent pas \u00e0 arr\u00eater la course de l&rsquo;incendie, transform\u00e9 durant la semaine en m\u00e9gafeu. \u00ab\u00a0Le Grand Canyon et les petits canyons adjacents cr\u00e9ent leur propre tunnel de prise au vent. Ils sont tr\u00e8s difficiles \u00e0 combattre\u00a0\u00bb, a livr\u00e9 la porte-parole des pompiers, Lisa Jennings. L&rsquo;incendie n&rsquo;a pour l&rsquo;heure pas fait de victimes, alors qu&rsquo;il s&rsquo;agit du plus important en cours aux \u00c9tats-Unis.<\/p>\n<p class=\"related-tags__title\" role=\"heading\" aria-level=\"2\">les mots-cl\u00e9s associ\u00e9s \u00e0 cet article\n    <\/p>\n","protected":false},"excerpt":{"rendered":"lire plus tard Pour sauvegarder cet article, connectez-vous ou cr\u00e9ez un compte franceinfo Sans paiement. Sans abonnement. Fermer&hellip;\n","protected":false},"author":2,"featured_media":295257,"comment_status":"","ping_status":"","sticky":false,"template":"","format":"standard","meta":{"footnotes":""},"categories":[1589],"tags":[11,73,1866,12,1864,1865,1863,308],"class_list":{"0":"post-295256","1":"post","2":"type-post","3":"status-publish","4":"format-standard","5":"has-post-thumbnail","7":"category-etats-unis","8":"tag-actualites","9":"tag-etats-unis","10":"tag-etats-unis-damerique","11":"tag-news","12":"tag-united-states","13":"tag-united-states-of-america","14":"tag-us","15":"tag-usa"},"share_on_mastodon":{"url":"https:\/\/pubeurope.com\/@fr\/114969391017485809","error":""},"_links":{"self":[{"href":"https:\/\/www.europesays.com\/fr\/wp-json\/wp\/v2\/posts\/295256","targetHints":{"allow":["GET"]}}],"collection":[{"href":"https:\/\/www.europesays.com\/fr\/wp-json\/wp\/v2\/posts"}],"about":[{"href":"https:\/\/www.europesays.com\/fr\/wp-json\/wp\/v2\/types\/post"}],"author":[{"embeddable":true,"href":"https:\/\/www.europesays.com\/fr\/wp-json\/wp\/v2\/users\/2"}],"replies":[{"embeddable":true,"href":"https:\/\/www.europesays.com\/fr\/wp-json\/wp\/v2\/comments?post=295256"}],"version-history":[{"count":0,"href":"https:\/\/www.europesays.com\/fr\/wp-json\/wp\/v2\/posts\/295256\/revisions"}],"wp:featuredmedia":[{"embeddable":true,"href":"https:\/\/www.europesays.com\/fr\/wp-json\/wp\/v2\/media\/295257"}],"wp:attachment":[{"href":"https:\/\/www.europesays.com\/fr\/wp-json\/wp\/v2\/media?parent=295256"}],"wp:term":[{"taxonomy":"category","embeddable":true,"href":"https:\/\/www.europesays.com\/fr\/wp-json\/wp\/v2\/categories?post=295256"},{"taxonomy":"post_tag","embeddable":true,"href":"https:\/\/www.europesays.com\/fr\/wp-json\/wp\/v2\/tags?post=295256"}],"curies":[{"name":"wp","href":"https:\/\/api.w.org\/{rel}","templated":true}]}}