{"id":295260,"date":"2025-08-04T07:48:36","date_gmt":"2025-08-04T07:48:36","guid":{"rendered":"https:\/\/www.europesays.com\/fr\/295260\/"},"modified":"2025-08-04T07:48:36","modified_gmt":"2025-08-04T07:48:36","slug":"ue-mercosur-tensions-entre-berlin-et-paris-des-voix-selevent-pour-reclamer-une-scission-de-laccord-commercial","status":"publish","type":"post","link":"https:\/\/www.europesays.com\/fr\/295260\/","title":{"rendered":"UE-Mercosur : tensions entre Berlin et Paris, des voix s&rsquo;\u00e9l\u00e8vent pour r\u00e9clamer une scission de l\u2019accord commercial"},"content":{"rendered":"<p style=\"text-align: left\">L\u2019Allemagne fait monter la pression pour conclure l\u2019accord de libre-\u00e9change entre l\u2019Union europ\u00e9enne (UE) et le bloc latino-am\u00e9ricain Mercosur d\u2019ici d\u00e9cembre, tandis que des responsables politiques cl\u00e9s appellent \u00e0 scinder l\u2019accord pour contourner l\u2019opposition de la France, bl\u00e2mant le \u00ab\u2009patriotisme erron\u00e9\u2009\u00bb de Paris.<\/p>\n<p style=\"text-align: left\">Plusieurs responsables politiques allemands pressent pour la conclusion rapide d\u2019une partie de l\u2019accord de libre-\u00e9change concernant uniquement l\u2019UE, tandis que la France r\u00e9affirme son opposition, pr\u00e9occup\u00e9e par son secteur agricole et la protection de l\u2019environnement. La Commission europ\u00e9enne laisse entendre de son c\u00f4t\u00e9 qu\u2019un accord politique pourrait \u00eatre conclu avant la fin de l\u2019ann\u00e9e.<\/p>\n<p style=\"text-align: left\">\u00ab\u2009La Commission europ\u00e9enne doit diviser l\u2019accord en une partie commerciale r\u00e9serv\u00e9e \u00e0 l\u2019UE et une partie politique\u2009\u00bb, a d\u00e9clar\u00e9 \u00e0 Euractiv Markus T\u00f6ns, d\u00e9put\u00e9 et responsable de la politique commerciale pour le SPD (S&amp;D), le principal parti du gouvernement.<\/p>\n<p style=\"text-align: left\">En \u00ab\u2009divisant\u2009\u00bb l\u2019accord, la partie commerciale, qui comprend les droits de douane, les quotas d\u2019importation et un \u00ab\u2009chapitre sur la durabilit\u00e9\u2009\u00bb, pourrait \u00eatre adopt\u00e9e \u00e0 la majorit\u00e9 qualifi\u00e9e par le Conseil, sans attendre la ratification par les parlements nationaux de chacun des \u00c9tats membres.<\/p>\n<p style=\"text-align: left\">Bien que Markus T\u00f6ns ait avou\u00e9 qu\u2019il n\u2019\u00e9tait pas favorable \u00e0 l\u2019id\u00e9e de \u00ab\u2009contourner la France\u2009\u00bb, le fait de scinder l\u2019accord en deux \u00e9l\u00e9ments permettrait aux pays pro-Mercosur de contourner l\u2019opposition farouche de la France \u2014 exacerbant ainsi le conflit de longue date entre Berlin et Paris au sujet du plan d\u2019accord commercial conclu il y a 25\u00a0ans avec l\u2019Argentine, le Br\u00e9sil, le Paraguay et l\u2019Uruguay.<\/p>\n<p>Markus T\u00f6ns s\u2019oppose \u00e0 l\u2019id\u00e9e de \u00ab\u2009contourner la France\u2009\u00bb, m\u00eame si le fait de scinder l\u2019accord en deux \u00e9l\u00e9ments permettrait aux pays pro-Mercosur de contourner l\u2019opposition farouche de la France \u2014 exacerbant ainsi le conflit de longue date entre Berlin et Paris au sujet de cet accord commercial conclu il y a 25 ans avec l\u2019Argentine, le Br\u00e9sil, le Paraguay et l\u2019Uruguay.<\/p>\n<p style=\"text-align: left\">La conclusion de l\u2019accord avec le Mercosur et l\u2019accent mis sur les dispositions \u00ab\u2009<a href=\"https:\/\/www.euractiv.fr\/section\/economie\/news\/lallemagne-demande-a-la-prochaine-commission-de-se-concentrer-sur-les-accords-de-libre-echange-limites\/\" target=\"_blank\" rel=\"noopener nofollow\">r\u00e9serv\u00e9es \u00e0 l\u2019UE<\/a>\u2009\u00bb constituent une demande de longue date du chancelier allemand Olaf Scholz, qui pourrait vouloir faire aboutir l\u2019accord avant de se lancer dans la campagne \u00e9lectorale en vue des <a href=\"https:\/\/www.euractiv.fr\/section\/elections\/news\/lallemagne-organisera-des-elections-anticipees-le-23-fevrier-prochain\/\" target=\"_blank\" rel=\"noopener nofollow\">\u00e9lections anticip\u00e9es<\/a> de f\u00e9vrier.<\/p>\n<p style=\"text-align: left\">Le reste de l\u2019accord, comme les r\u00e9f\u00e9rences aux dialogues culturels et politiques et les \u00ab\u2009\u00e9l\u00e9ments essentiels\u2009\u00bb, serait mis en suspens jusqu\u2019\u00e0 ce que les parlements nationaux soient parvenus \u00e0 un consensus.<\/p>\n<p><img loading=\"lazy\" decoding=\"async\" width=\"800\" height=\"600\" src=\"https:\/\/www.europesays.com\/fr\/wp-content\/uploads\/2025\/08\/GettyImages-2178698686-800x600.jpg\" class=\"attachment-4x3 size-4x3 wp-post-image ea-media-unrolled ea-media-formatted img-responsive\" alt=\"\"\/><\/p>\n<p>Signaux contradictoires<\/p>\n<p style=\"text-align: left\">Paris a depuis longtemps fait savoir qu\u2019elle ne pouvait pas signer l\u2019accord en tant que tel, au motif qu\u2019il mettrait en p\u00e9ril l\u2019Accord de Paris \u2014 accord sur le climat \u2014 et ne garantirait pas le niveau de r\u00e9ciprocit\u00e9 n\u00e9cessaire en mati\u00e8re de normes de production sociales et environnementales, en particulier dans les secteurs agricoles.<\/p>\n<p style=\"text-align: left\">\u00ab\u2009En l\u2019\u00e9tat actuel des choses, j\u2019ai dit [\u00e0 la pr\u00e9sidente de la Commission europ\u00e9enne, Ursula von der\u00a0Leyen] que l\u2019accord n\u2019est pas et ne sera pas acceptable\u2009\u00bb, a d\u00e9clar\u00e9 le Premier ministre Michel Barnier mercredi 13 novembre \u00e0 l\u2019issue d\u2019un voyage express \u00e0 Bruxelles.<\/p>\n<p style=\"text-align: left\">L\u2019\u00e9quipe de presse de Michel Barnier a confi\u00e9 \u00e0 Euractiv qu\u2019elle ne s\u2019attendait pas \u00e0 un accord politique d\u2019ici d\u00e9cembre, avertissant que l\u2019UE ne devrait \u00ab\u2009pas aller \u00e0 l\u2019encontre d\u2019un pays comme la France\u2009\u00bb.<\/p>\n<p style=\"text-align: left\">Pendant ce temps, l\u2019\u00c9lys\u00e9e s\u2019est empress\u00e9 de noter que d\u2019autres \u00c9tats membres, comme la Pologne, la Belgique, les Pays-Bas, mais aussi Chypre et la Gr\u00e8ce ont \u00e9galement fait part de leurs inqui\u00e9tudes.<\/p>\n<p style=\"text-align: left\">Markus T\u00f6ns a cependant critiqu\u00e9 le gouvernement fran\u00e7ais pour avoir suivi un \u00ab\u2009sens patriotique erron\u00e9\u2009\u00bb en \u00ab\u2009s\u2019attachant au secteur agricole, petit, mais identitaire\u2009\u00bb.<\/p>\n<p style=\"text-align: left\">\u00ab\u2009La France doit, \u00e0 mon avis, reconsid\u00e9rer d\u2019urgence sa position et, esp\u00e9rons-le, parvenir \u00e0 un accord\u2009\u00bb, a-t-il ajout\u00e9.<\/p>\n<p style=\"text-align: left\">Contrairement \u00e0 Michel Barnier, \u00ab\u2009la Commission europ\u00e9enne et les partenaires du Mercosur sont convaincus que nous pourrons finaliser l\u2019accord cette ann\u00e9e\u2009\u00bb, a poursuivi l\u2019homme politique allemand.<\/p>\n<p style=\"text-align: left\">Il a en outre fait part de son \u00ab\u2009optimisme\u2009\u00bb quant \u00e0 la possibilit\u00e9 de conclure les n\u00e9gociations d\u2019ici les <a href=\"https:\/\/www.euractiv.fr\/section\/agriculture-alimentation\/news\/les-agriculteurs-europeens-demandent-le-blocage-de-laccord-commercial-entre-lue-et-le-mercosur\/\" target=\"_blank\" rel=\"noopener nofollow\">5 et 6\u00a0d\u00e9cembre<\/a>, date d\u2019un sommet des \u00c9tats du Mercosur.<\/p>\n<p style=\"text-align: left\">L\u2019\u00c9lys\u00e9e a refus\u00e9 de commenter les d\u00e9tails, mais a confirm\u00e9 que l\u2019ajout d\u2019un r\u00e9gime de compensation pour les agriculteurs, comme l\u2019a rapport\u00e9 Politico le mois dernier, n\u2019avait pas suffi \u00e0 infl\u00e9chir la position du pays.<\/p>\n<p><img loading=\"lazy\" decoding=\"async\" width=\"594\" height=\"396\" src=\"https:\/\/www.europesays.com\/fr\/wp-content\/uploads\/2025\/08\/GettyImages-2033268566.jpg\" class=\"attachment-4x3 size-4x3 wp-post-image ea-media-unrolled ea-media-formatted img-responsive\" alt=\"\"  \/><\/p>\n<p>Ne divisez pas l\u2019Europe<\/p>\n<p style=\"text-align: left\">L\u2019appel urgent du SPD \u00e0 diviser l\u2019accord en deux ne fait cependant pas l\u2019unanimit\u00e9 \u00e0 Berlin.<\/p>\n<p style=\"text-align: left\">Alors que l\u2019ancien partenaire de coalition du SPD, le d\u00e9put\u00e9 pro-march\u00e9 Carl-Julius Cronenberg (FDP), a indiqu\u00e9 \u00e0 Euractiv que la division de l\u2019accord ne devait pas \u00eatre un sujet tabou, Bettina Rudloff, experte en commerce et en agriculture \u00e0 l\u2019Institut allemand pour les affaires internationales et de s\u00e9curit\u00e9 (SWP), a affirm\u00e9 qu\u2019un soutien suffisant pour une telle d\u00e9cision n\u2019\u00e9tait pas garanti.<\/p>\n<p style=\"text-align: left\">\u00ab\u2009Onze pays ont sign\u00e9 une lettre exprimant explicitement leur soutien \u00e0 l\u2019accord\u2009\u00bb, a-t-elle rappel\u00e9, citant un document envoy\u00e9 par le chancelier Olaf Scholz, le Premier ministre espagnol P\u00e9dro Sanchez et neuf autres homologues \u00e0 Ursula von der Leyen en septembre.<\/p>\n<p style=\"text-align: left\">\u00ab\u2009Mais 11 ne sont pas 15\u2009\u00bb, a-t-elle not\u00e9, car 15 est le nombre d\u2019\u00c9tats membres requis pour une \u00ab\u2009majorit\u00e9 qualifi\u00e9e\u2009\u00bb au Conseil.<\/p>\n<p style=\"text-align: left\">Alors que de nombreux accords commerciaux de l\u2019UE se heurtent \u00e0 une opposition sur des \u00e9l\u00e9ments inclus dans la partie \u00ab\u2009politique\u2009\u00bb, telles que les clauses de protection des investissements, Bettina Rudloff a not\u00e9 que \u00ab\u2009dans le Mercosur, les questions les plus litigieuses se trouvent dans la partie commerciale traditionnelle\u2009\u00bb, citant les quotas d\u2019importation pour le b\u0153uf et le chapitre sur le d\u00e9veloppement durable.<\/p>\n<p style=\"text-align: left\">Par ailleurs, l\u2019accord entre l\u2019UE et le Mercosur ne comporte pas de clause de protection des investissements, non seulement \u00e0 cause de l\u2019UE, mais aussi parce que \u00ab\u2009le Br\u00e9sil est traditionnellement critique sur les r\u00e8gles respectives\u2009\u00bb, a-t-elle fait remarquer.<\/p>\n<p style=\"text-align: left\">De son c\u00f4t\u00e9, le d\u00e9put\u00e9 vert Maik Au\u00dfendorf a mis en garde contre le contournement de la France, affirmant que \u00ab\u2009l\u2019Europe ne doit pas se laisser diviser\u2009\u00bb.<\/p>\n<p style=\"text-align: left\">Le minist\u00e8re de l\u2019\u00c9conomie dirig\u00e9 par les Verts a r\u00e9it\u00e9r\u00e9 le r\u00f4le de la Commission en tant qu\u2019unique n\u00e9gociateur. La Commission \u00ab\u2009d\u00e9cide des prochaines \u00e9tapes, en particulier de l\u2019architecture de l\u2019accord\u2009\u00bb, a d\u00e9clar\u00e9 un porte-parole du minist\u00e8re \u00e0 Euractiv.<\/p>\n<p style=\"text-align: left\">Le porte-parole a n\u00e9anmoins indiqu\u00e9 que l\u2019accord \u00e9tait \u00ab\u2009d\u2019une grande importance pour l\u2019Allemagne et l\u2019UE en termes de commerce et de g\u00e9opolitique\u2009\u00bb, ajoutant que l\u2019Allemagne \u00ab\u2009est fermement en faveur de la conclusion des n\u00e9gociations avec les \u00c9tats du Mercosur avant la fin de l\u2019ann\u00e9e\u2009\u00bb.<\/p>\n<p><img loading=\"lazy\" decoding=\"async\" width=\"800\" height=\"600\" src=\"https:\/\/www.europesays.com\/fr\/wp-content\/uploads\/2025\/08\/12553385-800x600.jpg\" class=\"attachment-4x3 size-4x3 wp-post-image ea-media-unrolled ea-media-formatted img-responsive\" alt=\"\"\/><\/p>\n","protected":false},"excerpt":{"rendered":"L\u2019Allemagne fait monter la pression pour conclure l\u2019accord de libre-\u00e9change entre l\u2019Union europ\u00e9enne (UE) et le bloc latino-am\u00e9ricain&hellip;\n","protected":false},"author":2,"featured_media":295261,"comment_status":"","ping_status":"","sticky":false,"template":"","format":"standard","meta":{"footnotes":""},"categories":[1587],"tags":[11,672,1804,1805,1803,1777,674,1801,12,1802],"class_list":{"0":"post-295260","1":"post","2":"type-post","3":"status-publish","4":"format-standard","5":"has-post-thumbnail","7":"category-allemagne","8":"tag-actualites","9":"tag-allemagne","10":"tag-bundesrepublik-deutschland","11":"tag-de","12":"tag-deutschland","13":"tag-eu","14":"tag-europe","15":"tag-germany","16":"tag-news","17":"tag-republique-federale-dallemagne"},"share_on_mastodon":{"url":"https:\/\/pubeurope.com\/@fr\/114969398901134806","error":""},"_links":{"self":[{"href":"https:\/\/www.europesays.com\/fr\/wp-json\/wp\/v2\/posts\/295260","targetHints":{"allow":["GET"]}}],"collection":[{"href":"https:\/\/www.europesays.com\/fr\/wp-json\/wp\/v2\/posts"}],"about":[{"href":"https:\/\/www.europesays.com\/fr\/wp-json\/wp\/v2\/types\/post"}],"author":[{"embeddable":true,"href":"https:\/\/www.europesays.com\/fr\/wp-json\/wp\/v2\/users\/2"}],"replies":[{"embeddable":true,"href":"https:\/\/www.europesays.com\/fr\/wp-json\/wp\/v2\/comments?post=295260"}],"version-history":[{"count":0,"href":"https:\/\/www.europesays.com\/fr\/wp-json\/wp\/v2\/posts\/295260\/revisions"}],"wp:featuredmedia":[{"embeddable":true,"href":"https:\/\/www.europesays.com\/fr\/wp-json\/wp\/v2\/media\/295261"}],"wp:attachment":[{"href":"https:\/\/www.europesays.com\/fr\/wp-json\/wp\/v2\/media?parent=295260"}],"wp:term":[{"taxonomy":"category","embeddable":true,"href":"https:\/\/www.europesays.com\/fr\/wp-json\/wp\/v2\/categories?post=295260"},{"taxonomy":"post_tag","embeddable":true,"href":"https:\/\/www.europesays.com\/fr\/wp-json\/wp\/v2\/tags?post=295260"}],"curies":[{"name":"wp","href":"https:\/\/api.w.org\/{rel}","templated":true}]}}