{"id":29527,"date":"2025-04-16T16:06:12","date_gmt":"2025-04-16T16:06:12","guid":{"rendered":"https:\/\/www.europesays.com\/fr\/29527\/"},"modified":"2025-04-16T16:06:12","modified_gmt":"2025-04-16T16:06:12","slug":"cyclisme-benoit-cosnefroy-va-bientot-effectuer-son-retour-a-la-competition","status":"publish","type":"post","link":"https:\/\/www.europesays.com\/fr\/29527\/","title":{"rendered":"Cyclisme. Beno\u00eet Cosnefroy va bient\u00f4t effectuer son retour \u00e0 la comp\u00e9tition"},"content":{"rendered":"<p>            Par<br \/>\n        <strong><br \/>\n            <a href=\"https:\/\/actu.fr\/auteur\/b-hue\" title=\"Consulter tous les articles de Baptiste Hue\" target=\"_blank\" rel=\"noopener\">Baptiste Hue<\/a><br \/>\n        <\/strong><\/p>\n<p>        Publi\u00e9 le<\/p>\n<p>            14 avr. 2025 \u00e0 19h49        <\/p>\n<p>Il nous tarde de vibrer cette ann\u00e9e avec nos professionnels manchois.<\/p>\n<p class=\" wall-content\"><b>Axel Bouquet et Yohann Simon<\/b> sont encore un peu tendres pour leurs premiers pas chez les \u00ab grands \u00bb, <b>L\u00e9andre Lozouet <\/b>se fait le cuir sur le circuit World Tour, <b>Anthony Delaplace<\/b> se cantonne essentiellement \u00e0 un r\u00f4le d\u2019\u00e9quipier, tandis que <b>Paul Lapeira<\/b>, apr\u00e8s une prometteuse 2e place sur la Classic Var le 21\u00a0f\u00e9vrier, a \u00e9t\u00e9 contraint depuis de mettre le clignotant en raison d\u2019un p\u00e9pin physique.<\/p>\n<p class=\" wall-content\">Le grand absent, celui qui cristallise toutes les attentes des passionn\u00e9s depuis plusieurs saisons, reste bien \u00e9videmment <b>Beno\u00eet Cosnefroy.<\/b><\/p>\n<p>Une croix sur toutes les classiques ardennaises<\/p>\n<p class=\" wall-content\"><b>Op\u00e9r\u00e9 du genou en janvier,<\/b> l\u2019homme aux 20 victoires chez les pros (dont 7 l\u2019an pass\u00e9) n\u2019a toujours pas accroch\u00e9 de dossard cette saison. <b>Son retour \u00e0 l\u2019entra\u00eenement s\u2019est effectu\u00e9 en douceur, d\u00e9but mars<\/b>, avec des sorties peu intenses, sans d\u00e9nivel\u00e9.<\/p>\n<p class=\" wall-content\">Pas question de pr\u00e9cipiter les choses pour le staff m\u00e9dical de <b>Decathlon-AG2R La Mondiale<\/b>, soucieux de pr\u00e9venir une \u00e9ventuelle rechute. La prudence est \u00e9galement de rigueur pour son retour \u00e0 la comp\u00e9tition. Alors qu\u2019il figure encore sur la liste des inscrits pour l\u2019Amstel Gold Race pr\u00e9vue dimanche prochain, un choix qui paraissait \u00e9trange pour une reprise, <b>l\u2019ancien champion du monde espoirs va sagement zapper l\u2019ensemble de la campagne des classiques ardennaises, son habituel terrain de jeu de pr\u00e9dilection.<\/b><\/p>\n<p class=\" wall-content\">\u00ab Il ne va pas reprendre \u00e0 l\u2019Amstel, mais <b>c\u2019est pour bient\u00f4t <\/b>\u00bb, confiait ce lundi 14 avril le p\u00f4le communication de la formation savoyarde, qui donnera prochainement les d\u00e9tails de sa reprise.<\/p>\n<p class=\" wall-content\"><b>Selon toute vraisemblance, ce retour s\u2019effectuera en Classe 1 ou en Pro Series<\/b>, et non en World Tour.<\/p>\n<p>Un retour en Bretagne le 10\u00a0mai ?<\/p>\n<p class=\" wall-content\">Le nom de Beno\u00eet Cosnefroy appara\u00eet ainsi dans la \u00ab start-list \u00bb pour deux manches de Coupe de France,<b> le 10\u00a0mai au GP du Morbihan et le 11\u00a0mai au Tro Bro L\u00e9on<\/b>. Sera-t-il au d\u00e9part de ces deux courses ? Reprendra-t-il finalement plus t\u00f4t ? <b>La r\u00e9ponse devrait tomber ces prochains jours\u2026 <\/b><\/p>\n<p class=\" wall-content\">En attendant, son retour imminent est de nature \u00e0 r\u00e9jouir ses fans qui attendent avec impatience de revoir \u00e0 la t\u00e9l\u00e9vision les exploits de leur puncheur pr\u00e9f\u00e9r\u00e9.<\/p>\n<p class=\" wall-content\">\u00ab La saison est encore longue ! <b>Il aura de la fra\u00eecheur quand les autres commenceront \u00e0 tirer la langue\u2026<\/b> Il sera champion de France en juin et il gagnera une \u00e9tape au Tour en juillet \u00bb, s\u2019avan\u00e7ait r\u00e9cemment Alain Leclerc, son premier entra\u00eeneur, persuad\u00e9 de retrouver rapidement un Beno\u00eet Cosnefroy aussi comp\u00e9titif que la saison derni\u00e8re.<\/p>\n<p class=\" wall-content\">Suivez toute l\u2019actualit\u00e9 de vos villes et m\u00e9dias favoris en vous inscrivant \u00e0 <a href=\"https:\/\/moncompte.actu.fr\" title=\"D\u00e9couvez Mon Actu\" rel=\"nofollow noopener\" data-trk=\"{&quot;cta&quot;:{&quot;action&quot;:&quot;https:\\\/\\\/moncompte.actu.fr&quot;,&quot;category&quot;:&quot;mon compte&quot;,&quot;from&quot;:&quot;article footer&quot;,&quot;name&quot;:&quot;Mon actu&quot;,&quot;type&quot;:&quot;cta&quot;}}\" target=\"_blank\">Mon Actu<\/a>.<\/p>\n<ul class=\"ac-article-tag wall-content\">\n<li><a href=\"https:\/\/actu.fr\/tag\/benoit-cosnefroy\" data-trk=\"{&quot;cta&quot;:{&quot;action&quot;:&quot;Beno\\u00eet Cosnefroy&quot;,&quot;category&quot;:&quot;tag&quot;,&quot;from&quot;:&quot;article footer&quot;,&quot;name&quot;:&quot;Beno\\u00eet Cosnefroy&quot;,&quot;type&quot;:&quot;cta&quot;}}\" target=\"_blank\" rel=\"noopener\">#Beno\u00eet Cosnefroy<\/a><\/li>\n<li><a href=\"https:\/\/actu.fr\/tag\/cotentin\" data-trk=\"{&quot;cta&quot;:{&quot;action&quot;:&quot;Cotentin&quot;,&quot;category&quot;:&quot;tag&quot;,&quot;from&quot;:&quot;article footer&quot;,&quot;name&quot;:&quot;Cotentin&quot;,&quot;type&quot;:&quot;cta&quot;}}\" target=\"_blank\" rel=\"noopener\">#Cotentin<\/a><\/li>\n<\/ul>\n","protected":false},"excerpt":{"rendered":"Par Baptiste Hue Publi\u00e9 le 14 avr. 2025 \u00e0 19h49 Il nous tarde de vibrer cette ann\u00e9e avec&hellip;\n","protected":false},"author":2,"featured_media":29528,"comment_status":"","ping_status":"","sticky":false,"template":"","format":"standard","meta":{"footnotes":""},"categories":[1411],"tags":[10275,3168,1154,207,1011,27,60],"class_list":{"0":"post-29527","1":"post","2":"type-post","3":"status-publish","4":"format-standard","5":"has-post-thumbnail","7":"category-cyclisme","8":"tag-benoit-cosnefroy","9":"tag-cotentin","10":"tag-cycling","11":"tag-cyclisme","12":"tag-fr","13":"tag-france","14":"tag-sports"},"share_on_mastodon":{"url":"https:\/\/pubeurope.com\/@fr\/114348502772727034","error":""},"_links":{"self":[{"href":"https:\/\/www.europesays.com\/fr\/wp-json\/wp\/v2\/posts\/29527","targetHints":{"allow":["GET"]}}],"collection":[{"href":"https:\/\/www.europesays.com\/fr\/wp-json\/wp\/v2\/posts"}],"about":[{"href":"https:\/\/www.europesays.com\/fr\/wp-json\/wp\/v2\/types\/post"}],"author":[{"embeddable":true,"href":"https:\/\/www.europesays.com\/fr\/wp-json\/wp\/v2\/users\/2"}],"replies":[{"embeddable":true,"href":"https:\/\/www.europesays.com\/fr\/wp-json\/wp\/v2\/comments?post=29527"}],"version-history":[{"count":0,"href":"https:\/\/www.europesays.com\/fr\/wp-json\/wp\/v2\/posts\/29527\/revisions"}],"wp:featuredmedia":[{"embeddable":true,"href":"https:\/\/www.europesays.com\/fr\/wp-json\/wp\/v2\/media\/29528"}],"wp:attachment":[{"href":"https:\/\/www.europesays.com\/fr\/wp-json\/wp\/v2\/media?parent=29527"}],"wp:term":[{"taxonomy":"category","embeddable":true,"href":"https:\/\/www.europesays.com\/fr\/wp-json\/wp\/v2\/categories?post=29527"},{"taxonomy":"post_tag","embeddable":true,"href":"https:\/\/www.europesays.com\/fr\/wp-json\/wp\/v2\/tags?post=29527"}],"curies":[{"name":"wp","href":"https:\/\/api.w.org\/{rel}","templated":true}]}}