{"id":295272,"date":"2025-08-04T07:54:21","date_gmt":"2025-08-04T07:54:21","guid":{"rendered":"https:\/\/www.europesays.com\/fr\/295272\/"},"modified":"2025-08-04T07:54:21","modified_gmt":"2025-08-04T07:54:21","slug":"premiere-victoire-pour-julian-suri-jeremy-gandon-et-adrien-dumont-de-chassart-dans-le-ventre-mou-du-classement","status":"publish","type":"post","link":"https:\/\/www.europesays.com\/fr\/295272\/","title":{"rendered":"Premi\u00e8re victoire pour Julian Suri, J\u00e9r\u00e9my Gandon et Adrien Dumont de Chassart dans le ventre mou du classement"},"content":{"rendered":"<p>\t\t\t\t\t\t<img width=\"770\" height=\"556\" src=\"https:\/\/www.europesays.com\/fr\/wp-content\/uploads\/2025\/05\/afp__20250206__2198035020__v1__highres__astaragolfchampionshippresentedbymastercard2-770x556.jpg\" class=\"img-responsive wp-post-image\" alt=\"\" decoding=\"async\" fetchpriority=\"high\"  \/>\t\t\t\t\t<\/p>\n<p>\t\t\t\t\t\t Partager cet article <\/p>\n<p class=\"screen-reader-text juiz_sps_maybe_hidden_text\">Partager la publication \u00ab\u00a0Premi\u00e8re victoire pour Julian Suri, J\u00e9r\u00e9my Gandon et Adrien Dumont de Chassart dans le ventre mou du classement\u00a0\u00bb<\/p>\n<p><strong>Julian Suri a d\u00e9croch\u00e9 sa premi\u00e8re victoire sur le Korn Ferry Tour et relanc\u00e9 son r\u00eave d\u2019\u00e9voluer sur le PGA Tour, tandis que J\u00e9r\u00e9my Gandon et Adrien Dumont de Chassart ont c\u00e9d\u00e9 du terrain.<\/strong><\/p>\n<p>\t\t\t\t\t<a id=\"181426\" href=\"https:\/\/leclub-golf.com\/fr\/green-fees?online=1&amp;utm_source=golf+planete&amp;utm_medium=referral&amp;utm_campaign=green+fee+en+ligne&amp;utm_id=green+fee+en+ligne_golf+planete_referral_banner\" target=\"_blank\" rel=\"sponsorised noopener\"><img decoding=\"async\" src=\"data:image\/svg+xml,%3Csvg%20xmlns=\" http:=\"\" class=\"img-responsive\" alt=\"\" data-lazy-src=\"https:\/\/www.europesays.com\/fr\/wp-content\/uploads\/2025\/08\/leclubgolf-e09-effet-classique-1170x275png.png\"\/><\/a><\/p>\n<p>Au terme d\u2019un dernier tour \u00e9blouissant sur le parcours de l\u2019<strong>Ogden Golf &amp; Country Club<\/strong>, dans l\u2019Utah, <strong>Julian Suri<\/strong>, qui a longtemps \u00e9volu\u00e9 en Europe, a frapp\u00e9 un grand coup en remportant son tout premier titre sur le <strong>Korn Ferry Tour<\/strong> lors de l\u2019<strong>Utah Championship<\/strong>. Sa derni\u00e8re victoire remontait au <strong>Made In Denmark<\/strong> de 2017 sur le <strong>DP World Tour<\/strong>.<\/p>\n<p><a href=\"https:\/\/www.pgatour.com\/korn-ferry-tour\/leaderboard\" target=\"_blank\" rel=\"noopener\">Retrouvez le classement complet<\/a><\/p>\n<p>Gr\u00e2ce \u00e0 une ultime carte de 63, il conclut \u00e0 -18, deux coups devant un peloton acharn\u00e9, offrant une nouvelle dimension \u00e0 sa carri\u00e8re outre-Atlantique et se rapprochant du pr\u00e9cieux s\u00e9same pour le <strong>PGA Tour<\/strong>.<\/p>\n<p>\t\t\t\t\t<a id=\"180488\" href=\"https:\/\/golfplus.fr\/\" target=\"_blank\" rel=\"sponsorised noopener\"><img decoding=\"async\" src=\"data:image\/svg+xml,%3Csvg%20xmlns=\" http:=\"\" class=\"img-responsive\" alt=\"\" data-lazy-src=\"https:\/\/www.europesays.com\/fr\/wp-content\/uploads\/2025\/07\/golfplus-e19-livraison-lieu-vacances-1170x275-1.jpg\"\/><\/a><br \/>\nGandon et Dumont de Chassart sur le reculoir<\/p>\n<p>L\u2019Am\u00e9ricain \u00e2g\u00e9 de 34 ans est en effet remont\u00e9 de 40 rangs au <a href=\"https:\/\/www.pgatour.com\/korn-ferry-tour\/pointslist\" target=\"_blank\" rel=\"noopener\">classement g\u00e9n\u00e9ral du Korn Ferry Tour<\/a> dont il occupe d\u00e9sormais la 16e place, trois unit\u00e9s derri\u00e8re <strong>J\u00e9r\u00e9my Gandon<\/strong>.<\/p>\n<p>Apr\u00e8s un cut rat\u00e9 la semaine pass\u00e9e, le Dr\u00f4mois, vainqueur en d\u00e9but de saison du <strong>Club Car Championship<\/strong>, a rendu une derni\u00e8re carte de 68 (-2) pour boucler le tournoi \u00e0 la 37e place. Cela n\u2019ampute heureusement pas ses chances de d\u00e9crocher une carte sur le PGA Tour, puisque les 20 premiers non-exempt\u00e9s l\u2019obtiennent automatiquement.<\/p>\n<p><strong>Adrien Dumont de Chassart<\/strong> va devoir redoubler d\u2019efforts, puisqu\u2019apr\u00e8s un d\u00e9part canon qui l\u2019avait vu occuper la 2e place \u00e0 l\u2019issue du 2e tour, il a rat\u00e9 son week-end et pointe au 25e rang.<\/p>\n<p>\t\t\t\t\t<a id=\"181442\" href=\"https:\/\/www.formigolf.fr\/voyage-pays~fairplay_golf__spa_resort_5etoiles_cadiz~199~espagne\" target=\"_blank\" rel=\"sponsorised noopener\"><img decoding=\"async\" src=\"data:image\/svg+xml,%3Csvg%20xmlns=\" http:=\"\" class=\"img-responsive\" alt=\"\" data-lazy-src=\"https:\/\/www.europesays.com\/fr\/wp-content\/uploads\/2025\/08\/formigolf-e08-andalousie-cadiz-1170x275-1.gif\"\/><\/a><br \/>\nLe leaderboard<\/p>\n<p><img loading=\"lazy\" decoding=\"async\" class=\"aligncenter wp-image-181507 size-full\" src=\"data:image\/svg+xml,%3Csvg%20xmlns=\" http:=\"\" alt=\"\" width=\"761\" height=\"530\" data-lazy- data-lazy- data-lazy-src=\"https:\/\/www.europesays.com\/fr\/wp-content\/uploads\/2025\/08\/utah-championship-tour-4-e1754277302957.jpg\"\/><\/p>\n<p>\t\t\t\t<img loading=\"lazy\" decoding=\"async\" src=\"data:image\/svg+xml,%3Csvg%20xmlns=\" http:=\"\" attributionsrc=\"\" border=\"0\" height=\"1\" width=\"1\" alt=\"Advertisement\" data-lazy-src=\"https:\/\/www.europesays.com\/fr\/wp-content\/uploads\/2025\/08\/B33661776.421948095;dc_trk_aid=614321628;dc_trk_cid=235413172;ord=[timestamp];dc_lat=;dc_rdid=;tag_f.gif\"\/><\/p>\n<p>\t\t\t\t\t<a id=\"174697\" href=\"https:\/\/ad.doubleclick.net\/ddm\/trackclk\/N6600.3770024GOLFPLANATE\/B33661776.421948095;dc_trk_aid=614321628;dc_trk_cid=235413172;dc_lat=;dc_rdid=;tag_for_child_directed_treatment=;tfua=;gdpr=${GDPR};gdpr_consent=${GDPR_CONSENT_755};ltd=;dc_tdv=1\" target=\"_blank\" rel=\"sponsorised noopener\"><img fetchpriority=\"high\" decoding=\"async\" src=\"https:\/\/www.europesays.com\/fr\/wp-content\/uploads\/2025\/06\/amundi-e01-retraite-2506-1170x275-1.jpg\" class=\"img-responsive\" alt=\"\"\/><\/a><\/p>\n<p>\u00a9\u00a0 Photo : Hector Vivas \/ Getty Images via AFP<\/p>\n","protected":false},"excerpt":{"rendered":"Partager cet article Partager la publication \u00ab\u00a0Premi\u00e8re victoire pour Julian Suri, J\u00e9r\u00e9my Gandon et Adrien Dumont de Chassart&hellip;\n","protected":false},"author":2,"featured_media":129305,"comment_status":"","ping_status":"","sticky":false,"template":"","format":"standard","meta":{"footnotes":""},"categories":[1418],"tags":[1011,27,1472,60],"class_list":{"0":"post-295272","1":"post","2":"type-post","3":"status-publish","4":"format-standard","5":"has-post-thumbnail","7":"category-golf","8":"tag-fr","9":"tag-france","10":"tag-golf","11":"tag-sports"},"share_on_mastodon":{"url":"https:\/\/pubeurope.com\/@fr\/114969422257940186","error":""},"_links":{"self":[{"href":"https:\/\/www.europesays.com\/fr\/wp-json\/wp\/v2\/posts\/295272","targetHints":{"allow":["GET"]}}],"collection":[{"href":"https:\/\/www.europesays.com\/fr\/wp-json\/wp\/v2\/posts"}],"about":[{"href":"https:\/\/www.europesays.com\/fr\/wp-json\/wp\/v2\/types\/post"}],"author":[{"embeddable":true,"href":"https:\/\/www.europesays.com\/fr\/wp-json\/wp\/v2\/users\/2"}],"replies":[{"embeddable":true,"href":"https:\/\/www.europesays.com\/fr\/wp-json\/wp\/v2\/comments?post=295272"}],"version-history":[{"count":0,"href":"https:\/\/www.europesays.com\/fr\/wp-json\/wp\/v2\/posts\/295272\/revisions"}],"wp:featuredmedia":[{"embeddable":true,"href":"https:\/\/www.europesays.com\/fr\/wp-json\/wp\/v2\/media\/129305"}],"wp:attachment":[{"href":"https:\/\/www.europesays.com\/fr\/wp-json\/wp\/v2\/media?parent=295272"}],"wp:term":[{"taxonomy":"category","embeddable":true,"href":"https:\/\/www.europesays.com\/fr\/wp-json\/wp\/v2\/categories?post=295272"},{"taxonomy":"post_tag","embeddable":true,"href":"https:\/\/www.europesays.com\/fr\/wp-json\/wp\/v2\/tags?post=295272"}],"curies":[{"name":"wp","href":"https:\/\/api.w.org\/{rel}","templated":true}]}}