{"id":295273,"date":"2025-08-04T07:56:10","date_gmt":"2025-08-04T07:56:10","guid":{"rendered":"https:\/\/www.europesays.com\/fr\/295273\/"},"modified":"2025-08-04T07:56:10","modified_gmt":"2025-08-04T07:56:10","slug":"transfert-janse-roux-proche-de-grenoble","status":"publish","type":"post","link":"https:\/\/www.europesays.com\/fr\/295273\/","title":{"rendered":"Transfert : Janse Roux proche de Grenoble"},"content":{"rendered":"<p>Janse Roux vers un pr\u00eat \u00e0 Grenoble ?<\/p>\n<p>Publi\u00e9 le lundi  4 ao\u00fbt 2025 \u00e0 06:00<\/p>\n<p><img loading=\"lazy\" decoding=\"async\" src=\"https:\/\/www.europesays.com\/fr\/wp-content\/uploads\/2025\/08\/688fd3fc7bd5b.jpg\" alt=\"\" width=\"1280\" height=\"720\"\/><\/p>\n<p><strong>Tandis que certains clubs sont en train de travailler sur leur recrutement pour la saison 2026\/2027, d&rsquo;autres n&rsquo;ont pas fini avec celui de 2025\/2026. Le mois d&rsquo;ao\u00fbt promet d&rsquo;\u00eatre encore actif m\u00eame si les possibilit\u00e9s d&rsquo;inscriptions sont limit\u00e9es. Le poste de 2e ligne est en tension.<br \/><\/strong><\/p>\n<p>Brive est actif cet \u00e9t\u00e9, notamment dans le sens des d\u00e9parts. Comme si l&rsquo;effectif constitu\u00e9 \u00e9tait loin d&rsquo;\u00eatre parfait. Mais attention \u00e0 ce que cela ne d\u00e9stabilise pas le groupe, confront\u00e9 \u00e0 beaucoup de changements depuis juillet.<\/p>\n<p><strong>Selon Rugby Scope, Janse Roux va \u00eatre pr\u00eat\u00e9 une saison du c\u00f4t\u00e9 de Grenoble.<br \/><\/strong><\/p>\n<blockquote class=\"twitter-tweet\">\n<p dir=\"ltr\" lang=\"fr\"><a href=\"https:\/\/twitter.com\/hashtag\/TRANSFERTS?src=hash&amp;ref_src=twsrc%5Etfw\" rel=\"nofollow noopener\" target=\"_blank\">#TRANSFERTS<\/a> <br \/>Janse Roux, le deuxi\u00e8me ligne sud-africain qui s&rsquo;\u00e9tait engag\u00e9 \u00e0 Brive, ne devrait pas faire de vieux os en Corr\u00e8ze.<br \/>Les informations ici \u27a1\ufe0f <a href=\"https:\/\/t.co\/NzzPkpLWEZ\" rel=\"nofollow\">https:\/\/t.co\/NzzPkpLWEZ<\/a> <a href=\"https:\/\/t.co\/e8WRud6qkI\" rel=\"nofollow\">pic.twitter.com\/e8WRud6qkI<\/a><\/p>\n<p>\u2014 Rugby Scope (@RugbyScope) <a href=\"https:\/\/twitter.com\/RugbyScope\/status\/1951979370341433552?ref_src=twsrc%5Etfw\" rel=\"nofollow noopener\" target=\"_blank\">August 3, 2025<\/a><\/p><\/blockquote>\n<p>\u00a0<\/p>\n<p>Form\u00e9 en Afrique du Sud, <a href=\"https:\/\/www.allezbriverugby.com\/joueurs\/janse-roux\/\" rel=\"nofollow noopener\" target=\"_blank\">Janse Roux<\/a> rejoint la France en 2017 en d\u00e9barquant \u00e0 Bourgoin. <strong>Apr\u00e8s deux saisons dans l&rsquo;Is\u00e8re, le 2e ligne sud-africain rejoint Soyaux-Angoul\u00eame<\/strong>. En Charente, il joue alternativement en Pro D2 et en Nationale mais devient un joueur important des Violets. <strong>En 2023, il rejoint Colomiers<\/strong>. Il s&rsquo;adapte bien \u00e0 une \u00e9quipe joueuse et offensive, n&rsquo;\u00e9tant pas maladroit dans les phases offensives malgr\u00e9 un physique de d\u00e9m\u00e9nageur. Apr\u00e8s cette exp\u00e9rience colum\u00e9rine, il d\u00e9cide avec plusieurs co\u00e9quipiers de rejoindre Brive pour la saison 2025\/2026.<\/p>\n<p>Sauf que voil\u00e0, <strong>un probl\u00e8me va se pr\u00e9senter \u00e0 Brive<\/strong>. Avec le recrutement de Ben Tapuai, <strong>Brive est en sureffectif de non JIFF<\/strong>. Il faut soit sacrifier une recrue officialis\u00e9e au printemps soit un joueur prolong\u00e9 mi-juin. Plusieurs noms apparaissent : Janse Roux, Taniela Sadrugu, Asaeli Tuivuaka. Devant compenser le d\u00e9part de Thomas Lainault au Racing 92, Grenoble est \u00e0 la recherche de renfort en 2e ligne. <strong>L&rsquo;option du pr\u00eat de Roux semble cocher toutes les cases du c\u00f4t\u00e9 de Brive et de Grenoble. Option \u00e0 court terme et dans l&rsquo;urgence mais qui r\u00e8gle un probl\u00e8me dans chacun des deux clubs.<br \/><\/strong><\/p>\n<p>\u00a0<\/p>\n<p>Retrouvez toutes les infos dans notre tableau\u00a0<a href=\"https:\/\/www.allezbriverugby.com\/transferts\/transferts.html\" rel=\"nofollow noopener\" target=\"_blank\">transferts du CA Brive rugby<\/a>\u00a0pour la saison 2025\/2026<\/p>\n<p style=\"text-align: left;\">\u00a0<\/p>\n<p>                <script async src=\"https:\/\/platform.twitter.com\/widgets.js\" charset=\"utf-8\"><\/script><\/p>\n","protected":false},"excerpt":{"rendered":"Janse Roux vers un pr\u00eat \u00e0 Grenoble ? Publi\u00e9 le lundi 4 ao\u00fbt 2025 \u00e0 06:00 Tandis que&hellip;\n","protected":false},"author":2,"featured_media":295274,"comment_status":"","ping_status":"","sticky":false,"template":"","format":"standard","meta":{"footnotes":""},"categories":[1416],"tags":[1011,27,479,1468,60],"class_list":{"0":"post-295273","1":"post","2":"type-post","3":"status-publish","4":"format-standard","5":"has-post-thumbnail","7":"category-rugby","8":"tag-fr","9":"tag-france","10":"tag-rugby","11":"tag-rugby-football","12":"tag-sports"},"share_on_mastodon":{"url":"https:\/\/pubeurope.com\/@fr\/114969430181362561","error":""},"_links":{"self":[{"href":"https:\/\/www.europesays.com\/fr\/wp-json\/wp\/v2\/posts\/295273","targetHints":{"allow":["GET"]}}],"collection":[{"href":"https:\/\/www.europesays.com\/fr\/wp-json\/wp\/v2\/posts"}],"about":[{"href":"https:\/\/www.europesays.com\/fr\/wp-json\/wp\/v2\/types\/post"}],"author":[{"embeddable":true,"href":"https:\/\/www.europesays.com\/fr\/wp-json\/wp\/v2\/users\/2"}],"replies":[{"embeddable":true,"href":"https:\/\/www.europesays.com\/fr\/wp-json\/wp\/v2\/comments?post=295273"}],"version-history":[{"count":0,"href":"https:\/\/www.europesays.com\/fr\/wp-json\/wp\/v2\/posts\/295273\/revisions"}],"wp:featuredmedia":[{"embeddable":true,"href":"https:\/\/www.europesays.com\/fr\/wp-json\/wp\/v2\/media\/295274"}],"wp:attachment":[{"href":"https:\/\/www.europesays.com\/fr\/wp-json\/wp\/v2\/media?parent=295273"}],"wp:term":[{"taxonomy":"category","embeddable":true,"href":"https:\/\/www.europesays.com\/fr\/wp-json\/wp\/v2\/categories?post=295273"},{"taxonomy":"post_tag","embeddable":true,"href":"https:\/\/www.europesays.com\/fr\/wp-json\/wp\/v2\/tags?post=295273"}],"curies":[{"name":"wp","href":"https:\/\/api.w.org\/{rel}","templated":true}]}}