{"id":295277,"date":"2025-08-04T07:59:10","date_gmt":"2025-08-04T07:59:10","guid":{"rendered":"https:\/\/www.europesays.com\/fr\/295277\/"},"modified":"2025-08-04T07:59:10","modified_gmt":"2025-08-04T07:59:10","slug":"retour-sur-la-somptueuse-scene-du-podium-de-zarco-a-suzuka-avec-son-backflip-comme-en-motogp","status":"publish","type":"post","link":"https:\/\/www.europesays.com\/fr\/295277\/","title":{"rendered":"Retour sur la somptueuse sc\u00e8ne du podium de Zarco \u00e0 Suzuka, avec son backflip, comme en MotoGP !"},"content":{"rendered":"<p>C\u2019est la deuxi\u00e8me fois de l\u2019ann\u00e9e que Johann Zarco r\u00e9alise son fameux et traditionnel Backflip ! Figure de gymnaste qu\u2019il r\u00e9alise g\u00e9n\u00e9ralement apr\u00e8s une victoire. Ainsi, apr\u00e8s son succ\u00e8s sur le Grand-Prix de France de MotoGP, au Mans, le tricolore a r\u00e9alis\u00e9 la m\u00eame action dimanche dernier, au Japon. Vainqueur pour la deuxi\u00e8me fois, cons\u00e9cutivement, des 8h de Suzuka, le pilote Honda a donc assur\u00e9 le show, sur le podium. Voici la sc\u00e8ne en question ainsi que la s\u00e9quence du podium, mettant aussi en valeur son coll\u00e8gue de chez Yamaha, Jack Miller, tout sourire aux l\u00e8vres.<\/p>\n<blockquote class=\"instagram-media\" style=\"background: #FFF; border: 0; border-radius: 3px; box-shadow: 0 0 1px 0 rgba(0,0,0,0.5),0 1px 10px 0 rgba(0,0,0,0.15); margin: 1px; max-width: 540px; min-width: 326px; padding: 0; width: calc(100% - 2px);\" data-instgrm-captioned=\"\" data-instgrm-permalink=\"https:\/\/www.instagram.com\/reel\/DM5M_WzyHRW\/?utm_source=ig_embed&amp;utm_campaign=loading\" data-instgrm-version=\"14\">\n<\/blockquote>\n<p>Article publi\u00e9 le 04\/08\/2025 \u00e0 5h54<\/p>\n<p>                                            <img loading=\"lazy\" alt=\"\" class=\"avatar avatar-100 photo lazyload\" height=\"100\" width=\"100\" decoding=\"async\" src=\"https:\/\/www.europesays.com\/fr\/wp-content\/uploads\/2025\/08\/1754294350_356_ffbb894c35ea5189d599d4ea062c98b86ffb67cc602fa683ebcbf422a80fc47a\"  data-eio-rwidth=\"100\" data-eio-rheight=\"100\"\/><\/p>\n<p class=\"h2\">\n                                            Julien Barthet\n                                        <\/p>\n<p>R\u00e9dacteur professionnel, titulaire de la carte de presse pendant 3 ans. Fondateur\/Directeur et R\u00e9dacteur en chef Le Mag Sport Auto et LeMagJeuxHighTech.com.&#13;<br \/>\nEx-Pilote automobile : 55 courses (Formule Ford, F.Campus, Coupe 206 Sprint et Relais, Saxo, Ford Fiesta Allemagne, Mitjet) 1 Victoire. Essais F3, Nascar Euro, Caterham, F.Renault, etc.<\/p>\n<p>                                                                                                                            <a href=\"https:\/\/lemagsportauto.ouest-france.fr\/author\/lmsa_adm\/\" title=\"Julien Barthet\" rel=\"nofollow noopener\" target=\"_blank\"><br \/>\n                                                Voir les publications de l&rsquo;auteur<br \/>\n                                            <\/a><\/p>\n<p>                                <script async src=\"\/\/www.instagram.com\/embed.js\"><\/script><\/p>\n","protected":false},"excerpt":{"rendered":"C\u2019est la deuxi\u00e8me fois de l\u2019ann\u00e9e que Johann Zarco r\u00e9alise son fameux et traditionnel Backflip ! Figure de&hellip;\n","protected":false},"author":2,"featured_media":295278,"comment_status":"","ping_status":"","sticky":false,"template":"","format":"standard","meta":{"footnotes":""},"categories":[1413],"tags":[1011,27,1741,1457,1456,1458,60,1582],"class_list":{"0":"post-295277","1":"post","2":"type-post","3":"status-publish","4":"format-standard","5":"has-post-thumbnail","7":"category-moto","8":"tag-fr","9":"tag-france","10":"tag-johann-zarco","11":"tag-moto","12":"tag-motocycle","13":"tag-motogp","14":"tag-sports","15":"tag-suzuka"},"share_on_mastodon":{"url":"https:\/\/pubeurope.com\/@fr\/114969442002138672","error":""},"_links":{"self":[{"href":"https:\/\/www.europesays.com\/fr\/wp-json\/wp\/v2\/posts\/295277","targetHints":{"allow":["GET"]}}],"collection":[{"href":"https:\/\/www.europesays.com\/fr\/wp-json\/wp\/v2\/posts"}],"about":[{"href":"https:\/\/www.europesays.com\/fr\/wp-json\/wp\/v2\/types\/post"}],"author":[{"embeddable":true,"href":"https:\/\/www.europesays.com\/fr\/wp-json\/wp\/v2\/users\/2"}],"replies":[{"embeddable":true,"href":"https:\/\/www.europesays.com\/fr\/wp-json\/wp\/v2\/comments?post=295277"}],"version-history":[{"count":0,"href":"https:\/\/www.europesays.com\/fr\/wp-json\/wp\/v2\/posts\/295277\/revisions"}],"wp:featuredmedia":[{"embeddable":true,"href":"https:\/\/www.europesays.com\/fr\/wp-json\/wp\/v2\/media\/295278"}],"wp:attachment":[{"href":"https:\/\/www.europesays.com\/fr\/wp-json\/wp\/v2\/media?parent=295277"}],"wp:term":[{"taxonomy":"category","embeddable":true,"href":"https:\/\/www.europesays.com\/fr\/wp-json\/wp\/v2\/categories?post=295277"},{"taxonomy":"post_tag","embeddable":true,"href":"https:\/\/www.europesays.com\/fr\/wp-json\/wp\/v2\/tags?post=295277"}],"curies":[{"name":"wp","href":"https:\/\/api.w.org\/{rel}","templated":true}]}}