{"id":295284,"date":"2025-08-04T08:03:09","date_gmt":"2025-08-04T08:03:09","guid":{"rendered":"https:\/\/www.europesays.com\/fr\/295284\/"},"modified":"2025-08-04T08:03:09","modified_gmt":"2025-08-04T08:03:09","slug":"florence-klein-que-devient-lex-figure-de-la-meteo","status":"publish","type":"post","link":"https:\/\/www.europesays.com\/fr\/295284\/","title":{"rendered":"Florence Klein : que devient l&rsquo;ex-figure de la m\u00e9t\u00e9o ?"},"content":{"rendered":"<p>EN BREF<\/p>\n<ul class=\"bloc_resume_post_list\">\n<li>Florence Klein, apr\u00e8s des \u00e9tudes \u00e0 Sciences-Po et un MBA<br \/>\n\u00e0 New York, d\u00e9bute sa carri\u00e8re t\u00e9l\u00e9visuelle aux \u00c9tats-Unis avant de<br \/>\ndevenir pr\u00e9sentatrice m\u00e9t\u00e9o en France pendant 26 ans.<\/li>\n<li>Le 31 janvier 2014, elle quitte la pr\u00e9sentation m\u00e9t\u00e9o<br \/>\npour se lancer dans la mode avec sa fille, cr\u00e9ant une ligne de<br \/>\nv\u00eatements.<\/li>\n<li>Connue pour ses innovations comme les cartes 3D, elle a<br \/>\nmarqu\u00e9 la m\u00e9t\u00e9o t\u00e9l\u00e9vis\u00e9e fran\u00e7aise avec une approche unique et<br \/>\naudacieuse.<\/li>\n<\/ul>\n<p class=\"p1\">Grand soleil, averse, \u00e9pisode nuageux\u2026 <a href=\"https:\/\/www.telestar.fr\/actu-tv\/florence-klein-france-3-presente-ce-31-janvier-son-dernier-bulletin-meteo-14578\" rel=\"nofollow noopener\" target=\"_blank\"><br \/>\nFlorence Klein<\/a> a cartographi\u00e9 le ciel <strong>pendant 26<br \/>\nans<\/strong>. <strong>Son int\u00e9r\u00eat pour<\/strong> <a href=\"https:\/\/www.telestar.fr\/societe\/meteo-un-mois-de-juillet-pourri-evelyne-dheliat-remet-leglise-au-milieu-du-village-1733633\" rel=\"nofollow noopener\" target=\"_blank\"><br \/>\nla m\u00e9t\u00e9o<\/a> <strong>arrive pourtant tardivement<\/strong> dans sa<br \/>\nbrillante carri\u00e8re. Apr\u00e8s <strong>des \u00e9tudes \u00e0<\/strong> <a href=\"https:\/\/www.telestar.fr\/societe\/sciences-po-paris-zone-de-siege-ces-images-impressionnantes-de-lecole-sous-haute-tension-1671238\" rel=\"nofollow noopener\" target=\"_blank\"><br \/>\nSciences-Po<\/a> dans les ann\u00e9es 80, la jeune femme s\u00a0\u00bbenvole aux<br \/>\n\u00c9tats-Unis pour d\u00e9crocher <strong>un MBA d&rsquo;\u00e9conomie \u00e0 l&rsquo;Universit\u00e9<br \/>\nde New York<\/strong> ainsi qu&rsquo;<strong>un master de droit<\/strong><br \/>\nsur son temps libre.<\/p>\n<p class=\"p1\">Selon elle, l&rsquo;avenir s&rsquo;\u00e9crira probablement dans une<br \/>\nmultinationale ou au sein d&rsquo;un d\u00e9partement de l&rsquo;ONU. Sauf que<br \/>\nl&rsquo;avenir en d\u00e9cidera autrement. Sa silhouette \u00e9lanc\u00e9e tape dans<br \/>\nl&rsquo;oeil du <strong>fondateur de Telefrance USA<\/strong>, cha\u00eene<br \/>\nconsacr\u00e9e \u00e0 la culture fran\u00e7aise. Le producteur lui propose<br \/>\nd&rsquo;animer un talk-show sur sa cha\u00eene. La vingtenaire studieuse<br \/>\nh\u00e9site un temps, et tente l&rsquo;aventure. C&rsquo;est le d\u00e9but d&rsquo;<strong>une<br \/>\nlongue carri\u00e8re \u00e0 la t\u00e9l\u00e9vision<\/strong> qui l&rsquo;am\u00e8nera \u00e0 pr\u00e9senter<br \/>\nla m\u00e9t\u00e9o au-del\u00e0 de deux d\u00e9cennies en France.<\/p>\n<p>Florence Klein : qu&rsquo;a-t-elle fait depuis 10 ans<br \/>\n?<\/p>\n<p class=\"p1\"><strong>Le 31 janvier 2014<\/strong>, Florence Klein<br \/>\npr\u00e9sentait <strong>son dernier bulletin m\u00e9t\u00e9orologique<br \/>\navant<\/strong> <a href=\"https:\/\/www.telestar.fr\/people\/soir-3-pose-ses-bagages-aux-etats-unis-8137\" rel=\"nofollow noopener\" target=\"_blank\"><br \/>\nSoir 3<\/a>. Aux t\u00e9l\u00e9spectateurs, la pr\u00e9sentatrice lance au moment<br \/>\nde rendre l&rsquo;antenne : <strong>\u00ab\u00a0Vous resterez toujours dans mon<br \/>\ncoeur\u00a0\u00bb<\/strong>. \u00ab\u00a0J&rsquo;avais fait le tour\u00a0\u00bb,<br \/>\njustifie-t-elle aujourd&rsquo;hui dans une interview accord\u00e9e \u00e0 nos<br \/>\nconfr\u00e8res du magazine Nous Deux. L&rsquo;ex-star de la pluie et<br \/>\ndu beau temps sur France 3 compl\u00e8te : <strong>\u00ab\u00a0J&rsquo;avais besoin<br \/>\nde nouveaux d\u00e9fis\u00a0\u00bb<\/strong>.<\/p>\n<p class=\"p1\">Ce challenge, elle l&rsquo;a trouv\u00e9 dans un tout autre<br \/>\nsecteur : la mode. Au moment de quitter la Trois, Florence Klein<br \/>\nannon\u00e7ait <strong>le lancement d&rsquo;une ligne de v\u00eatements<\/strong><br \/>\navec sa fille. \u00ab\u00a0pr\u00e8s avoir port\u00e9 les v\u00eatements des autres, cela<br \/>\nm&rsquo;a donn\u00e9 des envies. Les remarques positives des t\u00e9l\u00e9spectateurs<br \/>\nsur mes tenues m&rsquo;ont aussi encourag\u00e9e. Travailler avec ma fille,<br \/>\nqui sort d&rsquo;une \u00e9cole de commerce, est un accomplissement\u00a0\u00bb,<br \/>\nexpliquait-elle alors au Parisien.<\/p>\n<p>Florence Klein : \u00ab\u00a0On m&rsquo;a dit que<br \/>\nj&rsquo;\u00e9tais folle\u00a0\u00bb<\/p>\n<p class=\"p1\"><strong>En 1987<\/strong>, <a href=\"https:\/\/www.telestar.fr\/actu-tv\/autres-emissions\/laurent-romejko-france-3-veut-poursuivre-meteo-a-la-carte-351975\" rel=\"nofollow noopener\" target=\"_blank\"><br \/>\nFrance 3<\/a> <strong>courtise Florence Klein<\/strong>, \u00e0 peine<br \/>\nremise de l&rsquo;\u00e9chec des Jours heureux sur TF1. A la cl\u00e9, <strong>le<br \/>\nlancement d&rsquo;un programme m\u00e9t\u00e9o<\/strong>. \u00ab\u00a0Au d\u00e9but, je me suis<br \/>\ndit : &lsquo;Hum, je n&rsquo;ai jamais fait \u00e7a.&rsquo; Et c&rsquo;est un exercice<br \/>\nparticulier, avec ses codes, sa gestuelle, etc. Pas facile\u00a0\u00bb,<br \/>\nse souvient-t-elle. <strong>Sa passion pour les sciences<\/strong><br \/>\nla convainc de relever le d\u00e9fi, \u00e0 condition de suivre <strong>une<br \/>\nlongue formation \u00e0<\/strong> <a href=\"https:\/\/www.telestar.fr\/actu-tv\/autres-emissions\/france-televisions-la-meteo-change-de-formule-et-de-look-371377\" rel=\"nofollow noopener\" target=\"_blank\"><br \/>\nM\u00e9t\u00e9o-France<\/a>.<\/p>\n<p class=\"p1\">Au-del\u00e0 de son approche p\u00e9dagogique, \u00ab\u00a0Mme M\u00e9t\u00e9o\u00a0\u00bb se<br \/>\ndistingue par ses innovations. On lui doit notamment d&rsquo;avoir<br \/>\n<strong>imposer les cartes 3D en France<\/strong>. \u00ab\u00a0<strong>On<br \/>\nm&rsquo;a dit que j&rsquo;\u00e9tais folle<\/strong>, s&rsquo;en amuse-t-elle.<br \/>\n<strong>M<\/strong><strong>ais j&rsquo;y suis<br \/>\nparvenue<\/strong>. Et c&rsquo;est Alain Gillot-P\u00e9tr\u00e9, pourtant avare de<br \/>\ncompliments, qui m&rsquo;a fait le plus beau d&rsquo;entre eux.<br \/>\n&lsquo;Bravo&rsquo;, m&rsquo;a-t-il l\u00e2ch\u00e9. Moi, j&rsquo;ai essay\u00e9 pendant des mois, \u00e7a<br \/>\nn&rsquo;a jamais pris.\u00a0\u00bb<\/p>\n","protected":false},"excerpt":{"rendered":"EN BREF Florence Klein, apr\u00e8s des \u00e9tudes \u00e0 Sciences-Po et un MBA \u00e0 New York, d\u00e9bute sa carri\u00e8re&hellip;\n","protected":false},"author":2,"featured_media":295285,"comment_status":"","ping_status":"","sticky":false,"template":"","format":"standard","meta":{"footnotes":""},"categories":[1359],"tags":[548,58,59,1011,27,2487,973],"class_list":{"0":"post-295284","1":"post","2":"type-post","3":"status-publish","4":"format-standard","5":"has-post-thumbnail","7":"category-people","8":"tag-article-simple","9":"tag-divertissement","10":"tag-entertainment","11":"tag-fr","12":"tag-france","13":"tag-meteo","14":"tag-people"},"share_on_mastodon":{"url":"https:\/\/pubeurope.com\/@fr\/114969457690833002","error":""},"_links":{"self":[{"href":"https:\/\/www.europesays.com\/fr\/wp-json\/wp\/v2\/posts\/295284","targetHints":{"allow":["GET"]}}],"collection":[{"href":"https:\/\/www.europesays.com\/fr\/wp-json\/wp\/v2\/posts"}],"about":[{"href":"https:\/\/www.europesays.com\/fr\/wp-json\/wp\/v2\/types\/post"}],"author":[{"embeddable":true,"href":"https:\/\/www.europesays.com\/fr\/wp-json\/wp\/v2\/users\/2"}],"replies":[{"embeddable":true,"href":"https:\/\/www.europesays.com\/fr\/wp-json\/wp\/v2\/comments?post=295284"}],"version-history":[{"count":0,"href":"https:\/\/www.europesays.com\/fr\/wp-json\/wp\/v2\/posts\/295284\/revisions"}],"wp:featuredmedia":[{"embeddable":true,"href":"https:\/\/www.europesays.com\/fr\/wp-json\/wp\/v2\/media\/295285"}],"wp:attachment":[{"href":"https:\/\/www.europesays.com\/fr\/wp-json\/wp\/v2\/media?parent=295284"}],"wp:term":[{"taxonomy":"category","embeddable":true,"href":"https:\/\/www.europesays.com\/fr\/wp-json\/wp\/v2\/categories?post=295284"},{"taxonomy":"post_tag","embeddable":true,"href":"https:\/\/www.europesays.com\/fr\/wp-json\/wp\/v2\/tags?post=295284"}],"curies":[{"name":"wp","href":"https:\/\/api.w.org\/{rel}","templated":true}]}}