{"id":295292,"date":"2025-08-04T08:07:11","date_gmt":"2025-08-04T08:07:11","guid":{"rendered":"https:\/\/www.europesays.com\/fr\/295292\/"},"modified":"2025-08-04T08:07:11","modified_gmt":"2025-08-04T08:07:11","slug":"toute-ma-verite-kendji-girac-annonce-la-sortie-de-son-autobiographie-mi-vida-a-paraitre-cet-automne","status":"publish","type":"post","link":"https:\/\/www.europesays.com\/fr\/295292\/","title":{"rendered":"\u00ab\u00a0Toute ma v\u00e9rit\u00e9\u00a0\u00bb\u00a0:\u00a0Kendji Girac annonce la sortie de son autobiographie Mi Vida \u00e0 para\u00eetre cet automne"},"content":{"rendered":"<p>Le chanteur de 29 ans, qui avait fait la une des m\u00e9dias l\u2019ann\u00e9e derni\u00e8re apr\u00e8s son hospitalisation pour blessure par balles, entend se livrer sur sa musique, sa famille, son rapport avec la sc\u00e8ne mais aussi sur son affaire judiciaire.<\/p>\n<p class=\"fig-paragraph\">Raconter sa \u00ab\u00a0vraie vie, celle sans les cam\u00e9ras\u00a0\u00bb.<a href=\"http:\/\/www.lefigaro.fr\/culture\/mon-tresor-ma-fierte-kendji-girac-devient-pere-pour-la-deuxieme-fois-20250518\" target=\"_blank\" data-fig-type=\"NewsFlash\" rel=\"noopener\" data-gtm-custom-categorie=\"navigation\" data-gtm-custom-action=\"crossclick\" data-gtm-custom-label=\"Contextuel\" data-gtm-event=\"customEventSPE\" data-fig-domain=\"LEFIGARO\">\u00a0Kendji Girac<\/a>\u00a0a annonc\u00e9 sur les r\u00e9seaux sociaux vendredi 1er ao\u00fbt, la sortie de son tout premier livre, Mi vida (\u00ab\u00a0ma vie\u00a0\u00bb en espagnol). Son autobiographie publi\u00e9e aux \u00e9ditions Flammarion, sera en vente \u00e0 partir du 1er octobre.\u00a0<a href=\"http:\/\/www.lefigaro.fr\/musique\/kendji-girac-annonce-son-grand-retour-sur-scene-20240921\" target=\"_blank\" data-fig-type=\"Article\" rel=\"noopener\" data-gtm-custom-categorie=\"navigation\" data-gtm-custom-action=\"crossclick\" data-gtm-custom-label=\"Contextuel\" data-gtm-event=\"customEventSPE\" data-fig-domain=\"LEFIGARO\">L\u2019artiste de 29 ans,<\/a>\u00a0vainqueur de la saison 3 de The Voice en 2014 , explique qu\u2019on lui a longtemps propos\u00e9 de raconter sa vie par \u00e9crit mais r\u00e9v\u00e8le avoir toujours refus\u00e9 jusqu\u2019\u00e0 pr\u00e9sent. Le chanteur a aujourd\u2019hui chang\u00e9 d\u2019avis et a eu \u00ab\u00a0le besoin de se livrer dans ces pages\u00a0\u00bb, apr\u00e8s les r\u00e9cents \u00e9v\u00e9nements tr\u00e8s m\u00e9diatis\u00e9s ayant berc\u00e9 sa vie.<\/p>\n<p class=\"fig-paragraph\">\u00ab\u00a0Je me disais qu\u2019\u00e0 mon \u00e2ge, c\u2019\u00e9tait peut-\u00eatre un peu pr\u00e9tentieux, que je devais d\u2019abord vivre un peu plus de chose\u00a0\u00bb, r\u00e9v\u00e8le-t-il dans une vid\u00e9o Instagram. \u00ab\u00a0Finalement, ces derni\u00e8res ann\u00e9es, beaucoup de choses ont chang\u00e9 dans ma vie, \u00e0 l\u2019int\u00e9rieur de moi, et j\u2019ai ressenti le besoin de me livrer dans ces pages pour que vous puissiez me conna\u00eetre au plus profond de moi et pour mieux me comprendre aussi.\u00bb L\u2019interpr\u00e8te de Color Gitano entend partager ses souvenirs d\u2019enfance et ses nombreux voyages, ayant grandi sur les routes en caravane. Il compte aussi revenir sur sa musique, sa famille, son rapport avec la sc\u00e8ne et sur sa vie de p\u00e8re.<\/p>\n<p>                                    <a class=\"fig-a11y-skip a11y-hidden\" href=\"#fig-a11y-skip-main-inarticle\"><br \/>\n        Passer la publicit\u00e9<br \/>\n    <\/a><\/p>\n<p>Raconter son hospitalisation<\/p>\n<p class=\"fig-paragraph\">Kendji Girac sous-entend \u00e9galement s\u2019exprimer sur des aspects plus sombres de sa vie\u00a0:\u00a0\u00ab\u00a0Dans ces lignes, je montre aussi ce que j\u2019ai parfois cach\u00e9 \u2013 malheureusement \u2013 derri\u00e8re mon sourire, [\u2026] ce livre c\u2019est ma vie, toute ma v\u00e9rit\u00e9 et c\u2019est le plus important\u00a0\u00bb. Le chanteur fait probablement r\u00e9f\u00e9rence \u00e0 l\u2019affaire tr\u00e8s m\u00e9diatis\u00e9e survenue au cours du mois d\u2019avril 2024, o\u00f9 il a \u00e9t\u00e9 hospitalis\u00e9 d\u2019urgence apr\u00e8s s\u2019\u00eatre tir\u00e9 dessus sous l\u2019emprise de l\u2019alcool et de la coca\u00efne. Il avait initialement affirm\u00e9 avoir voulu \u00ab\u00a0simuler un suicide\u00a0\u00bb apr\u00e8s une dispute conjugale avant de changer sa version des faits.<\/p>\n<p class=\"fig-body-link\">\n            \u00c0 lire aussi<br \/>\n        <a class=\"fig-body-link__link fig-premium-mark\" href=\"http:\/\/www.lefigaro.fr\/faits-divers\/kendji-girac-a-simule-un-suicide-annonce-le-procureur-de-la-republique-20240425\" target=\"_blank\" data-fig-type=\"NewsFlash\" rel=\"noopener\" data-gtm-custom-categorie=\"navigation\" data-gtm-custom-action=\"crossclick\" data-gtm-custom-label=\"Contextuel\" data-gtm-event=\"customEventSPE\" data-fig-domain=\"LEFIGARO\">Alcool, coca\u00efne et simulation de suicide: Kendji Girac, pris au pi\u00e8ge de ses d\u00e9mons et \u00abl\u2019omerta\u00bb des siens<br \/>\n    <\/a>\n<\/p>\n<p class=\"fig-paragraph\">Le chanteur s\u2019est d\u00e9j\u00e0 exprim\u00e9 sur cet \u00e9pisode dramatique dans\u00a0<a href=\"http:\/\/www.lefigaro.fr\/musique\/si-seulement-la-nouvelle-chanson-de-kendji-girac-depuis-sa-blessure-par-balle-20240830\" target=\"_blank\" data-fig-type=\"NewsFlash\" rel=\"noopener\" data-gtm-custom-categorie=\"navigation\" data-gtm-custom-action=\"crossclick\" data-gtm-custom-label=\"Contextuel\" data-gtm-event=\"customEventSPE\" data-fig-domain=\"LEFIGARO\">Si Seulement,\u00a0<\/a>un titre d\u00e9voil\u00e9 l\u2019\u00e9t\u00e9 dernier. \u00ab\u00a0Sur la sc\u00e8ne, j\u2019ai laiss\u00e9 mon sourire, mon sourire, mon sourire. Capitaine abandonn\u00e9, sans navire, sans navire, sans navire. Pardon si j\u2019ai pr\u00e9f\u00e9r\u00e9 me d\u00e9truire\/quitte \u00e0 risquer d\u2019ab\u00eemer mon empire (&#8230;)Si seulement j\u2019avais su te le dire vraiment. Si seulement j\u2019avais su te le dire avant\u00bb, chante-t-il dans le morceau \u00e9crit par Vianney et compos\u00e9 par Renaud Rebillaud.<\/p>\n","protected":false},"excerpt":{"rendered":"Le chanteur de 29 ans, qui avait fait la une des m\u00e9dias l\u2019ann\u00e9e derni\u00e8re apr\u00e8s son hospitalisation pour&hellip;\n","protected":false},"author":2,"featured_media":295293,"comment_status":"","ping_status":"","sticky":false,"template":"","format":"standard","meta":{"footnotes":""},"categories":[1355],"tags":[58,59,1011,27,7780,1361,873],"class_list":{"0":"post-295292","1":"post","2":"type-post","3":"status-publish","4":"format-standard","5":"has-post-thumbnail","7":"category-musique","8":"tag-divertissement","9":"tag-entertainment","10":"tag-fr","11":"tag-france","12":"tag-kendji-girac","13":"tag-music","14":"tag-musique"},"share_on_mastodon":{"url":"https:\/\/pubeurope.com\/@fr\/114969473401590557","error":""},"_links":{"self":[{"href":"https:\/\/www.europesays.com\/fr\/wp-json\/wp\/v2\/posts\/295292","targetHints":{"allow":["GET"]}}],"collection":[{"href":"https:\/\/www.europesays.com\/fr\/wp-json\/wp\/v2\/posts"}],"about":[{"href":"https:\/\/www.europesays.com\/fr\/wp-json\/wp\/v2\/types\/post"}],"author":[{"embeddable":true,"href":"https:\/\/www.europesays.com\/fr\/wp-json\/wp\/v2\/users\/2"}],"replies":[{"embeddable":true,"href":"https:\/\/www.europesays.com\/fr\/wp-json\/wp\/v2\/comments?post=295292"}],"version-history":[{"count":0,"href":"https:\/\/www.europesays.com\/fr\/wp-json\/wp\/v2\/posts\/295292\/revisions"}],"wp:featuredmedia":[{"embeddable":true,"href":"https:\/\/www.europesays.com\/fr\/wp-json\/wp\/v2\/media\/295293"}],"wp:attachment":[{"href":"https:\/\/www.europesays.com\/fr\/wp-json\/wp\/v2\/media?parent=295292"}],"wp:term":[{"taxonomy":"category","embeddable":true,"href":"https:\/\/www.europesays.com\/fr\/wp-json\/wp\/v2\/categories?post=295292"},{"taxonomy":"post_tag","embeddable":true,"href":"https:\/\/www.europesays.com\/fr\/wp-json\/wp\/v2\/tags?post=295292"}],"curies":[{"name":"wp","href":"https:\/\/api.w.org\/{rel}","templated":true}]}}