{"id":295300,"date":"2025-08-04T08:11:11","date_gmt":"2025-08-04T08:11:11","guid":{"rendered":"https:\/\/www.europesays.com\/fr\/295300\/"},"modified":"2025-08-04T08:11:11","modified_gmt":"2025-08-04T08:11:11","slug":"avec-ma-renovation-est-la-plus-belle-de-france-sur-m6-tout-le-monde-peut-renover-assure-sophie-ferjani","status":"publish","type":"post","link":"https:\/\/www.europesays.com\/fr\/295300\/","title":{"rendered":"Avec \u00ab\u00a0Ma r\u00e9novation est la plus belle de France\u00a0\u00bb sur M6, \u00ab\u00a0tout le monde peut r\u00e9nover\u00a0\u00bb, assure Sophie Ferjani"},"content":{"rendered":"<p>Les rois de la r\u00e9no. Lundi 4\u00a0ao\u00fbt \u00e0 21h10, <a href=\"https:\/\/www.20minutes.fr\/dossier\/m6\" class=\"color-ultramarine c-link\" target=\"_blank\" rel=\"noopener\">M6<\/a> va lancer un nouveau programme qui allie <a href=\"https:\/\/www.20minutes.fr\/dossier\/travaux\" class=\"color-ultramarine c-link\" target=\"_blank\" rel=\"noopener\">travaux<\/a> et <a href=\"https:\/\/www.20minutes.fr\/dossier\/decoration\" class=\"color-ultramarine c-link\" target=\"_blank\" rel=\"noopener\">d\u00e9co<\/a>\u00a0: \u00ab\u00a0Ma r\u00e9novation est la plus belle de France\u00a0\u00bb. Hangar d\u00e9saffect\u00e9, ancienne usine, \u00e9glise\u2026 St\u00e9phane Rotenberg accompagn\u00e9 de Sophie Ferjani et Laurent Jacquet vont d\u00e9nicher d\u2019incroyables r\u00e9novations, r\u00e9alis\u00e9es en famille ou entre amis, et mettre en lumi\u00e8re des astuces d\u2019am\u00e9nagement. Sophie Ferjani, figure de \u00ab\u00a0Maison \u00e0 vendre\u00a0\u00bb depuis dix-huit ans, trace les grandes lignes de cette \u00e9mission qui va faire appel \u00e0 la sensibilit\u00e9 du public.<\/p>\n<p>Qu\u2019est ce qui vous a tap\u00e9 dans l\u2019\u0153il dans \u00ab\u00a0Ma r\u00e9novation est la plus belle de France\u00a0\u00bb\u00a0?<\/p>\n<p>En tant qu\u2019architecte d\u2019int\u00e9rieur, le programme m\u2019a tout de suite parl\u00e9. Partir \u00e0 la rencontre de particuliers, pousser la porte d\u2019une maison r\u00e9nov\u00e9e qu\u2019on a peut-\u00eatre vue dans un <a href=\"https:\/\/www.20minutes.fr\/magazine\/\" class=\"color-ultramarine c-link\" target=\"_blank\" rel=\"noopener\">magazine<\/a>, le tout avec bonne humeur\u2026 C\u2019\u00e9tait une \u00e9vidence pour moi. En plus, c\u2019est un concept qu\u2019on voit peu, avec cette id\u00e9e de transmission, en demandant aux gens\u00a0: \u00ab\u00a0Comment avez-vous fait \u00e7a\u00a0?\u00a0\u00bb, \u00ab\u00a0Quelle pierre avez-vous utilis\u00e9e\u00a0?\u00a0\u00bb\u2026<\/p>\n<p>Le programme est-il un concept fran\u00e7ais\u00a0?<\/p>\n<p>L\u2019\u00e9criture a \u00e9t\u00e9 faite en interne. On s\u2019est m\u00eame demand\u00e9 pourquoi \u00e7a n\u2019avait jamais \u00e9t\u00e9 fait. L\u2019\u00e9mission ressemble un peu \u00e0 \u00ab\u00a0La Maison <a href=\"https:\/\/www.20minutes.fr\/television\/france_5\/\" class=\"color-ultramarine c-link\" target=\"_blank\" rel=\"noopener\">France 5<\/a>\u00a0\u00bb, qui \u00e9tait un mod\u00e8le pour moi. On est dans cette veine-l\u00e0, mais en plus cool.<\/p>\n<p>La comp\u00e9tition, faisant appel aux votes du public, qu\u2019est-ce que cela apporte \u00e0 l\u2019\u00e9mission, selon vous\u00a0?<\/p>\n<p>Demander l\u2019avis du public, c\u2019est toujours agr\u00e9able. C\u2019est un attrait suppl\u00e9mentaire lorsque l\u2019on regarde une \u00e9mission. Certains candidats ouvrent des chambres d\u2019h\u00f4tes, \u00e7a permet de mettre en lumi\u00e8re le travail qu\u2019ils ont fait. Enfin, le particulier r\u00e9compens\u00e9 se verra remettre 10.000 \u20ac en bons d\u2019achat chez des entreprises de d\u00e9coration et de travaux.<\/p>\n<blockquote class=\"mx-m@xs mx-xxl@md color-ultramarine c-citation\">\n<p class=\"font-weight-regular@xs text-italic font-source-serif-pro text-l@xs c-citation__content\">\u00ab\u00a0On parle aussi beaucoup de r\u00e9novation \u00e9nerg\u00e9tique, qui est bon pour la plan\u00e8te et pour notre porte-monnaie.  \u00a0\u00bb<\/p>\n<\/blockquote>\n<p>Tout d\u2019abord, \u00ab\u00a0Ma r\u00e9novation est la plus belle de France\u00a0\u00bb montre que tout le monde peut entreprendre une r\u00e9novation. On y d\u00e9couvre des histoires de vie, notamment un couple qui a eu un b\u00e9b\u00e9 pendant leur projet. Le programme montre aussi qu\u2019on peut acc\u00e9der \u00e0 la propri\u00e9t\u00e9 par d\u2019autres moyens. Certains participants n\u2019avaient pas les finances pour acheter une maison, mais ont investi dans une ruine afin d\u2019habiter, \u00e0 terme, dans un 200\u00a0m2. Enfin, l\u2019\u00e9mission met en avant le fait de r\u00e9nover plut\u00f4t que de d\u00e9truire et reconstruire. On parle aussi beaucoup de r\u00e9novation \u00e9nerg\u00e9tique, qui est bonne pour la <a href=\"https:\/\/www.20minutes.fr\/planete\/\" class=\"color-ultramarine c-link\" target=\"_blank\" rel=\"noopener\">plan\u00e8te<\/a> et pour notre porte-monnaie.<\/p>\n<p>Vous allez former un trio, vous, St\u00e9phane Rotenberg et Laurent Jacquet\u2026<\/p>\n<p>Oui, St\u00e9phane Rotenberg sera un ma\u00eetre du jeu. Il va rythmer l\u2019\u00e9mission, va faire d\u00e9couvrir les maisons, notamment avec des photos d\u2019avant. Avec Laurent Jacquet, on aura un r\u00f4le d\u2019expert. Il est entrepreneur, artisan multicasquettes et moi, architecte d\u2019int\u00e9rieur. On analysera avec le particulier ce qu\u2019il a r\u00e9nov\u00e9, quel type de chauffage il a choisi, quels mat\u00e9riaux, quelle peinture d\u2019ext\u00e9rieur\u2026<\/p>\n<p>Vous partez sur deux primes avec \u00ab\u00a0Ma r\u00e9novation est la plus belle de France\u00a0\u00bb sur M6\u2026<\/p>\n<p>Oui, on a visit\u00e9 pas moins de seize maisons, il y en aura huit par primes. Si \u00e7a prend aupr\u00e8s du public, on esp\u00e8re que le programme s\u2019installera dans la dur\u00e9e.<\/p>\n<p>Ne regrettez-vous pas une diffusion d\u00e9but ao\u00fbt, l\u00e0 o\u00f9 les gens sont moins devant la t\u00e9l\u00e9\u00a0?<\/p>\n<p>Oui, c\u2019est s\u00fbr, je regrette que ce soit un 4\u00a0ao\u00fbt, d\u2019autant que c\u2019est la date d\u2019anniversaire de mon <a href=\"https:\/\/www.20minutes.fr\/dossier\/mariage\" class=\"color-ultramarine c-link\" target=\"_blank\" rel=\"noopener\">mariage<\/a> (rires). On aurait aim\u00e9 que ce soit \u00e0 la rentr\u00e9e.<\/p>\n<p>Avez-vous pens\u00e9 \u00e0 une d\u00e9clinaison hebdomadaire du programme, \u00e0 l\u2019image de \u00ab\u00a0Chasseurs d\u2019appart\u00a0\u00bb\u00a0?<\/p>\n<p>Ce n\u2019est pas idiot, on n\u2019y a pas du tout pens\u00e9. Cela pourrait \u00eatre int\u00e9ressant. Je vais leur sugg\u00e9rer, c\u2019est, en effet, plus facile de consommer huit petites \u00e9missions d\u00e9couvertes qu\u2019un prime.<\/p>\n<\/p>\n<p>Avez-vous d\u2019autres projets avec M6 \u00e0 la rentr\u00e9e\u00a0?<\/p>\n<p>J\u2019aimerais bien qu\u2019on planche sur des projets. J\u2019ai des envies d\u2019\u00e9missions un peu plus courtes, de 20-30 minutes, qui s\u2019adaptent \u00e0 nos modes de vie. Apr\u00e8s, il y a pas mal de cha\u00eenes dans le groupe M6, j\u2019esp\u00e8re qu\u2019on arrivera \u00e0 faire quelque chose.<\/p>\n<p>A titre personnel, avez-vous d\u00e9j\u00e0 r\u00e9alis\u00e9 une r\u00e9novation dans votre vie\u00a0?<\/p>\n<p>Oui, j\u2019en suis m\u00eame \u00e0 ma troisi\u00e8me\u00a0! A 24 ans, j\u2019avais achet\u00e9 une ancienne serrurerie avec des potes qu\u2019on a refaite en loft. A 30 ans, on a rachet\u00e9 une vieille meuli\u00e8re en banlieue parisienne qu\u2019on a totalement r\u00e9nov\u00e9e et, \u00e0 40 ans, une bastide \u00e0 <a href=\"https:\/\/www.20minutes.fr\/marseille\/\" class=\"color-ultramarine c-link\" target=\"_blank\" rel=\"noopener\">Marseille<\/a>, qui est ma maison. Il y en aura certainement une autre apr\u00e8s, mais il faut aussi que je me repose.<\/p>\n","protected":false},"excerpt":{"rendered":"Les rois de la r\u00e9no. Lundi 4\u00a0ao\u00fbt \u00e0 21h10, M6 va lancer un nouveau programme qui allie travaux&hellip;\n","protected":false},"author":2,"featured_media":295301,"comment_status":"","ping_status":"","sticky":false,"template":"","format":"standard","meta":{"footnotes":""},"categories":[8],"tags":[4397,58,4739,59,1011,27,494,2142,500,252,2086],"class_list":{"0":"post-295300","1":"post","2":"type-post","3":"status-publish","4":"format-standard","5":"has-post-thumbnail","7":"category-divertissement","8":"tag-decoration","9":"tag-divertissement","10":"tag-emission-de-television","11":"tag-entertainment","12":"tag-fr","13":"tag-france","14":"tag-m6","15":"tag-maison","16":"tag-medias","17":"tag-television","18":"tag-travaux"},"share_on_mastodon":{"url":"https:\/\/pubeurope.com\/@fr\/114969489358244395","error":""},"_links":{"self":[{"href":"https:\/\/www.europesays.com\/fr\/wp-json\/wp\/v2\/posts\/295300","targetHints":{"allow":["GET"]}}],"collection":[{"href":"https:\/\/www.europesays.com\/fr\/wp-json\/wp\/v2\/posts"}],"about":[{"href":"https:\/\/www.europesays.com\/fr\/wp-json\/wp\/v2\/types\/post"}],"author":[{"embeddable":true,"href":"https:\/\/www.europesays.com\/fr\/wp-json\/wp\/v2\/users\/2"}],"replies":[{"embeddable":true,"href":"https:\/\/www.europesays.com\/fr\/wp-json\/wp\/v2\/comments?post=295300"}],"version-history":[{"count":0,"href":"https:\/\/www.europesays.com\/fr\/wp-json\/wp\/v2\/posts\/295300\/revisions"}],"wp:featuredmedia":[{"embeddable":true,"href":"https:\/\/www.europesays.com\/fr\/wp-json\/wp\/v2\/media\/295301"}],"wp:attachment":[{"href":"https:\/\/www.europesays.com\/fr\/wp-json\/wp\/v2\/media?parent=295300"}],"wp:term":[{"taxonomy":"category","embeddable":true,"href":"https:\/\/www.europesays.com\/fr\/wp-json\/wp\/v2\/categories?post=295300"},{"taxonomy":"post_tag","embeddable":true,"href":"https:\/\/www.europesays.com\/fr\/wp-json\/wp\/v2\/tags?post=295300"}],"curies":[{"name":"wp","href":"https:\/\/api.w.org\/{rel}","templated":true}]}}