{"id":295305,"date":"2025-08-04T08:14:11","date_gmt":"2025-08-04T08:14:11","guid":{"rendered":"https:\/\/www.europesays.com\/fr\/295305\/"},"modified":"2025-08-04T08:14:11","modified_gmt":"2025-08-04T08:14:11","slug":"550-hauts-responsables-securitaires-israeliens-appellent-trump-a-faire-pression-sur-netanyahou-pour-mettre-fin-au-conflit","status":"publish","type":"post","link":"https:\/\/www.europesays.com\/fr\/295305\/","title":{"rendered":"550 hauts responsables s\u00e9curitaires isra\u00e9liens appellent Trump \u00e0 faire pression sur Netanyahou pour mettre fin au conflit"},"content":{"rendered":"<p>De nombreux anciens g\u00e9n\u00e9raux de Tsahal, trois ex-chefs d\u2019\u00e9tat-major et plusieurs ex-chefs du Mossad et du renseignement int\u00e9rieur figurent parmi les signataires de l\u2019appel. Ils affirment notamment que la poursuite de la guerre \u00e0 Gaza \u00abconduit l\u2019\u00c9tat d\u2019Isra\u00ebl \u00e0 perdre son identit\u00e9\u00bb.<\/p>\n<p class=\"fig-paragraph\">Pr\u00e8s de 600 anciens responsables de l&rsquo;appareil s\u00e9curitaire en Isra\u00ebl, parmi lesquels plusieurs ex-patrons du\u00a0<a href=\"http:\/\/www.lefigaro.fr\/international\/ce-qu-ils-ont-fait-depasse-l-imagination-l-incroyable-infiltration-du-mossad-en-iran-20250618\" target=\"_blank\" data-fig-type=\"Article\" rel=\"noopener nofollow\" data-gtm-custom-categorie=\"navigation\" data-gtm-custom-action=\"crossclick\" data-gtm-custom-label=\"Contextuel\" data-gtm-event=\"customEventSPE\" data-fig-domain=\"LEFIGARO\">Mossad<\/a>\u00a0(charg\u00e9 du renseignement ext\u00e9rieur) et du\u00a0<a href=\"http:\/\/www.lefigaro.fr\/international\/israel-netanyahou-defie-la-justice-et-devoile-le-prochain-chef-du-shin-bet-20250522\" target=\"_blank\" data-fig-type=\"NewsFlash\" rel=\"noopener nofollow\" data-gtm-custom-categorie=\"navigation\" data-gtm-custom-action=\"crossclick\" data-gtm-custom-label=\"Contextuel\" data-gtm-event=\"customEventSPE\" data-fig-domain=\"LEFIGARO\">Shin Bet<\/a>\u00a0(charg\u00e9 du renseignement int\u00e9rieur), ont appel\u00e9 le pr\u00e9sident am\u00e9ricain\u00a0<a href=\"http:\/\/www.lefigaro.fr\/international\/conflit-au-proche-orient-l-ecrivain-israelien-david-grossman-parle-de-genocide-a-gaza-20250801\" target=\"_blank\" data-fig-type=\"NewsFlash\" rel=\"noopener nofollow\" data-gtm-custom-categorie=\"navigation\" data-gtm-custom-action=\"crossclick\" data-gtm-custom-label=\"Contextuel\" data-gtm-event=\"customEventSPE\" data-fig-domain=\"LEFIGARO\">Donald Trump<\/a>\u00a0\u00e0 faire pression sur le premier ministre isra\u00e9lien\u00a0<a href=\"http:\/\/www.lefigaro.fr\/international\/beaucoup-de-gens-meurent-de-faim-face-a-la-famine-a-gaza-benyamin-netanyahou-sous-pression-20250729\" data-fig-type=\"Article\" data-gtm-custom-categorie=\"navigation\" data-gtm-custom-action=\"crossclick\" data-gtm-custom-label=\"Contextuel\" data-gtm-event=\"customEventSPE\" data-fig-domain=\"LEFIGARO\" rel=\"nofollow noopener\" target=\"_blank\">Benyamin Netanyahou<\/a>\u00a0pour mettre fin \u00e0 la\u00a0<a href=\"http:\/\/www.lefigaro.fr\/international\/guerre-a-gaza-sans-liberation-des-otages-la-guerre-continuera-sans-repit-previent-l-armee-israelienne-20250802\" target=\"_blank\" data-fig-type=\"NewsFlash\" rel=\"noopener nofollow\" data-gtm-custom-categorie=\"navigation\" data-gtm-custom-action=\"crossclick\" data-gtm-custom-label=\"Contextuel\" data-gtm-event=\"customEventSPE\" data-fig-domain=\"LEFIGARO\">guerre \u00e0 Gaza<\/a>.<\/p>\n<p class=\"fig-paragraph\">\u00abArr\u00eatez la guerre \u00e0 Gaza!\u00bb, exhorte ce courrier du mouvement des \u00abCommandants pour la s\u00e9curit\u00e9 d&rsquo;Isra\u00ebl\u00bb (CIS), sign\u00e9 par 550 anciens chefs espions, militaires, policiers et diplomates et rendu public dans la nuit de dimanche 3 ao\u00fbt \u00e0 lundi 4 ao\u00fbt. \u00abCette guerre a cess\u00e9 d&rsquo;\u00eatre une guerre juste et conduit l&rsquo;\u00c9tat d&rsquo;Isra\u00ebl \u00e0 perdre son identit\u00e9\u00bb, alerte Ami Ayalon, ancien directeur du Shin Bet, dans une vid\u00e9o diffus\u00e9e par le m\u00eame mouvement pour accompagner la publication de ce courrier.<\/p>\n<p>                                    <a class=\"fig-a11y-skip a11y-hidden\" href=\"#fig-a11y-skip-main-inarticle\"><br \/>\n        Passer la publicit\u00e9<br \/>\n    <\/a><\/p>\n<p class=\"fig-paragraph\">Trois anciens patrons du Mossad (Tamir Pardo, Efraim Halevy, Danny Yatom), cinq ex-dirigeants du Shin Bet (Nadav Argaman, Yoram Cohen, Ami Ayalon, Yaakov Peri, Carmi Gilon) et trois ex-chefs d&rsquo;\u00e9tat-major (Ehud Barak, Moshe Bogie Yaalon, Dan Halutz) figurent parmi les signataires de la lettre, et apparaissent dans la vid\u00e9o.<\/p>\n<p>\u00abRamener tous les otages chez eux\u00bb<\/p>\n<p class=\"fig-paragraph\">\u00abAu nom de CIS, le plus grand groupe isra\u00e9lien d&rsquo;anciens g\u00e9n\u00e9raux de l&rsquo;arm\u00e9e, Mossad, Shin Bet, police et corps diplomatiques \u00e9quivalents, nous vous exhortons \u00e0 mettre fin \u00e0 la guerre \u00e0 Gaza. Vous l&rsquo;avez fait au Liban. Il est temps de le faire \u00e0 Gaza \u00e9galement\u00bb, plaident-ils aupr\u00e8s du pr\u00e9sident Trump. \u00abTsahal (l&rsquo;arm\u00e9e isra\u00e9lienne) a depuis longtemps atteint les deux objectifs qui pouvaient \u00eatre r\u00e9alis\u00e9s par la force: d\u00e9manteler les formations militaires et le gouvernement du Hamas\u00bb, estiment les membres du CIS. \u00abLe troisi\u00e8me, et le plus important, ne peut \u00eatre atteint que par un accord\u00a0: ramener tous les otages chez eux\u00bb, soulignent-ils.<\/p>\n<p class=\"fig-paragraph\">\u00abNous consid\u00e9rons, en tant que professionnels, que le\u00a0<a href=\"http:\/\/www.lefigaro.fr\/international\/le-hamas-doit-deposer-les-armes-et-mettre-fin-a-son-regne-sur-gaza-declare-la-cheffe-de-la-diplomatie-de-l-ue-20250803\" target=\"_blank\" data-fig-type=\"NewsFlash\" rel=\"noopener nofollow\" data-gtm-custom-categorie=\"navigation\" data-gtm-custom-action=\"crossclick\" data-gtm-custom-label=\"Contextuel\" data-gtm-event=\"customEventSPE\" data-fig-domain=\"LEFIGARO\">Hamas<\/a> \u00a0ne repr\u00e9sente plus une menace strat\u00e9gique pour Isra\u00ebl, et notre exp\u00e9rience nous indique qu&rsquo;Isra\u00ebl dispose de tout ce qu&rsquo;il faut pour g\u00e9rer ses capacit\u00e9s r\u00e9siduelles de terreur, \u00e0 distance ou autrement\u00bb, estiment-ils. \u00abTraquer les derniers hauts responsables du Hamas peut \u00eatre fait plus tard\u00bb, mais les \u00abotages ne peuvent pas attendre\u00bb, insistent les anciens g\u00e9n\u00e9raux et espions.<\/p>\n<p class=\"fig-paragraph\">\u00abVotre cr\u00e9dibilit\u00e9 aupr\u00e8s de la grande majorit\u00e9 des Isra\u00e9liens renforce votre capacit\u00e9 \u00e0 guider le premier ministre Netanyahou et son gouvernement dans la bonne direction\u00bb, ajoutent les signataires\u00a0: \u00abMettre fin \u00e0 la guerre, ramener les otages, arr\u00eater les souffrances et former une coalition r\u00e9gionale-internationale qui aide l&rsquo;<a href=\"http:\/\/www.lefigaro.fr\/international\/les-etats-unis-imposent-des-sanctions-contre-l-autorite-palestinienne-20250731\" target=\"_blank\" data-fig-type=\"NewsFlash\" rel=\"noopener nofollow\" data-gtm-custom-categorie=\"navigation\" data-gtm-custom-action=\"crossclick\" data-gtm-custom-label=\"Contextuel\" data-gtm-event=\"customEventSPE\" data-fig-domain=\"LEFIGARO\">Autorit\u00e9 palestinienne<\/a> \u00a0(une fois r\u00e9form\u00e9e) \u00e0 offrir aux Gazaouis et \u00e0 tous les Palestiniens une alternative au Hamas et \u00e0 son id\u00e9ologie perverse\u00bb.<\/p>\n","protected":false},"excerpt":{"rendered":"De nombreux anciens g\u00e9n\u00e9raux de Tsahal, trois ex-chefs d\u2019\u00e9tat-major et plusieurs ex-chefs du Mossad et du renseignement int\u00e9rieur&hellip;\n","protected":false},"author":2,"featured_media":295306,"comment_status":"","ping_status":"","sticky":false,"template":"","format":"standard","meta":{"footnotes":""},"categories":[5],"tags":[11,1011,27,665,14,664,43550,12,28],"class_list":{"0":"post-295305","1":"post","2":"type-post","3":"status-publish","4":"format-standard","5":"has-post-thumbnail","7":"category-international","8":"tag-actualites","9":"tag-fr","10":"tag-france","11":"tag-gaza","12":"tag-international","13":"tag-israel","14":"tag-mossad","15":"tag-news","16":"tag-world"},"share_on_mastodon":{"url":"https:\/\/pubeurope.com\/@fr\/114969501025463888","error":""},"_links":{"self":[{"href":"https:\/\/www.europesays.com\/fr\/wp-json\/wp\/v2\/posts\/295305","targetHints":{"allow":["GET"]}}],"collection":[{"href":"https:\/\/www.europesays.com\/fr\/wp-json\/wp\/v2\/posts"}],"about":[{"href":"https:\/\/www.europesays.com\/fr\/wp-json\/wp\/v2\/types\/post"}],"author":[{"embeddable":true,"href":"https:\/\/www.europesays.com\/fr\/wp-json\/wp\/v2\/users\/2"}],"replies":[{"embeddable":true,"href":"https:\/\/www.europesays.com\/fr\/wp-json\/wp\/v2\/comments?post=295305"}],"version-history":[{"count":0,"href":"https:\/\/www.europesays.com\/fr\/wp-json\/wp\/v2\/posts\/295305\/revisions"}],"wp:featuredmedia":[{"embeddable":true,"href":"https:\/\/www.europesays.com\/fr\/wp-json\/wp\/v2\/media\/295306"}],"wp:attachment":[{"href":"https:\/\/www.europesays.com\/fr\/wp-json\/wp\/v2\/media?parent=295305"}],"wp:term":[{"taxonomy":"category","embeddable":true,"href":"https:\/\/www.europesays.com\/fr\/wp-json\/wp\/v2\/categories?post=295305"},{"taxonomy":"post_tag","embeddable":true,"href":"https:\/\/www.europesays.com\/fr\/wp-json\/wp\/v2\/tags?post=295305"}],"curies":[{"name":"wp","href":"https:\/\/api.w.org\/{rel}","templated":true}]}}