{"id":29531,"date":"2025-04-16T16:08:13","date_gmt":"2025-04-16T16:08:13","guid":{"rendered":"https:\/\/www.europesays.com\/fr\/29531\/"},"modified":"2025-04-16T16:08:13","modified_gmt":"2025-04-16T16:08:13","slug":"lea-salame-en-pleines-vacances-scolaires-elle-apprend-une-heureuse-nouvelle","status":"publish","type":"post","link":"https:\/\/www.europesays.com\/fr\/29531\/","title":{"rendered":"L\u00e9a Salam\u00e9 : en pleines vacances scolaires, elle apprend une heureuse nouvelle"},"content":{"rendered":"<p>Comme beaucoup de parents, <strong>L\u00e9a Salam\u00e9 est en ce moment<br \/>\nen cong\u00e9s<\/strong>. Loin de la matinale de France Inter, la<br \/>\njournaliste peut tout de m\u00eame se f\u00e9liciter d\u2019une heureuse nouvelle.<br \/>\nEn effet, le 7\/10 continue sa magnifique progression. Selon<br \/>\nM\u00e9diam\u00e9trie, durant les trois pr\u00e9c\u00e9dents mois, en moyenne 1,80<br \/>\nmillion d\u2019auditeurs ont \u00e9cout\u00e9 la matinale.<\/p>\n<p>Compar\u00e9es \u00e0 l\u2019ann\u00e9e derni\u00e8re, les audiences ont augment\u00e9 de<br \/>\n50.000 auditeurs. Le pic d\u2019audience se situe entre 8h et 8h15 avec<br \/>\n<strong>2,39 millions d\u2019auditeurs<\/strong> qui \u00e9coutent le journal<br \/>\nde Florence Paracuellos. Et voil\u00e0 que Le Grand Entretien, men\u00e9<br \/>\nconjointement par Nicolas Demorand et L\u00e9a Salam\u00e9, gagne pour ce<br \/>\nd\u00e9but d\u2019ann\u00e9e pas moins de 30.00 auditeurs en plus.\u00a0<\/p>\n<p>L\u00e9a Salam\u00e9 encore plus \u00e9cout\u00e9e sur France Inter<\/p>\n<p>En effet, en 2024, ce moment \u00e9tait \u00e9cout\u00e9 par 2,18 millions<br \/>\nd\u2019auditeurs. Ainsi, L\u00e9a Salam\u00e9 a vu de nouveaux Fran\u00e7ais se<br \/>\nbrancher sur France Inter, qui reste la premi\u00e8re radio de<br \/>\nFrance.<\/p>\n<p>L\u2019interview men\u00e9e par L\u00e9a Salam\u00e9 \u00e0 9h20 voit aussi l\u2019arriv\u00e9e de<br \/>\nnouveaux auditeurs : <strong>+40.000 par rapport \u00e0 2024<\/strong>,<br \/>\navec 1,25 million d\u2019auditeurs ! Une super nouvelle pour la<br \/>\njournaliste de France 2 qui voit ainsi ses rendez-vous \u00e0 la radio<br \/>\n\u00eatre de plus en plus suivis par les Fran\u00e7ais. La compagne de<br \/>\nRapha\u00ebl Glucksmann peut compter sur le soutien ind\u00e9fectible et le<br \/>\nprofessionnalisme de Nicolas Demorand, qui a r\u00e9cemment <a href=\"https:\/\/www.closermag.fr\/people\/lea-salame-lamie-parfaite-ce-quelle-a-fait-pour-sauver-nicolas-demorand-en-danger-3534910\" target=\"_blank\" rel=\"noopener\"><br \/>\nr\u00e9v\u00e9l\u00e9 \u00eatre atteint de bipolarit\u00e9.\u00a0<\/a><\/p>\n<p>Les liens ind\u00e9fectibles entre Nicolas<br \/>\nDemorand et la journaliste de France 2<\/p>\n<p>Entre les deux, <a href=\"https:\/\/www.telestar.fr\/people\/lea-salame-et-nicolas-demorand-tres-proches-cette-relation-unique-des-matinaliers-de-france-inter-1698174\" target=\"_blank\" rel=\"noopener\"><br \/>\nune v\u00e9ritable amiti\u00e9<\/a> s\u2019est nou\u00e9e depuis tant d\u2019ann\u00e9es :<br \/>\n\u00ab\u00a0Nous avons un immense plaisir \u00e0 travailler ensemble et je<br \/>\npense que cela s&rsquo;appelle tout simplement de l&rsquo;amiti\u00e9. <strong>C&rsquo;est<br \/>\nmagnifique \u00e0 vivre tous les jours<\/strong>. Je suis content de voir<br \/>\nL\u00e9a tous les matins, c&rsquo;est aussi pour cela que je fais la matinale,<br \/>\nc&rsquo;est parce qu&rsquo;elle est l\u00e0 tous les jours et que je peux la<br \/>\nvoir\u201d, confiait le journaliste, invit\u00e9 avec L\u00e9a Salam\u00e9 sur le<br \/>\nplateau de C \u00e0 vous.<\/p>\n<p>D\u2019ailleurs, il avait r\u00e9v\u00e9l\u00e9 \u00eatre au petit soin de son acolyte,<br \/>\n<strong>en lui pr\u00e9parant des oeufs tous les matins<\/strong> :<br \/>\n\u00ab\u00a0Les oeufs durs c&rsquo;est un vrai sujet ! Tout le monde nous dit<br \/>\nque \u00e7a pue ! Mais nous, on aime l&rsquo;odeur des \u0153ufs durs\u00a0\u00bb,<br \/>\nexplique la journaliste.<\/p>\n","protected":false},"excerpt":{"rendered":"Comme beaucoup de parents, L\u00e9a Salam\u00e9 est en ce moment en cong\u00e9s. Loin de la matinale de France&hellip;\n","protected":false},"author":2,"featured_media":29532,"comment_status":"","ping_status":"","sticky":false,"template":"","format":"standard","meta":{"footnotes":""},"categories":[1359],"tags":[548,58,59,1011,27,3806,973],"class_list":{"0":"post-29531","1":"post","2":"type-post","3":"status-publish","4":"format-standard","5":"has-post-thumbnail","7":"category-people","8":"tag-article-simple","9":"tag-divertissement","10":"tag-entertainment","11":"tag-fr","12":"tag-france","13":"tag-lea-salame","14":"tag-people"},"share_on_mastodon":{"url":"https:\/\/pubeurope.com\/@fr\/114348510586494282","error":""},"_links":{"self":[{"href":"https:\/\/www.europesays.com\/fr\/wp-json\/wp\/v2\/posts\/29531","targetHints":{"allow":["GET"]}}],"collection":[{"href":"https:\/\/www.europesays.com\/fr\/wp-json\/wp\/v2\/posts"}],"about":[{"href":"https:\/\/www.europesays.com\/fr\/wp-json\/wp\/v2\/types\/post"}],"author":[{"embeddable":true,"href":"https:\/\/www.europesays.com\/fr\/wp-json\/wp\/v2\/users\/2"}],"replies":[{"embeddable":true,"href":"https:\/\/www.europesays.com\/fr\/wp-json\/wp\/v2\/comments?post=29531"}],"version-history":[{"count":0,"href":"https:\/\/www.europesays.com\/fr\/wp-json\/wp\/v2\/posts\/29531\/revisions"}],"wp:featuredmedia":[{"embeddable":true,"href":"https:\/\/www.europesays.com\/fr\/wp-json\/wp\/v2\/media\/29532"}],"wp:attachment":[{"href":"https:\/\/www.europesays.com\/fr\/wp-json\/wp\/v2\/media?parent=29531"}],"wp:term":[{"taxonomy":"category","embeddable":true,"href":"https:\/\/www.europesays.com\/fr\/wp-json\/wp\/v2\/categories?post=29531"},{"taxonomy":"post_tag","embeddable":true,"href":"https:\/\/www.europesays.com\/fr\/wp-json\/wp\/v2\/tags?post=29531"}],"curies":[{"name":"wp","href":"https:\/\/api.w.org\/{rel}","templated":true}]}}