{"id":295310,"date":"2025-08-04T08:17:15","date_gmt":"2025-08-04T08:17:15","guid":{"rendered":"https:\/\/www.europesays.com\/fr\/295310\/"},"modified":"2025-08-04T08:17:15","modified_gmt":"2025-08-04T08:17:15","slug":"le-reve-deloise-bravard-prend-vie-avec-son-premier-court-metrage","status":"publish","type":"post","link":"https:\/\/www.europesays.com\/fr\/295310\/","title":{"rendered":"le r\u00eave d\u2019\u00c9lo\u00efse Bravard prend vie avec son premier court-m\u00e9trage"},"content":{"rendered":"<p>D\u00e9sirant travailler dans le milieu du cin\u00e9ma, \u00c9lo\u00efse Bravard r\u00e9alise actuellement son premier film intitul\u00e9 Eldorado. Un court-m\u00e9trage dans\u00e9 qu\u2019elle cor\u00e9alise avec son ami Arthur Glain sous la forme d\u2019un plan-s\u00e9quence de 5 minutes.<\/p>\n<p>Originaire de Saint-Just-Saint-Rambert, la jeune femme de 25 ans, passionn\u00e9e de danse qu\u2019elle a pratiqu\u00e9 \u00e0 Fazz N\u2019Co pendant 18 ans, porte ce projet depuis plusieurs mois. \u00ab\u00a0La danse me manquait. J\u2019ai eu l\u2019inspiration il y a deux ou trois ans en \u00e9coutant une chanson de Duran Duran, un groupe des ann\u00e9es 1980\u00a0\u00bb, explique-t-elle. Apr\u00e8s avoir \u00e9crit le sc\u00e9nario, \u00c9lo\u00efse Bravard et Arthur Glain ont fait appel \u00e0 un de leurs amis pour composer la musique. Un \u00e9l\u00e9ment essentiel pour tourner en une prise&#8230;<\/p>\n","protected":false},"excerpt":{"rendered":"D\u00e9sirant travailler dans le milieu du cin\u00e9ma, \u00c9lo\u00efse Bravard r\u00e9alise actuellement son premier film intitul\u00e9 Eldorado. Un court-m\u00e9trage&hellip;\n","protected":false},"author":2,"featured_media":295311,"comment_status":"","ping_status":"","sticky":false,"template":"","format":"standard","meta":{"footnotes":""},"categories":[9653],"tags":[1111,11,2430,650,1687,7359,1777,674,1011,27,12,25,4001,20524,20525],"class_list":{"0":"post-295310","1":"post","2":"type-post","3":"status-publish","4":"format-standard","5":"has-post-thumbnail","7":"category-saint-etienne","8":"tag-actu","9":"tag-actualites","10":"tag-auvergne-rhone-alpes","11":"tag-cinema","12":"tag-culture-loisirs","13":"tag-edition-loire-centre","14":"tag-eu","15":"tag-europe","16":"tag-fr","17":"tag-france","18":"tag-news","19":"tag-republique-francaise","20":"tag-saint-etienne","21":"tag-saint-just-saint-rambert","22":"tag-saint-just-saint-rambert-ville"},"share_on_mastodon":{"url":"https:\/\/pubeurope.com\/@fr\/114969512835240873","error":""},"_links":{"self":[{"href":"https:\/\/www.europesays.com\/fr\/wp-json\/wp\/v2\/posts\/295310","targetHints":{"allow":["GET"]}}],"collection":[{"href":"https:\/\/www.europesays.com\/fr\/wp-json\/wp\/v2\/posts"}],"about":[{"href":"https:\/\/www.europesays.com\/fr\/wp-json\/wp\/v2\/types\/post"}],"author":[{"embeddable":true,"href":"https:\/\/www.europesays.com\/fr\/wp-json\/wp\/v2\/users\/2"}],"replies":[{"embeddable":true,"href":"https:\/\/www.europesays.com\/fr\/wp-json\/wp\/v2\/comments?post=295310"}],"version-history":[{"count":0,"href":"https:\/\/www.europesays.com\/fr\/wp-json\/wp\/v2\/posts\/295310\/revisions"}],"wp:featuredmedia":[{"embeddable":true,"href":"https:\/\/www.europesays.com\/fr\/wp-json\/wp\/v2\/media\/295311"}],"wp:attachment":[{"href":"https:\/\/www.europesays.com\/fr\/wp-json\/wp\/v2\/media?parent=295310"}],"wp:term":[{"taxonomy":"category","embeddable":true,"href":"https:\/\/www.europesays.com\/fr\/wp-json\/wp\/v2\/categories?post=295310"},{"taxonomy":"post_tag","embeddable":true,"href":"https:\/\/www.europesays.com\/fr\/wp-json\/wp\/v2\/tags?post=295310"}],"curies":[{"name":"wp","href":"https:\/\/api.w.org\/{rel}","templated":true}]}}