{"id":295315,"date":"2025-08-04T08:21:24","date_gmt":"2025-08-04T08:21:24","guid":{"rendered":"https:\/\/www.europesays.com\/fr\/295315\/"},"modified":"2025-08-04T08:21:24","modified_gmt":"2025-08-04T08:21:24","slug":"ecologistes-a-toulon-un-programme-pour-une-metropole-solidaire-et-durable","status":"publish","type":"post","link":"https:\/\/www.europesays.com\/fr\/295315\/","title":{"rendered":"\u00c9cologistes \u00e0 Toulon : un programme pour une m\u00e9tropole solidaire et durable"},"content":{"rendered":"<p><img loading=\"lazy\" decoding=\"async\" class=\"size-full wp-image-55519\" src=\"https:\/\/www.europesays.com\/fr\/wp-content\/uploads\/2025\/08\/EELV-Conf-de-presse.jpg\" alt=\"Municipale Toulon 2026 - EELV_info83\" width=\"800\" height=\"450\"  \/>De gauche \u00e0 droite Daniel Bertrand, Jean-Pierre Luquant, Chantal Mouttet, Guy Rebec, P\u00e9ira Costa chef de file d\u2019EELV \u00e0 Toulon et Philippe Santucci<br \/>\nUn rendez-vous politique en plein c\u0153ur de Toulon<\/p>\n<p class=\"ai-optimize-7 ai-optimize-introduction\" data-start=\"471\" data-end=\"943\">La conf\u00e9rence a r\u00e9uni plusieurs repr\u00e9sentants du mouvement \u00e9cologiste local. Elle s\u2019est tenue dans le cadre chaleureux du restaurant Les T\u00eates d\u2019ail, rue des Bonneti\u00e8res. Le public comptait des journalistes, des militants et des citoyens int\u00e9ress\u00e9s. Les intervenants ont pr\u00e9sent\u00e9 un ensemble de propositions \u00e0 discuter avec les autres forces politiques de gauche. Ils ont insist\u00e9 sur la n\u00e9cessit\u00e9 de construire un programme commun pour les 12 communes de la m\u00e9tropole TPM.<\/p>\n<p>Six grands th\u00e8mes au c\u0153ur du projet<\/p>\n<p class=\"ai-optimize-9\" data-start=\"991\" data-end=\"1443\">Les \u00e9cologistes ont structur\u00e9 leurs id\u00e9es autour de six axes. D\u2019abord la mobilit\u00e9, avec le souhait de r\u00e9duire l\u2019usage de la voiture. Ensuite l\u2019agriculture locale, pour garantir une alimentation plus saine. Puis la s\u00e9curit\u00e9, abord\u00e9e sous l\u2019angle de la pr\u00e9vention. Le logement et l\u2019urbanisme, avec la lutte contre la sp\u00e9culation. La d\u00e9mocratie locale, \u00e0 renforcer selon eux. Et enfin les services publics, avec des moyens \u00e0 red\u00e9ployer dans les quartiers.<\/p>\n<p>Des propositions concr\u00e8tes pour TPM<\/p>\n<p class=\"ai-optimize-11\" data-start=\"1491\" data-end=\"1920\">Parmi les pistes \u00e9voqu\u00e9es, le tramway reste une priorit\u00e9. Les intervenants ont aussi parl\u00e9 de cantines 100\u202f% bio et locales. Ils ont \u00e9voqu\u00e9 la cr\u00e9ation d\u2019un abonnement unique pour les transports. Ils souhaitent r\u00e9nover les logements anciens plut\u00f4t que construire davantage. Ils proposent de renforcer les structures de sant\u00e9 et de jeunesse. Leurs id\u00e9es s\u2019inscrivent dans un projet m\u00e9tropolitain qu\u2019ils veulent partag\u00e9 et d\u00e9battu.<\/p>\n<p>Une d\u00e9marche collective et ouverte<\/p>\n<p class=\"ai-optimize-13\" data-start=\"1967\" data-end=\"2394\">Le programme \u00e9mane de groupes locaux r\u00e9partis sur l\u2019ensemble du territoire TPM. Des militants associatifs, des \u00e9cologistes et des citoyens y ont contribu\u00e9. Ils ont r\u00e9dig\u00e9 un document de travail depuis quatre mois. Ils comptent maintenant engager des discussions avec d\u2019autres mouvements de gauche. Ils veulent aussi ouvrir ce dialogue \u00e0 la population. Leur objectif reste clair : construire un projet utile, r\u00e9aliste et commun.<\/p>\n<p class=\"ai-optimize-13\" data-start=\"1967\" data-end=\"2394\">Les \u00e9cologistes lancent leur campagne m\u00e9tropolitaine avec clart\u00e9. Leurs propositions visent \u00e0 ouvrir le d\u00e9bat et construire avec les habitants une alternative \u00e9cologique \u00e0 TPM<\/p>\n<p>Les autres interviews pour les \u00e9lections municipales de Toulon 2026<\/p>\n<p class=\"ai-optimize-16\" data-start=\"1967\" data-end=\"2394\"><a href=\"https:\/\/www.info83.fr\/elections-municipales-toulon-2026-magali-brunel\/\" target=\"_blank\" rel=\"noopener nofollow\">\u00c9lections municipales Toulon 2026 : Magali Brunel en lice<\/a><\/p>\n<p class=\"ai-optimize-17\" data-start=\"1967\" data-end=\"2394\"><a href=\"https:\/\/www.info83.fr\/elections-municipales-toulon-2026-yannick-chenevard-comptera\/\" target=\"_blank\" rel=\"noopener nofollow\">\u00c9lections municipales Toulon 2026 : Yannick Chenevard comptera<\/a><\/p>\n<p class=\"ai-optimize-18\" data-start=\"1967\" data-end=\"2394\"><a href=\"https:\/\/www.info83.fr\/municipales-2026-toulon-pierre-jacques-depallens\/\" target=\"_blank\" rel=\"noopener nofollow\">Pierre-Jacques Depallens Municipales Toulon 2026<\/a><\/p>\n<p class=\"ai-optimize-19\" data-start=\"1967\" data-end=\"2394\"><a href=\"https:\/\/www.info83.fr\/elections-municipales-toulon-2026-michel-bonnus-interview-info83\/\" target=\"_blank\" rel=\"noopener nofollow\">Elections municipales Toulon, invit\u00e9 Michel Bonnus<\/a><\/p>\n<p class=\"ai-optimize-8\"><strong><img decoding=\"async\" class=\"emoji\" role=\"img\" draggable=\"false\" src=\"https:\/\/s.w.org\/images\/core\/emoji\/13.1.0\/svg\/1f538.svg\" alt=\"\ud83d\udd38\" data-pin-no-hover=\"true\"\/>Info83, le Var proche de vous<br \/><\/strong><\/p>\n<p class=\"ai-optimize-9\"><img decoding=\"async\" class=\"emoji\" role=\"img\" draggable=\"false\" src=\"https:\/\/s.w.org\/images\/core\/emoji\/13.1.0\/svg\/27a1.svg\" alt=\"\u27a1\ufe0f\" data-pin-no-hover=\"true\"\/>\u00a0<a href=\"https:\/\/bit.ly\/2OZZMMK\" target=\"_blank\" rel=\"noopener noreferrer nofollow\">Facebook Info83<\/a><\/p>\n<p class=\"ai-optimize-10\"><img decoding=\"async\" class=\"emoji\" role=\"img\" draggable=\"false\" src=\"https:\/\/s.w.org\/images\/core\/emoji\/13.1.0\/svg\/27a1.svg\" alt=\"\u27a1\ufe0f\" data-pin-no-hover=\"true\"\/>\u00a0<a href=\"https:\/\/bit.ly\/2ONkTC9\" target=\"_blank\" rel=\"noopener noreferrer nofollow\">Youtube Info83<\/a><\/p>\n","protected":false},"excerpt":{"rendered":"De gauche \u00e0 droite Daniel Bertrand, Jean-Pierre Luquant, Chantal Mouttet, Guy Rebec, P\u00e9ira Costa chef de file d\u2019EELV&hellip;\n","protected":false},"author":2,"featured_media":295316,"comment_status":"","ping_status":"","sticky":false,"template":"","format":"standard","meta":{"footnotes":""},"categories":[9619],"tags":[1111,11,43551,43552,1777,674,1011,27,12,43553,882,25,2310,43554],"class_list":{"0":"post-295315","1":"post","2":"type-post","3":"status-publish","4":"format-standard","5":"has-post-thumbnail","7":"category-toulon","8":"tag-actu","9":"tag-actualites","10":"tag-candidats-ecologistes-toulon","11":"tag-elections-municipales-toulon-2026-tpm-2026","12":"tag-eu","13":"tag-europe","14":"tag-fr","15":"tag-france","16":"tag-news","17":"tag-propositions-ecologistes","18":"tag-provence-alpes-cote-dazur","19":"tag-republique-francaise","20":"tag-toulon","21":"tag-transition-ecologique-var"},"share_on_mastodon":{"url":"https:\/\/pubeurope.com\/@fr\/114969528525364223","error":""},"_links":{"self":[{"href":"https:\/\/www.europesays.com\/fr\/wp-json\/wp\/v2\/posts\/295315","targetHints":{"allow":["GET"]}}],"collection":[{"href":"https:\/\/www.europesays.com\/fr\/wp-json\/wp\/v2\/posts"}],"about":[{"href":"https:\/\/www.europesays.com\/fr\/wp-json\/wp\/v2\/types\/post"}],"author":[{"embeddable":true,"href":"https:\/\/www.europesays.com\/fr\/wp-json\/wp\/v2\/users\/2"}],"replies":[{"embeddable":true,"href":"https:\/\/www.europesays.com\/fr\/wp-json\/wp\/v2\/comments?post=295315"}],"version-history":[{"count":0,"href":"https:\/\/www.europesays.com\/fr\/wp-json\/wp\/v2\/posts\/295315\/revisions"}],"wp:featuredmedia":[{"embeddable":true,"href":"https:\/\/www.europesays.com\/fr\/wp-json\/wp\/v2\/media\/295316"}],"wp:attachment":[{"href":"https:\/\/www.europesays.com\/fr\/wp-json\/wp\/v2\/media?parent=295315"}],"wp:term":[{"taxonomy":"category","embeddable":true,"href":"https:\/\/www.europesays.com\/fr\/wp-json\/wp\/v2\/categories?post=295315"},{"taxonomy":"post_tag","embeddable":true,"href":"https:\/\/www.europesays.com\/fr\/wp-json\/wp\/v2\/tags?post=295315"}],"curies":[{"name":"wp","href":"https:\/\/api.w.org\/{rel}","templated":true}]}}