{"id":295317,"date":"2025-08-04T08:22:13","date_gmt":"2025-08-04T08:22:13","guid":{"rendered":"https:\/\/www.europesays.com\/fr\/295317\/"},"modified":"2025-08-04T08:22:13","modified_gmt":"2025-08-04T08:22:13","slug":"le-cas-serin-lincertitude-sinzelledanger-a-venir-pour-le-rct-avec-des-cadres-en-fin-de-contrat","status":"publish","type":"post","link":"https:\/\/www.europesays.com\/fr\/295317\/","title":{"rendered":"le cas Serin, l\u2019incertitude Sinzelle\u2026danger \u00e0 venir pour le RCT avec des cadres en fin de contrat ?"},"content":{"rendered":"<p>Le Rugby Club Toulonnais a amorc\u00e9 un cycle vertueux sous la houlette de Pierre Mignoni et compte bien rester au sommet. Ces deux derni\u00e8res saisons, les Varois ont progress\u00e9, retrouvant d\u2019abord les phases finales avant de coincer il y a quelques semaines dans le dernier carr\u00e9 face \u00e0 l\u2019Union Bordeaux-B\u00e8gles. Pour venir concurrencer durablement l\u2019UBB et le Stade Toulousain, le RCT s\u2019est montr\u00e9 actif sur le march\u00e9 des transferts avec un recrutement ambitieux (Tuifua, Mercer, Fert\u00e9&#8230;)<\/p>\n<p>Une charni\u00e8re particuli\u00e8rement expos\u00e9e<\/p>\n<p>Quoiqu\u2019il en soit, le RCT va devoir g\u00e9rer des situations d\u00e9licates au cours de l\u2019exercice. Plusieurs cadres de l\u2019\u00e9quipe arrivent en fin de contrat et le club va devoir trancher. On pense \u00e9videmment \u00e0 J\u00e9r\u00e9my Sinzelle et Ma\u2019a Nonu. Les deux v\u00e9t\u00e9rans se sont vu prolonger une saison suppl\u00e9mentaire apr\u00e8s avoir encore donn\u00e9 satisfaction.<\/p>\n<p>Le cas le plus complexe entoure sans aucun doute Baptiste Serin. Le demi de m\u00eal\u00e9e, v\u00e9ritable figure de proue du RCT, n\u2019a toujours pas prolong\u00e9. Les pr\u00e9tendants ne manquent pas, entre un possible retour \u00e0 l\u2019UBB et un pont d\u2019or offert par le MHR. La charni\u00e8re sera quoiqu\u2019il en soit un dossier prioritaire, puisque Ben White et Enzo Herv\u00e9 sont \u00e9galement en fin de contrat. Enfin, Lucchesi, Brennan Alainu\u2019uese et Rebbadj sont dans le m\u00eame cas.<\/p>\n<p>Partagez cette info avec vos amis et vos proches en cliquant ici<br \/>Pour r\u00e9sumer<\/p>\n<p>Le Rugby Club Toulonnais va devoir g\u00e9rer les situations contractuelles de plusieurs cadres, qui seront libres \u00e0 l\u2019issue de la saison. Le visage de l\u2019\u00e9quipe pourrait s\u2019en retrouver grandement impact\u00e9 s&rsquo;ils venaient \u00e0 partir.<\/p>\n<p> <img decoding=\"async\" width=\"76\" height=\"76\" loading=\"lazy\" src=\"https:\/\/www.europesays.com\/fr\/wp-content\/uploads\/2025\/04\/avatar-quinze.png\" alt=\"Arnaud D\u00e9chelotte\"\/><\/p>\n","protected":false},"excerpt":{"rendered":"Le Rugby Club Toulonnais a amorc\u00e9 un cycle vertueux sous la houlette de Pierre Mignoni et compte bien&hellip;\n","protected":false},"author":2,"featured_media":295318,"comment_status":"","ping_status":"","sticky":false,"template":"","format":"standard","meta":{"footnotes":""},"categories":[9619],"tags":[1111,11,1777,674,1011,27,12,882,25,2310],"class_list":{"0":"post-295317","1":"post","2":"type-post","3":"status-publish","4":"format-standard","5":"has-post-thumbnail","7":"category-toulon","8":"tag-actu","9":"tag-actualites","10":"tag-eu","11":"tag-europe","12":"tag-fr","13":"tag-france","14":"tag-news","15":"tag-provence-alpes-cote-dazur","16":"tag-republique-francaise","17":"tag-toulon"},"share_on_mastodon":{"url":"https:\/\/pubeurope.com\/@fr\/114969532421783203","error":""},"_links":{"self":[{"href":"https:\/\/www.europesays.com\/fr\/wp-json\/wp\/v2\/posts\/295317","targetHints":{"allow":["GET"]}}],"collection":[{"href":"https:\/\/www.europesays.com\/fr\/wp-json\/wp\/v2\/posts"}],"about":[{"href":"https:\/\/www.europesays.com\/fr\/wp-json\/wp\/v2\/types\/post"}],"author":[{"embeddable":true,"href":"https:\/\/www.europesays.com\/fr\/wp-json\/wp\/v2\/users\/2"}],"replies":[{"embeddable":true,"href":"https:\/\/www.europesays.com\/fr\/wp-json\/wp\/v2\/comments?post=295317"}],"version-history":[{"count":0,"href":"https:\/\/www.europesays.com\/fr\/wp-json\/wp\/v2\/posts\/295317\/revisions"}],"wp:featuredmedia":[{"embeddable":true,"href":"https:\/\/www.europesays.com\/fr\/wp-json\/wp\/v2\/media\/295318"}],"wp:attachment":[{"href":"https:\/\/www.europesays.com\/fr\/wp-json\/wp\/v2\/media?parent=295317"}],"wp:term":[{"taxonomy":"category","embeddable":true,"href":"https:\/\/www.europesays.com\/fr\/wp-json\/wp\/v2\/categories?post=295317"},{"taxonomy":"post_tag","embeddable":true,"href":"https:\/\/www.europesays.com\/fr\/wp-json\/wp\/v2\/tags?post=295317"}],"curies":[{"name":"wp","href":"https:\/\/api.w.org\/{rel}","templated":true}]}}