{"id":29533,"date":"2025-04-16T16:10:22","date_gmt":"2025-04-16T16:10:22","guid":{"rendered":"https:\/\/www.europesays.com\/fr\/29533\/"},"modified":"2025-04-16T16:10:22","modified_gmt":"2025-04-16T16:10:22","slug":"mes-battements-est-son-premier-roman-albin-de-la-simone-se-livre-avec-autant-delegance-que-dans-sa-musique","status":"publish","type":"post","link":"https:\/\/www.europesays.com\/fr\/29533\/","title":{"rendered":"\u00ab\u00a0Mes battements\u00a0\u00bb est son premier roman. Albin de la Simone se livre avec autant d\u2019\u00e9l\u00e9gance que dans sa musique"},"content":{"rendered":"<p>Note\u00a0: 4\/5<\/p>\n<p>Le premier livre d\u2019Albin de la Simone est un joyeux m\u00e9lange de dessins et de textes, de vibrations et d\u2019\u00e9motions. On ne s\u2019\u00e9tonnera pas que \u00ab\u00a0Mes battements\u00a0\u00bb poss\u00e8de l\u2019\u00e9l\u00e9gance dont son auteur a toujours fait preuve dans ses albums et sur sc\u00e8ne. Ce dernier raconte ici comment, fra\u00eechement dipl\u00f4m\u00e9 d\u2019arts plastiques, il a ensuite bifurqu\u00e9 vers la musique, \u00e9crit et chant\u00e9 des chansons pendant trente ans avant de reprendre ses crayons. Le voici revenant sur son enfance \u00e0 Montigny-sur-l\u2019Hallue. Cent quarante habitants, dans le canton de Villers-Bocage, \u00e0 douze kilom\u00e8tres au nord d\u2019Amiens avec sa cath\u00e9drale et sa Maison de la culture. Le temps o\u00f9 le jeune Albin \u00e9tait entour\u00e9 d\u2019un p\u00e8re fantasque et passionn\u00e9, d\u2019une m\u00e8re qui faisait des confitures et d\u2019une s\u0153ur a\u00een\u00e9e. Le temps o\u00f9 il \u00e9tait un fumeur de Bastos et un amoureux solitaire.<\/p>\n<p>Bien des ann\u00e9es plus tard, Albin de la Simone se souvient aussi pelle m\u00eale d\u2019un choucas et d\u2019une ponette, d\u2019une panne de synth\u00e9 pendant un concert d\u2019Alain Souchon, de Jean Rochefort, de voyages, de r\u00eaves ou des tomates de Mme S. \u00e0 Fr\u00e9chencourt. L\u2019ensemble poss\u00e8de un charme fou. La marque de fabrique de cet artiste attachant au possible.<\/p>\n<p><img decoding=\"async\" src=\"https:\/\/www.europesays.com\/fr\/wp-content\/uploads\/2025\/04\/67fe24655d7011f6c708e532.1.jpeg\" width=\"480\" height=\"300\" class=\"web_golden_m\" loading=\"lazy\" alt=\"\u00ab\u00a0Mes battements\u00a0\u00bb est son premier roman. Albin de la Simone se livre avec autant d\u2019\u00e9l\u00e9gance que dans sa musique\"\/> (Actes Sud)<\/p>\n<p class=\"note\">Albin de la Simone, \u00ab\u00a0Mes battements\u00a0\u00bb, Actes Sud, 144 pages, 18 \u20ac.<\/p>\n","protected":false},"excerpt":{"rendered":"Note\u00a0: 4\/5 Le premier livre d\u2019Albin de la Simone est un joyeux m\u00e9lange de dessins et de textes,&hellip;\n","protected":false},"author":2,"featured_media":29534,"comment_status":"","ping_status":"","sticky":false,"template":"","format":"standard","meta":{"footnotes":""},"categories":[1357],"tags":[10276,1379,58,59,1011,27,1380],"class_list":{"0":"post-29533","1":"post","2":"type-post","3":"status-publish","4":"format-standard","5":"has-post-thumbnail","7":"category-livres","8":"tag-a-lire","9":"tag-books","10":"tag-divertissement","11":"tag-entertainment","12":"tag-fr","13":"tag-france","14":"tag-livres"},"share_on_mastodon":{"url":"https:\/\/pubeurope.com\/@fr\/114348518799195408","error":""},"_links":{"self":[{"href":"https:\/\/www.europesays.com\/fr\/wp-json\/wp\/v2\/posts\/29533","targetHints":{"allow":["GET"]}}],"collection":[{"href":"https:\/\/www.europesays.com\/fr\/wp-json\/wp\/v2\/posts"}],"about":[{"href":"https:\/\/www.europesays.com\/fr\/wp-json\/wp\/v2\/types\/post"}],"author":[{"embeddable":true,"href":"https:\/\/www.europesays.com\/fr\/wp-json\/wp\/v2\/users\/2"}],"replies":[{"embeddable":true,"href":"https:\/\/www.europesays.com\/fr\/wp-json\/wp\/v2\/comments?post=29533"}],"version-history":[{"count":0,"href":"https:\/\/www.europesays.com\/fr\/wp-json\/wp\/v2\/posts\/29533\/revisions"}],"wp:featuredmedia":[{"embeddable":true,"href":"https:\/\/www.europesays.com\/fr\/wp-json\/wp\/v2\/media\/29534"}],"wp:attachment":[{"href":"https:\/\/www.europesays.com\/fr\/wp-json\/wp\/v2\/media?parent=29533"}],"wp:term":[{"taxonomy":"category","embeddable":true,"href":"https:\/\/www.europesays.com\/fr\/wp-json\/wp\/v2\/categories?post=29533"},{"taxonomy":"post_tag","embeddable":true,"href":"https:\/\/www.europesays.com\/fr\/wp-json\/wp\/v2\/tags?post=29533"}],"curies":[{"name":"wp","href":"https:\/\/api.w.org\/{rel}","templated":true}]}}