{"id":295336,"date":"2025-08-04T08:36:16","date_gmt":"2025-08-04T08:36:16","guid":{"rendered":"https:\/\/www.europesays.com\/fr\/295336\/"},"modified":"2025-08-04T08:36:16","modified_gmt":"2025-08-04T08:36:16","slug":"un-des-accuses-remis-en-liberte-avant-le-proces-en-appel","status":"publish","type":"post","link":"https:\/\/www.europesays.com\/fr\/295336\/","title":{"rendered":"un des accus\u00e9s remis en libert\u00e9 avant le proc\u00e8s en appel"},"content":{"rendered":"<p>            Par<br \/>\n        <strong><br \/>\n            <a href=\"https:\/\/actu.fr\/auteur\/redaction-nantes\" title=\"Consulter tous les articles de R\u00e9daction Nantes\" rel=\"nofollow noopener\" target=\"_blank\">R\u00e9daction Nantes<\/a><br \/>\n        <\/strong><\/p>\n<p>        Publi\u00e9 le<\/p>\n<p>            4 ao\u00fbt 2025 \u00e0 9h25        <\/p>\n<p>La chambre de l\u2019instruction de la cour d\u2019appel de Rennes a remis en libert\u00e9\u00a0avant la tenue du proc\u00e8s d\u2019appel,\u00a0ce <strong>vendredi 1er ao\u00fbt 2025,<\/strong> l\u2019un des trois accus\u00e9s du <a href=\"https:\/\/actu.fr\/pays-de-la-loire\/nantes_44109\/proces-du-meurtre-d-esteban-a-nantes-deux-hommes-condamnes-un-autre-acquitte_62696152.html\" rel=\"nofollow noopener\" target=\"_blank\">meurtre d\u2019Esteban Le Costevec<\/a>, qui avait \u00e9t\u00e9 condamn\u00e9 \u00e0 huit ans de prison pour \u00ab\u00a0association de malfaiteurs\u00a0\u00bb.\u00a0<\/p>\n<p class=\" wall-content\">Pour\u00a0rappel, \u00e0\u00a0compter\u00a0du 20 mai 2025,<strong> trois hommes \u00e2g\u00e9s de 26 et 29 ans<\/strong> avaient comparu pendant cinq jours devant la cour d\u2019assises de Loire-Atlantique pour le \u00ab\u00a0meurtre\u00a0\u00bb du jeune<strong> Esteban Le Costevec<\/strong>, survenu \u00e0<strong> Saint-Herblain<\/strong> (Loire-Atlantique) \u00e0 l\u2019\u00e9t\u00e9 2019.<\/p>\n<p class=\" wall-content\">Mais \u00e0 l\u2019issue des d\u00e9bats,<strong> aucun n\u2019avait \u00e9t\u00e9 condamn\u00e9 pour le crime<\/strong> commis peu avant 1h du matin, le 3 ao\u00fbt 2019 : ce \u00ab\u00a0petit du quartier\u00a0\u00bb s\u2019\u00e9tait alors effondr\u00e9 devant un hall d\u2019immeuble situ\u00e9 au 17, rue Th\u00e9ophile-Guillou,\u00a0lieu connu pour \u00eatre un \u00ab\u00a0point de deal\u00a0\u00bb situ\u00e9 \u00e0 proximit\u00e9 de son propre domicile.<\/p>\n<p>Tous trois rejug\u00e9s en appel\u00a0<\/p>\n<p class=\" wall-content\">Selon ses proches, le jeune de 18 ans n\u2019\u00e9tait toutefois \u00ab\u00a0pas impliqu\u00e9\u00a0\u00bb dans le trafic, m\u00eame si certains assurent qu\u2019il \u00ab\u00a0vendait\u00a0\u00bb pour Mohamed A. \u2013 un dernier point qui n\u2019a pas pu \u00eatre \u00e9tabli par les enqu\u00eateurs. Sa mort aurait pourtant un lien avec la<strong> reprise du point de deal<\/strong> du 5 rue de Charente, d\u2019apr\u00e8s les policiers.<\/p>\n<p class=\" wall-content\">Malgr\u00e9 sa prise en charge par les pompiers, le jeune \u00e9tait donc d\u00e9c\u00e9d\u00e9 trente minutes environ apr\u00e8s <strong>s\u2019\u00eatre fait tirer dans le dos.<\/strong> Une balle avait atteint son poumon et son c\u0153ur. La police judiciaire nantaise s\u2019\u00e9tait\u00a0 mise en qu\u00eate d\u2019une Audi A3 au toit \u00ab\u00a0en verre noir\u00a0\u00bb d\u00e9crite par les t\u00e9moins.<\/p>\n<p class=\" wall-content\">La \u00ab\u00a0rumeur\u00a0\u00bb avait orient\u00e9 l\u2019enqu\u00eate vers Mohamed L. , Moktar S. et Djailani E.. Ce dernier \u2013 propri\u00e9taire identifi\u00e9 de l\u2019Audi A3 et \u00ab\u00a0cl\u00e9\u00a0\u00bb de ce dossier \u2013 avait lui b\u00e9n\u00e9fici\u00e9 d\u2019un non-lieu pour le \u00ab\u00a0meurtre\u00a0\u00bb : il a toutefois \u00e9t\u00e9 <strong>condamn\u00e9 \u00e0 huit ans de prison<\/strong>, seulement pour \u00ab\u00a0association de malfaiteurs\u00a0\u00bb, un d\u00e9lit connexe.<\/p>\n<p class=\" wall-content\">Moktar S., contre lequel 22 ans avaient \u00e9t\u00e9 requis, avait \u00e9t\u00e9 acquitt\u00e9 et remis en libert\u00e9. Mohamed L. avait lui \u00e9t\u00e9 acquitt\u00e9 du crime mais condamn\u00e9 pour \u00ab\u00a0association de malfaiteurs\u00a0\u00bb \u00e0 10 ans de prison. Les trois se retrouveront toutefois devant la cour d\u2019assises d\u2019appel : les deux condamn\u00e9s ont fait appel, tout comme le parquet qui souhaite remettre en cause les acquittements.<\/p>\n<p>Il va travailler \u00ab\u00a0dans la s\u00e9curit\u00e9\u00a0\u00bb<\/p>\n<p class=\" wall-content\">En attendant, l\u2019avocat de Djailani E. a donc sollicit\u00e9, ce<strong> jeudi 31 juillet 2025<\/strong>, la remise en libert\u00e9 de son client : le client de Me Malik Behloul avait en effet comparu libre devant la cour d\u2019assises en premi\u00e8re instance, il s\u2019agissait donc simplement, pour l\u2019avocat parisien, de le \u00ab\u00a0replacer dans la m\u00eame situation\u00a0\u00bb en vue du proc\u00e8s d\u2019appel.<\/p>\n<p class=\" wall-content\">Le jeune homme \u2013 qui avait effectu\u00e9 \u00ab\u00a0seulement dix mois de d\u00e9tention provisoire\u00a0\u00bb \u2013 pouvait en effet \u00eatre h\u00e9berg\u00e9 <a href=\"https:\/\/actu.fr\/rennes\" rel=\"nofollow noopener\" target=\"_blank\">pr\u00e8s de Rennes (Ille-et-Vilaine)<\/a>, chez sa demi-s\u0153ur, et b\u00e9n\u00e9ficiait d\u2019une promesse d\u2019embauche dans \u00ab\u00a0la s\u00e9curit\u00e9\u00a0\u00bb.\u00a0<\/p>\n<p class=\" wall-content\">\u00ab\u00a0Sa condamnation \u00e0 huit ans de r\u00e9clusion criminelle laisse peu de doutes sur la reconnaissance de culpabilit\u00e9\u00a0\u00bb qui interviendra en appel contre Djailani E., avait pour sa part estim\u00e9 l\u2019avocate g\u00e9n\u00e9rale. Mais finalement, la cour ne l\u2019a pas suivie et Djailani E. a \u00e9t\u00e9 <strong>plac\u00e9 sous contr\u00f4le judiciaire.<\/strong><\/p>\n<p class=\" wall-content\"><strong>CB (PressPepper)<\/strong><\/p>\n<p class=\" wall-content\">Suivez toute l\u2019actualit\u00e9 de vos villes et m\u00e9dias favoris en vous inscrivant \u00e0 <a href=\"https:\/\/moncompte.actu.fr\" title=\"D\u00e9couvez Mon Actu\" rel=\"nofollow noopener\" data-trk=\"{&quot;cta&quot;:{&quot;action&quot;:&quot;https:\\\/\\\/moncompte.actu.fr&quot;,&quot;category&quot;:&quot;mon compte&quot;,&quot;from&quot;:&quot;article footer&quot;,&quot;name&quot;:&quot;Mon actu&quot;,&quot;type&quot;:&quot;cta&quot;}}\" target=\"_blank\">Mon Actu<\/a>.<\/p>\n","protected":false},"excerpt":{"rendered":"Par R\u00e9daction Nantes Publi\u00e9 le 4 ao\u00fbt 2025 \u00e0 9h25 La chambre de l\u2019instruction de la cour d\u2019appel&hellip;\n","protected":false},"author":2,"featured_media":208206,"comment_status":"","ping_status":"","sticky":false,"template":"","format":"standard","meta":{"footnotes":""},"categories":[2818],"tags":[1111,11,1777,674,118,1011,27,303,777,766,12,2636,25],"class_list":{"0":"post-295336","1":"post","2":"type-post","3":"status-publish","4":"format-standard","5":"has-post-thumbnail","7":"category-nantes","8":"tag-actu","9":"tag-actualites","10":"tag-eu","11":"tag-europe","12":"tag-faits-divers","13":"tag-fr","14":"tag-france","15":"tag-justice","16":"tag-meurtre","17":"tag-nantes","18":"tag-news","19":"tag-pays-de-la-loire","20":"tag-republique-francaise"},"share_on_mastodon":{"url":"https:\/\/pubeurope.com\/@fr\/114969587465865272","error":""},"_links":{"self":[{"href":"https:\/\/www.europesays.com\/fr\/wp-json\/wp\/v2\/posts\/295336","targetHints":{"allow":["GET"]}}],"collection":[{"href":"https:\/\/www.europesays.com\/fr\/wp-json\/wp\/v2\/posts"}],"about":[{"href":"https:\/\/www.europesays.com\/fr\/wp-json\/wp\/v2\/types\/post"}],"author":[{"embeddable":true,"href":"https:\/\/www.europesays.com\/fr\/wp-json\/wp\/v2\/users\/2"}],"replies":[{"embeddable":true,"href":"https:\/\/www.europesays.com\/fr\/wp-json\/wp\/v2\/comments?post=295336"}],"version-history":[{"count":0,"href":"https:\/\/www.europesays.com\/fr\/wp-json\/wp\/v2\/posts\/295336\/revisions"}],"wp:featuredmedia":[{"embeddable":true,"href":"https:\/\/www.europesays.com\/fr\/wp-json\/wp\/v2\/media\/208206"}],"wp:attachment":[{"href":"https:\/\/www.europesays.com\/fr\/wp-json\/wp\/v2\/media?parent=295336"}],"wp:term":[{"taxonomy":"category","embeddable":true,"href":"https:\/\/www.europesays.com\/fr\/wp-json\/wp\/v2\/categories?post=295336"},{"taxonomy":"post_tag","embeddable":true,"href":"https:\/\/www.europesays.com\/fr\/wp-json\/wp\/v2\/tags?post=295336"}],"curies":[{"name":"wp","href":"https:\/\/api.w.org\/{rel}","templated":true}]}}