{"id":295354,"date":"2025-08-04T08:50:12","date_gmt":"2025-08-04T08:50:12","guid":{"rendered":"https:\/\/www.europesays.com\/fr\/295354\/"},"modified":"2025-08-04T08:50:12","modified_gmt":"2025-08-04T08:50:12","slug":"lobsession-de-donald-trump-pour-le-prix-nobel-de-la-paix","status":"publish","type":"post","link":"https:\/\/www.europesays.com\/fr\/295354\/","title":{"rendered":"l\u2019obsession de Donald Trump pour le prix Nobel de la paix"},"content":{"rendered":"<p>            lire plus tard<\/p>\n<p id=\"dialog__title\" class=\"dialog__title\">Pour sauvegarder cet article, connectez-vous ou cr\u00e9ez un compte franceinfo<\/p>\n<p class=\"dialog__description\">Sans paiement. Sans abonnement.<\/p>\n<p>        Fermer la fen\u00eatre d\u2019activation des notifications France Info<\/p>\n<p>            cr\u00e9er votre compte<\/p>\n<p>            se connecter<\/p>\n<p>        Fermer la fen\u00eatre de pr\u00e9sentation<\/p>\n<p>    Publi\u00e9 le 04\/08\/2025 08:38<\/p>\n<p>        Temps de lecture : 2min &#8211; vid\u00e9o : 2min<\/p>\n<p>    <img decoding=\"async\" class=\"francetv-player-wrapper__image\" alt=\"\u00c9tats-Unis : l\u2019obsession de Donald Trump pour le prix Nobel de la paix\"  width=\"432\" height=\"243\" src=\"https:\/\/www.europesays.com\/fr\/wp-content\/uploads\/2025\/08\/trump-68904f0c90439434517939.png\" fetchpriority=\"high\"\/><\/p>\n<p>              \u00c9tats-Unis : l\u2019obsession de Donald Trump pour le prix Nobel de la paix<br \/>\n                    (franceinfo)<\/p>\n<p>      2min<\/p>\n<p>\n  Donald Trump, qui se r\u00eavait en faiseur de paix, a pour l\u2019instant \u00e9chou\u00e9 sur Gaza et sur l\u2019Ukraine. Pourtant, il ambitionne toujours d\u2019obtenir le prix Nobel de la paix, ce serait m\u00eame devenu une obsession.\n<\/p>\n<p><strong>Ce texte correspond \u00e0 une partie de la retranscription du reportage ci-dessus. Cliquez sur la vid\u00e9o pour la regarder en int\u00e9gralit\u00e9.<\/strong><\/p>\n<p>Le petit air satisfait de <a rel=\"noopener noreferrer nofollow\" href=\"https:\/\/www.franceinfo.fr\/replay-jt\/france-2\/20-heures\/guerre-en-ukraine-donald-trump-a-t-il-change-de-cap-avec-le-deploiement-des-sous-marins-nucleaires_7414204.html\" target=\"_blank\">Donald Trump<\/a>, symbole d&rsquo;une obsession du 47e pr\u00e9sident des \u00c9tats-Unis : recevoir le prix Nobel de la paix. Il en r\u00eave, en parle en permanence et jubile d\u00e8s qu&rsquo;on lui pose une question sur le sujet. \u00ab\u00a0J&rsquo;aurais d\u00e9j\u00e0 d\u00fb l&rsquo;avoir trois ou quatre fois, mais ils ne le donnent qu&rsquo;\u00e0 des gens de gauche\u00a0\u00bb, a-t-il expliqu\u00e9.<\/p>\n<p>Ses doutes n&#8217;emp\u00eachent pas le locataire de la Maison-Blanche de faire campagne pour lui-m\u00eame. Mise \u00e0 contribution, par exemple, au cours de la semaine de sa porte-parole. \u00ab\u00a0Le pr\u00e9sident a arr\u00eat\u00e9 le conflit entre la Tha\u00eflande et le Cambodge, entre Isra\u00ebl et l&rsquo;Iran, entre le Rwanda et la R\u00e9publique d\u00e9mocratique du Congo, l&rsquo;Inde et le Pakistan, la Serbie et le Kosovo, et l&rsquo;\u00c9gypte et l&rsquo;\u00c9thiopie. Il est grand temps que le pr\u00e9sident Trump re\u00e7oive le prix Nobel\u00a0\u00bb, a d\u00e9clar\u00e9 Karoline Leavitt.<\/p>\n<p>Donald Trump, tr\u00e8s satisfait d&rsquo;ailleurs, lorsqu&rsquo;une journaliste demande \u00e0 des pr\u00e9sidents africains s&rsquo;ils proposeront sa nomination pour la supr\u00eame r\u00e9compense. \u00ab\u00a0J&rsquo;appr\u00e9cie la question, c&rsquo;est tr\u00e8s gentil. Vous voulez r\u00e9pondre rapidement ?\u00a0\u00bb, a-t-il fait savoir. \u00ab\u00a0Je pense qu&rsquo;il m\u00e9rite ce prix Nobel\u00a0\u00bb, a affirm\u00e9 Brice Clotaire Oligui Nguema, pr\u00e9sident du Gabon. \u00ab\u00a0Je ne pensais pas \u00eatre trait\u00e9 aussi bien. C&rsquo;est tr\u00e8s bien, je pourrais faire \u00e7a toute la journ\u00e9e\u00a0\u00bb, a ajout\u00e9 le pr\u00e9sident am\u00e9ricain.<\/p>\n<p>Le 7 juillet dernier, Benjamin Netanyahu lui remet 7 lettres officielles. Le pr\u00e9sident isra\u00e9lien a lui aussi propos\u00e9 son nom pour le prix. Il n&rsquo;y a pourtant aucune paix \u00e0 Gaza, pas plus qu&rsquo;en Ukraine d&rsquo;ailleurs. Et ce serait surtout la jalousie qui motiverait le pr\u00e9sident. \u00ab\u00a0Le fait que Barack Obama ait obtenu le prix Nobel de la paix est une blessure narcissique pour Donald Trump. Il veut faire non pas aussi bien, mais mieux que lui, et dire que lui a aussi le prix Nobel de la paix et que Barack Obama \u00e9tait finalement une sorte de parenth\u00e8se dans la vie politique am\u00e9ricaine, et que lui, Donald Trump, est le v\u00e9ritable pr\u00e9sident des \u00c9tats-Unis\u00a0\u00bb, a d\u00e9taill\u00e9 Pascal Boniface, directeur de l&rsquo;Institut de relations internationales et strat\u00e9giques.<\/p>\n<p>Alors Donald Trump a-t-il vraiment ses chances ? Certains experts en relations internationales en doutent. Ses m\u00e9thodes de n\u00e9gociation, parfois brutales, ou encore sa d\u00e9fiance \u00e0 l&rsquo;\u00e9gard des Nations unies, tout cela ne plaide pas vraiment en sa faveur.<\/p>\n","protected":false},"excerpt":{"rendered":"lire plus tard Pour sauvegarder cet article, connectez-vous ou cr\u00e9ez un compte franceinfo Sans paiement. Sans abonnement. Fermer&hellip;\n","protected":false},"author":2,"featured_media":295355,"comment_status":"","ping_status":"","sticky":false,"template":"","format":"standard","meta":{"footnotes":""},"categories":[1888],"tags":[1111,1928,11,1927,1777,674,1011,27,12,1926,626,1925,25],"class_list":{"0":"post-295354","1":"post","2":"type-post","3":"status-publish","4":"format-standard","5":"has-post-thumbnail","7":"category-paris","8":"tag-actu","9":"tag-actu-paris","10":"tag-actualites","11":"tag-actualites-paris","12":"tag-eu","13":"tag-europe","14":"tag-fr","15":"tag-france","16":"tag-news","17":"tag-news-paris","18":"tag-paris","19":"tag-paris-news","20":"tag-republique-francaise"},"share_on_mastodon":{"url":"https:\/\/pubeurope.com\/@fr\/114969642592572116","error":""},"_links":{"self":[{"href":"https:\/\/www.europesays.com\/fr\/wp-json\/wp\/v2\/posts\/295354","targetHints":{"allow":["GET"]}}],"collection":[{"href":"https:\/\/www.europesays.com\/fr\/wp-json\/wp\/v2\/posts"}],"about":[{"href":"https:\/\/www.europesays.com\/fr\/wp-json\/wp\/v2\/types\/post"}],"author":[{"embeddable":true,"href":"https:\/\/www.europesays.com\/fr\/wp-json\/wp\/v2\/users\/2"}],"replies":[{"embeddable":true,"href":"https:\/\/www.europesays.com\/fr\/wp-json\/wp\/v2\/comments?post=295354"}],"version-history":[{"count":0,"href":"https:\/\/www.europesays.com\/fr\/wp-json\/wp\/v2\/posts\/295354\/revisions"}],"wp:featuredmedia":[{"embeddable":true,"href":"https:\/\/www.europesays.com\/fr\/wp-json\/wp\/v2\/media\/295355"}],"wp:attachment":[{"href":"https:\/\/www.europesays.com\/fr\/wp-json\/wp\/v2\/media?parent=295354"}],"wp:term":[{"taxonomy":"category","embeddable":true,"href":"https:\/\/www.europesays.com\/fr\/wp-json\/wp\/v2\/categories?post=295354"},{"taxonomy":"post_tag","embeddable":true,"href":"https:\/\/www.europesays.com\/fr\/wp-json\/wp\/v2\/tags?post=295354"}],"curies":[{"name":"wp","href":"https:\/\/api.w.org\/{rel}","templated":true}]}}