{"id":295360,"date":"2025-08-04T08:53:12","date_gmt":"2025-08-04T08:53:12","guid":{"rendered":"https:\/\/www.europesays.com\/fr\/295360\/"},"modified":"2025-08-04T08:53:12","modified_gmt":"2025-08-04T08:53:12","slug":"cest-a-elle-de-ne-pas-se-tromper-michel-barnier-repond-a-rachida-dati","status":"publish","type":"post","link":"https:\/\/www.europesays.com\/fr\/295360\/","title":{"rendered":"\u00ab\u00a0C&rsquo;est \u00e0 elle de ne pas se tromper\u00a0\u00bb, Michel Barnier r\u00e9pond \u00e0 Rachida Dati"},"content":{"rendered":"<p class=\"article-p mdl\">Avec la menace d&rsquo;une guerre des droites \u00e0 Paris, Michel Barnier demande \u00e0 Rachida Dati de ne pas se tromper d\u2019\u00e9lection.\u00a0L&rsquo;ancien Premier ministre a \u00e9t\u00e9 d\u00e9sign\u00e9 comme\u00a0le candidat officiel des R\u00e9publicains\u00a0\u00e0 la l\u00e9gislative partielle dans la deuxi\u00e8me circonscription face \u00e0 une candidate dissidente. La ministre de la Culture ambitionne elle de conqu\u00e9rir la mairie de Paris en 2026. Une ambition que Michel Barnier dit ne pas avoir pour apaiser le jeu.<\/p>\n<p class=\"article-p mdl\">L&rsquo;ancien Premier ministre qui s&rsquo;\u00e9tait pour l&rsquo;instant gard\u00e9 de commenter ce duel avec Rachida Dati qui met \u00e0 mal l&rsquo;unit\u00e9 de la droite, hausse finalement le ton. \u00ab\u00a0C&rsquo;est \u00e0 elle de ne pas se tromper et de choisir le bon chemin vers cette unit\u00e9\u00a0\u00bb, pr\u00e9vient <a class=\"link\" href=\"https:\/\/www.rtl.fr\/actu\/politique\/legislative-a-paris-michel-barnier-investi-par-les-republicains-rachida-dati-annonce-sa-candidature-7900526607\" title=\"L\u00e9gislative \u00e0 Paris : Michel Barnier investi par Les R\u00e9publicains, Rachida Dati annonce sa candidature\" target=\"_blank\" rel=\"noopener\">celui qui a \u00e9t\u00e9 investi par le parti<\/a>\u00a0il y a une semaine. \u00ab\u00a0La coupable de la division, ce sera elle\u00a0\u00bb, d\u00e9fend-il entre les lignes.\u00a0<\/p>\n<p class=\"article-p mdl\">Car si tous les cadres du parti imaginent que\u00a0<a class=\"link\" href=\"https:\/\/www.rtl.fr\/sujet\/rachida-dati\" target=\"_blank\" rel=\"noopener\">Rachida Dati<\/a>\u00a0se sert de cette candidature aux l\u00e9gislatives pour faire monter les ench\u00e8res et n\u00e9gocier le soutien sans condition du parti le plus t\u00f4t possible pour les municipales \u00e0 Paris, cette strat\u00e9gie du bras de fer pourrait agacer. \u00ab\u00a0Elle a tout \u00e0 perdre\u00a0\u00bb, estime un d\u00e9put\u00e9 LR fatigu\u00e9 de la m\u00e9thode Dati. Mais dans l&rsquo;\u00e9tat-major, <strong>on ne perd pas espoir d&rsquo;un r\u00e8glement \u00e0 l&rsquo;amiable avec un retrait de la ministre de la Culture<\/strong>. \u00ab\u00a0Il reste un mois pour apaiser tout \u00e7a\u00a0\u00bb, croit savoir un proche du nouveau chef Bruno Retailleau, qui a jusqu&rsquo;au 27 ao\u00fbt, date limite du d\u00e9p\u00f4t des candidatures, pour \u00e9viter de voir sa famille politique se d\u00e9chirer.<\/p>\n<p>    La r\u00e9daction vous recommande<\/p>\n<p class=\"s-newsletter__title\">\n                L\u2019actualit\u00e9 par la r\u00e9daction de RTL dans votre bo\u00eete mail.\n            <\/p>\n<p class=\"s-newsletter__subtitle\">\n                Gr\u00e2ce \u00e0 votre compte RTL abonnez-vous \u00e0 la newsletter RTL info pour suivre toute l&rsquo;actualit\u00e9 au quotidien\n            <\/p>\n<p>\n                                    Lire la suite\n                                <\/p>\n","protected":false},"excerpt":{"rendered":"Avec la menace d&rsquo;une guerre des droites \u00e0 Paris, Michel Barnier demande \u00e0 Rachida Dati de ne pas&hellip;\n","protected":false},"author":2,"featured_media":295361,"comment_status":"","ping_status":"","sticky":false,"template":"","format":"standard","meta":{"footnotes":""},"categories":[1888],"tags":[11,8513,1777,674,107,1011,27,6319,27636,12,626,316,417,362,360,25],"class_list":{"0":"post-295360","1":"post","2":"type-post","3":"status-publish","4":"format-standard","5":"has-post-thumbnail","7":"category-paris","8":"tag-actualites","9":"tag-elections-legislatives","10":"tag-eu","11":"tag-europe","12":"tag-fil-info","13":"tag-fr","14":"tag-france","15":"tag-les-republicains","16":"tag-michel-barnier","17":"tag-news","18":"tag-paris","19":"tag-politique","20":"tag-rachida-dati","21":"tag-replay","22":"tag-replay-integral","23":"tag-republique-francaise"},"share_on_mastodon":{"url":"https:\/\/pubeurope.com\/@fr\/114969654575313981","error":""},"_links":{"self":[{"href":"https:\/\/www.europesays.com\/fr\/wp-json\/wp\/v2\/posts\/295360","targetHints":{"allow":["GET"]}}],"collection":[{"href":"https:\/\/www.europesays.com\/fr\/wp-json\/wp\/v2\/posts"}],"about":[{"href":"https:\/\/www.europesays.com\/fr\/wp-json\/wp\/v2\/types\/post"}],"author":[{"embeddable":true,"href":"https:\/\/www.europesays.com\/fr\/wp-json\/wp\/v2\/users\/2"}],"replies":[{"embeddable":true,"href":"https:\/\/www.europesays.com\/fr\/wp-json\/wp\/v2\/comments?post=295360"}],"version-history":[{"count":0,"href":"https:\/\/www.europesays.com\/fr\/wp-json\/wp\/v2\/posts\/295360\/revisions"}],"wp:featuredmedia":[{"embeddable":true,"href":"https:\/\/www.europesays.com\/fr\/wp-json\/wp\/v2\/media\/295361"}],"wp:attachment":[{"href":"https:\/\/www.europesays.com\/fr\/wp-json\/wp\/v2\/media?parent=295360"}],"wp:term":[{"taxonomy":"category","embeddable":true,"href":"https:\/\/www.europesays.com\/fr\/wp-json\/wp\/v2\/categories?post=295360"},{"taxonomy":"post_tag","embeddable":true,"href":"https:\/\/www.europesays.com\/fr\/wp-json\/wp\/v2\/tags?post=295360"}],"curies":[{"name":"wp","href":"https:\/\/api.w.org\/{rel}","templated":true}]}}