{"id":295362,"date":"2025-08-04T08:54:12","date_gmt":"2025-08-04T08:54:12","guid":{"rendered":"https:\/\/www.europesays.com\/fr\/295362\/"},"modified":"2025-08-04T08:54:12","modified_gmt":"2025-08-04T08:54:12","slug":"ouverture-attendue-du-proces-ce-lundi-liberation","status":"publish","type":"post","link":"https:\/\/www.europesays.com\/fr\/295362\/","title":{"rendered":"ouverture attendue du proc\u00e8s ce lundi \u2013 Lib\u00e9ration"},"content":{"rendered":"<p class=\"sc-ksZaOG ehjQrN text-element\">Le proc\u00e8s des auteurs et complices pr\u00e9sum\u00e9s de <a href=\"https:\/\/www.liberation.fr\/international\/europe\/fusillade-dans-une-salle-de-concert-a-moscou-20240322_BTMLFNQKOVDRTKCTSIQB7DGZF4\/\" target=\"_blank\" rel=\"noreferrer nofollow noopener\" title=\"https:\/\/www.liberation.fr\/international\/europe\/fusillade-dans-une-salle-de-concert-a-moscou-20240322_BTMLFNQKOVDRTKCTSIQB7DGZF4\/\">l\u2019attentat du Crocus City Hall<\/a> \u00e0 Moscou, qui <a href=\"https:\/\/www.liberation.fr\/international\/europe\/attaque-a-moscou-deuil-national-en-russie-apres-le-massacre-du-crocus-city-hall-20240324_2SVPFHCSXFBAFFFG2YKVMSOJZ4\/\" target=\"_blank\" rel=\"noreferrer nofollow noopener\" title=\"https:\/\/www.liberation.fr\/international\/europe\/attaque-a-moscou-deuil-national-en-russie-apres-le-massacre-du-crocus-city-hall-20240324_2SVPFHCSXFBAFFFG2YKVMSOJZ4\/\">a fait 149 morts<\/a> en mars 2024 et a \u00e9t\u00e9 revendiqu\u00e9 par l\u2019Etat islamique, devrait d\u00e9buter ce lundi 4 ao\u00fbt en Russie, ont annonc\u00e9 les autorit\u00e9s. Le 22 mars 2024, <a href=\"https:\/\/www.liberation.fr\/international\/europe\/attentat-de-moscou-pourquoi-la-revendication-de-letat-islamique-est-credible-20240323_GD5PXT5MYNEZXPHQCCVK3PY5YE\/\" target=\"_blank\" rel=\"noreferrer nofollow noopener\" title=\"https:\/\/www.liberation.fr\/international\/europe\/attentat-de-moscou-pourquoi-la-revendication-de-letat-islamique-est-credible-20240323_GD5PXT5MYNEZXPHQCCVK3PY5YE\/\">des hommes arm\u00e9s avaient ouvert le feu dans cette salle de concert<\/a> situ\u00e9e \u00e0 la p\u00e9riph\u00e9rie de la capitale russe avant d\u2019y mettre le feu, tuant 149 personnes et en blessant 609, l\u2019une des pires attaques dans l\u2019histoire r\u00e9cente de la Russie.<\/p>\n<p class=\"sc-ksZaOG ehjQrN text-element\">Au total, dix-neuf personnes doivent \u00eatre jug\u00e9es par un tribunal militaire de Moscou, dont les quatre assaillants pr\u00e9sum\u00e9s, originaires du Tadjikistan, une ex-r\u00e9publique sovi\u00e9tique d\u2019Asie centrale. Les trois premi\u00e8res audiences devraient se d\u00e9rouler lundi, mardi et jeudi, pr\u00e9cise le tribunal sur son site.<\/p>\n<p class=\"sc-ksZaOG ehjQrN text-element\">L\u2019attentat avait \u00e9t\u00e9 revendiqu\u00e9 par l\u2019organisation jihadiste Etat islamique, qui <a href=\"https:\/\/www.liberation.fr\/international\/europe\/massacre-du-crocus-city-hall-en-russie-les-precedentes-attaques-meurtrieres-dans-lhistoire-de-moscou-20240324_V3HBKYBJ6RB55DCHJAIJJ3WQIY\/\" target=\"_blank\" rel=\"noreferrer nofollow noopener\" title=\"https:\/\/www.liberation.fr\/international\/europe\/massacre-du-crocus-city-hall-en-russie-les-precedentes-attaques-meurtrieres-dans-lhistoire-de-moscou-20240324_V3HBKYBJ6RB55DCHJAIJJ3WQIY\/\">avait d\u00e9j\u00e0 cibl\u00e9 le pays \u00e0 plusieurs reprises par le pass\u00e9<\/a>. Il avait provoqu\u00e9 une onde de choc en Russie, en plein conflit arm\u00e9 avec l\u2019Ukraine : les autorit\u00e9s russes avaient assur\u00e9 dans un premier temps <a href=\"https:\/\/www.liberation.fr\/international\/europe\/attaque-meurtriere-dans-une-salle-de-concert-a-moscou-la-guerre-des-accusations-entre-la-russie-et-lukraine-20240322_4MMARSCVPNADJPAZQKAZS5X4GI\/\" target=\"_blank\" rel=\"noreferrer nofollow noopener\" title=\"https:\/\/www.liberation.fr\/international\/europe\/attaque-meurtriere-dans-une-salle-de-concert-a-moscou-la-guerre-des-accusations-entre-la-russie-et-lukraine-20240322_4MMARSCVPNADJPAZQKAZS5X4GI\/\">y voir \u00e9galement la main de Kyiv<\/a>, ce que l\u2019Ukraine a cat\u00e9goriquement ni\u00e9. Les services russes n\u2019ont par ailleurs <a href=\"https:\/\/www.liberation.fr\/international\/europe\/attaque-de-moscou-concert-de-condamnations-internationales-vladimir-poutine-ne-sest-pas-encore-exprime-20240323_KAP7OOV62NH3PIX6U37THFZYFU\/\" target=\"_blank\" rel=\"noreferrer nofollow noopener\" title=\"https:\/\/www.liberation.fr\/international\/europe\/attaque-de-moscou-concert-de-condamnations-internationales-vladimir-poutine-ne-sest-pas-encore-exprime-20240323_KAP7OOV62NH3PIX6U37THFZYFU\/\">jamais apport\u00e9 de preuves<\/a> pour \u00e9tayer leurs all\u00e9gations.<\/p>\n<p class=\"sc-ksZaOG ehjQrN text-element\">Fin mars, le Comit\u00e9 d\u2019enqu\u00eate russe avait affirm\u00e9 avoir \u00abtermin\u00e9 l\u2019enqu\u00eate\u00bb concernant les dix-neuf personnes impliqu\u00e9es. Les enqu\u00eateurs avaient conclu que \u00abl\u2019acte terroriste avait \u00e9t\u00e9 planifi\u00e9 et organis\u00e9 par les services secrets d\u2019un Etat inamical\u00bb, sans pr\u00e9ciser de quel Etat il s\u2019agissait. D\u00e9but mars, la justice am\u00e9ricaine avait annonc\u00e9 l\u2019arrestation de Mohammad Sharifullah, un responsable de l\u2019EI soup\u00e7onn\u00e9 d\u2019avoir pr\u00e9par\u00e9 l\u2019attentat de l\u2019a\u00e9roport de Kaboul en 2021, qui a fait 183 morts, mais aussi d\u2019\u00eatre impliqu\u00e9 dans l\u2019attaque de Crocus. Il aurait \u00abreconnu\u00bb, selon les autorit\u00e9s am\u00e9ricaines, avoir donn\u00e9 des directives aux auteurs de l\u2019attentat de Moscou.<\/p>\n<p class=\"sc-ksZaOG ehjQrN text-element\">Pr\u00e8s de la moiti\u00e9 des victimes de l\u2019attaque ont \u00e9t\u00e9 tu\u00e9es par les fum\u00e9es et le monoxyde d\u00e9gag\u00e9 par l\u2019incendie d\u00e9clar\u00e9 dans la salle, et non par les tirs, a indiqu\u00e9 dimanche l\u2019agence d\u2019Etat Tass, citant des documents de l\u2019enqu\u00eate. L\u2019attentat avait provoqu\u00e9 une vague de x\u00e9nophobie contre les ressortissants d\u2019Asie centrale en Russie, qui a durci depuis sa l\u00e9gislation concernant les migrants.<\/p>\n","protected":false},"excerpt":{"rendered":"Le proc\u00e8s des auteurs et complices pr\u00e9sum\u00e9s de l\u2019attentat du Crocus City Hall \u00e0 Moscou, qui a fait&hellip;\n","protected":false},"author":2,"featured_media":295363,"comment_status":"","ping_status":"","sticky":false,"template":"","format":"standard","meta":{"footnotes":""},"categories":[1591],"tags":[11,43555,23398,1887,12,1885,1886,132],"class_list":{"0":"post-295362","1":"post","2":"type-post","3":"status-publish","4":"format-standard","5":"has-post-thumbnail","7":"category-russie","8":"tag-actualites","9":"tag-attentat-de-moscou","10":"tag-etat-islamique","11":"tag-federation-de-russie","12":"tag-news","13":"tag-russia","14":"tag-russian-federation","15":"tag-russie"},"share_on_mastodon":{"url":"https:\/\/pubeurope.com\/@fr\/114969658224319005","error":""},"_links":{"self":[{"href":"https:\/\/www.europesays.com\/fr\/wp-json\/wp\/v2\/posts\/295362","targetHints":{"allow":["GET"]}}],"collection":[{"href":"https:\/\/www.europesays.com\/fr\/wp-json\/wp\/v2\/posts"}],"about":[{"href":"https:\/\/www.europesays.com\/fr\/wp-json\/wp\/v2\/types\/post"}],"author":[{"embeddable":true,"href":"https:\/\/www.europesays.com\/fr\/wp-json\/wp\/v2\/users\/2"}],"replies":[{"embeddable":true,"href":"https:\/\/www.europesays.com\/fr\/wp-json\/wp\/v2\/comments?post=295362"}],"version-history":[{"count":0,"href":"https:\/\/www.europesays.com\/fr\/wp-json\/wp\/v2\/posts\/295362\/revisions"}],"wp:featuredmedia":[{"embeddable":true,"href":"https:\/\/www.europesays.com\/fr\/wp-json\/wp\/v2\/media\/295363"}],"wp:attachment":[{"href":"https:\/\/www.europesays.com\/fr\/wp-json\/wp\/v2\/media?parent=295362"}],"wp:term":[{"taxonomy":"category","embeddable":true,"href":"https:\/\/www.europesays.com\/fr\/wp-json\/wp\/v2\/categories?post=295362"},{"taxonomy":"post_tag","embeddable":true,"href":"https:\/\/www.europesays.com\/fr\/wp-json\/wp\/v2\/tags?post=295362"}],"curies":[{"name":"wp","href":"https:\/\/api.w.org\/{rel}","templated":true}]}}