{"id":295369,"date":"2025-08-04T08:58:11","date_gmt":"2025-08-04T08:58:11","guid":{"rendered":"https:\/\/www.europesays.com\/fr\/295369\/"},"modified":"2025-08-04T08:58:11","modified_gmt":"2025-08-04T08:58:11","slug":"allemagne-des-controles-de-vitesse-renforces-cette-semaine-dans-le-bade-wurtemberg-et-en-rhenanie-palatinat","status":"publish","type":"post","link":"https:\/\/www.europesays.com\/fr\/295369\/","title":{"rendered":"Allemagne. Des contr\u00f4les de vitesse renforc\u00e9s cette semaine dans le Bade-Wurtemberg et en Rh\u00e9nanie-Palatinat"},"content":{"rendered":"<p>Attention si vous circulez sur les routes du Bade-Wurtemberg et de Rh\u00e9nanie-Palatinat cette semaine du 4 au 10 ao\u00fbt. La police allemande m\u00e8ne ce qu&rsquo;elle appelle un \u00ab\u00a0Blitzermarathon\u00a0\u00bb, c&rsquo;est-\u00e0-dire un \u00ab\u00a0marathon des flashs\u00a0\u00bb. Tr\u00e8s concr\u00e8tement, cela signifie que les policiers vont mener des contr\u00f4les de vitesse renforc\u00e9s dans tout le Land lors de cette semaine qui co\u00efncide avec un grand chass\u00e9 crois\u00e9 des vacanciers.<\/p>\n<p>Autoroutes, routes f\u00e9d\u00e9rales et axes secondaires, la police sera pr\u00e9sente partout avec une attention accrue sur les portions routi\u00e8res situ\u00e9es proches des h\u00f4pitaux, maisons de retraite, \u00e9coles mais aussi sur les zones chantiers.<\/p>\n<p>Des milliers d&rsquo;infractions relev\u00e9es en avril<\/p>\n<p>C&rsquo;est la deuxi\u00e8me fois cette ann\u00e9e que la police m\u00e8ne ce type d&rsquo;action. La derni\u00e8re en date remonte au mois d&rsquo;avril. Plus de 15 000 infractions avaient \u00e9t\u00e9 relev\u00e9es dans le Bade-Wurtemberg, 8 000 en Rh\u00e9nanie-Palatinat.<\/p>\n","protected":false},"excerpt":{"rendered":"Attention si vous circulez sur les routes du Bade-Wurtemberg et de Rh\u00e9nanie-Palatinat cette semaine du 4 au 10&hellip;\n","protected":false},"author":2,"featured_media":295370,"comment_status":"","ping_status":"","sticky":false,"template":"","format":"standard","meta":{"footnotes":""},"categories":[1587],"tags":[11,672,1804,1805,1803,1777,674,274,107,329,1801,12,1802,1806],"class_list":{"0":"post-295369","1":"post","2":"type-post","3":"status-publish","4":"format-standard","5":"has-post-thumbnail","7":"category-allemagne","8":"tag-actualites","9":"tag-allemagne","10":"tag-bundesrepublik-deutschland","11":"tag-de","12":"tag-deutschland","13":"tag-eu","14":"tag-europe","15":"tag-faits-divers-justice","16":"tag-fil-info","17":"tag-france-monde","18":"tag-germany","19":"tag-news","20":"tag-republique-federale-dallemagne","21":"tag-rheinblick"},"share_on_mastodon":{"url":"https:\/\/pubeurope.com\/@fr\/114969673952075725","error":""},"_links":{"self":[{"href":"https:\/\/www.europesays.com\/fr\/wp-json\/wp\/v2\/posts\/295369","targetHints":{"allow":["GET"]}}],"collection":[{"href":"https:\/\/www.europesays.com\/fr\/wp-json\/wp\/v2\/posts"}],"about":[{"href":"https:\/\/www.europesays.com\/fr\/wp-json\/wp\/v2\/types\/post"}],"author":[{"embeddable":true,"href":"https:\/\/www.europesays.com\/fr\/wp-json\/wp\/v2\/users\/2"}],"replies":[{"embeddable":true,"href":"https:\/\/www.europesays.com\/fr\/wp-json\/wp\/v2\/comments?post=295369"}],"version-history":[{"count":0,"href":"https:\/\/www.europesays.com\/fr\/wp-json\/wp\/v2\/posts\/295369\/revisions"}],"wp:featuredmedia":[{"embeddable":true,"href":"https:\/\/www.europesays.com\/fr\/wp-json\/wp\/v2\/media\/295370"}],"wp:attachment":[{"href":"https:\/\/www.europesays.com\/fr\/wp-json\/wp\/v2\/media?parent=295369"}],"wp:term":[{"taxonomy":"category","embeddable":true,"href":"https:\/\/www.europesays.com\/fr\/wp-json\/wp\/v2\/categories?post=295369"},{"taxonomy":"post_tag","embeddable":true,"href":"https:\/\/www.europesays.com\/fr\/wp-json\/wp\/v2\/tags?post=295369"}],"curies":[{"name":"wp","href":"https:\/\/api.w.org\/{rel}","templated":true}]}}