{"id":295371,"date":"2025-08-04T08:59:12","date_gmt":"2025-08-04T08:59:12","guid":{"rendered":"https:\/\/www.europesays.com\/fr\/295371\/"},"modified":"2025-08-04T08:59:12","modified_gmt":"2025-08-04T08:59:12","slug":"leurope-ouvre-dans-le-vert-lattention-se-porte-sur-les-droits-de-douane-et-lemploi-aux-etats-unis-04-08-2025-a-0940","status":"publish","type":"post","link":"https:\/\/www.europesays.com\/fr\/295371\/","title":{"rendered":"L&rsquo;Europe ouvre dans le vert, l&rsquo;attention se porte sur les droits de douane et l&#8217;emploi aux \u00c9tats-Unis &#8211; 04\/08\/2025 \u00e0 09:40"},"content":{"rendered":"<p>        <img fetchpriority=\"high\" decoding=\"async\" src=\"https:\/\/www.europesays.com\/fr\/wp-content\/uploads\/2025\/08\/499e534619beaecf2af6191a6873fd2d-760x507.jpg\" alt=\"Bourse Euronext dans le quartier d'affaires de La D\u00e9fense \u00e0 Paris\" loading=\"eager\" width=\"760\" height=\"507\" style=\"max-width: 100%!important; height: auto;\"\/><\/p>\n<p class=\"c-image-news__legend\">Bourse Euronext dans le quartier d&rsquo;affaires de La D\u00e9fense \u00e0 Paris<\/p>\n<p>\n Les principales Bourses europ\u00e9ennes progressent en d\u00e9but de s\u00e9ance lundi, en rebond apr\u00e8s les fortes baisses enregistr\u00e9es lors de la s\u00e9ance de vendredi, les investisseurs continuant d&rsquo;analyser les donn\u00e9es sur l&#8217;emploi aux Etats-Unis, en attendant plus de pr\u00e9cisions sur le front commercial.\n<\/p>\n<p>\n \u00c0 Paris, le CAC 40 gagne 0,53% \u00e0 7.585,90 points vers 07h16 GMT. A Francfort, le Dax avance de 0,61% et \u00e0 Londres, le FTSE 100 monte de 0,21%.\n<\/p>\n<p>\n L&rsquo;indice EuroStoxx 50 est en hausse de 0,58%, le FTSEurofirst 300 gagne 0,12% et le Stoxx 600 prend 0,16%.\n<\/p>\n<p>\n Apr\u00e8s le choc des donn\u00e9es de l&#8217;emploi am\u00e9ricain vendredi, qui ont plomb\u00e9 les indices en fin de semaine derni\u00e8re, les investisseurs dig\u00e8rent les derni\u00e8res nouvelles \u00e9conomiques et commerciales.\n<\/p>\n<p>\n Du c\u00f4t\u00e9 des droits de douane, les industriels suisses ont pr\u00e9venu vendredi que des dizaines de milliers d&#8217;emplois sont menac\u00e9s par les nouveaux droits de douane du pr\u00e9sident am\u00e9ricain Donald Trump, qui a impos\u00e9 \u00e0 la Suisse l&rsquo;un des taux les plus \u00e9lev\u00e9s instaur\u00e9s par son gouvernement. L&rsquo;indice suisse de r\u00e9f\u00e9rence recule de 1,8% \u00e0 l&rsquo;ouverture.\n<\/p>\n<p>\n Par ailleurs, un rapport officiel sur l&#8217;emploi aux Etats-Unis publi\u00e9 vendredi a montr\u00e9 que les cr\u00e9ations de postes en juillet avaient \u00e9t\u00e9 bien inf\u00e9rieures aux attentes, tandis que celle pour juin ont \u00e9t\u00e9 r\u00e9vis\u00e9es en forte baisse.\n<\/p>\n<p>\n Les march\u00e9s ont aussi pris connaissance de la d\u00e9mission d&rsquo;une gouverneure de la R\u00e9serve f\u00e9d\u00e9rale am\u00e9ricaine (Fed), Adriana Kugler, qui quittera la banque centrale le 8 ao\u00fbt.\n<\/p>\n<p>\n Apr\u00e8s une avalanche de r\u00e9sultats la semaine derni\u00e8re, la journ\u00e9e est pauvre en publications financi\u00e8res, les investisseurs attendant principalement la d\u00e9cision de politique mon\u00e9taire de la Banque d&rsquo;Angleterre (BoE) ce jeudi, qui devrait abaisser son taux directeur \u00e0 4%, contre 4,25% actuellement.\n<\/p>\n<p>\n Aux valeurs, Air France-KLM gagne 3,5% \u00e0 la faveur d&rsquo;un rel\u00e8vement de recommandation de Barclays.\n<\/p>\n<p>\n Swatch et Richemont reculent d&rsquo;environ 3% apr\u00e8s l&rsquo;annonce des droits de douane am\u00e9ricains contre la Suisse.\n<\/p>\n<p>\n (R\u00e9dig\u00e9 par Mara V\u00eelcu, \u00e9dit\u00e9 par Augustin Turpin)<\/p>\n","protected":false},"excerpt":{"rendered":"Bourse Euronext dans le quartier d&rsquo;affaires de La D\u00e9fense \u00e0 Paris Les principales Bourses europ\u00e9ennes progressent en d\u00e9but&hellip;\n","protected":false},"author":2,"featured_media":295372,"comment_status":"","ping_status":"","sticky":false,"template":"","format":"standard","meta":{"footnotes":""},"categories":[1586],"tags":[400,11,398,408,405,1777,674,1011,27,403,402,399,404,12,25,401,406,407],"class_list":{"0":"post-295371","1":"post","2":"type-post","3":"status-publish","4":"format-standard","5":"has-post-thumbnail","7":"category-europe","8":"tag-action-cac-40","9":"tag-actualites","10":"tag-bourse-de-paris","11":"tag-boursorama","12":"tag-cotations","13":"tag-eu","14":"tag-europe","15":"tag-fr","16":"tag-france","17":"tag-indices-devises","18":"tag-investir","19":"tag-investissement","20":"tag-marche-boursier","21":"tag-news","22":"tag-republique-francaise","23":"tag-sicav","24":"tag-trackers","25":"tag-warrants"},"share_on_mastodon":{"url":"https:\/\/pubeurope.com\/@fr\/114969678045241691","error":""},"_links":{"self":[{"href":"https:\/\/www.europesays.com\/fr\/wp-json\/wp\/v2\/posts\/295371","targetHints":{"allow":["GET"]}}],"collection":[{"href":"https:\/\/www.europesays.com\/fr\/wp-json\/wp\/v2\/posts"}],"about":[{"href":"https:\/\/www.europesays.com\/fr\/wp-json\/wp\/v2\/types\/post"}],"author":[{"embeddable":true,"href":"https:\/\/www.europesays.com\/fr\/wp-json\/wp\/v2\/users\/2"}],"replies":[{"embeddable":true,"href":"https:\/\/www.europesays.com\/fr\/wp-json\/wp\/v2\/comments?post=295371"}],"version-history":[{"count":0,"href":"https:\/\/www.europesays.com\/fr\/wp-json\/wp\/v2\/posts\/295371\/revisions"}],"wp:featuredmedia":[{"embeddable":true,"href":"https:\/\/www.europesays.com\/fr\/wp-json\/wp\/v2\/media\/295372"}],"wp:attachment":[{"href":"https:\/\/www.europesays.com\/fr\/wp-json\/wp\/v2\/media?parent=295371"}],"wp:term":[{"taxonomy":"category","embeddable":true,"href":"https:\/\/www.europesays.com\/fr\/wp-json\/wp\/v2\/categories?post=295371"},{"taxonomy":"post_tag","embeddable":true,"href":"https:\/\/www.europesays.com\/fr\/wp-json\/wp\/v2\/tags?post=295371"}],"curies":[{"name":"wp","href":"https:\/\/api.w.org\/{rel}","templated":true}]}}