{"id":295373,"date":"2025-08-04T09:00:10","date_gmt":"2025-08-04T09:00:10","guid":{"rendered":"https:\/\/www.europesays.com\/fr\/295373\/"},"modified":"2025-08-04T09:00:10","modified_gmt":"2025-08-04T09:00:10","slug":"macron-milite-pour-ladhesion-de-la-serbie-malgre-sa-proximite-avec-la-russie-2","status":"publish","type":"post","link":"https:\/\/www.europesays.com\/fr\/295373\/","title":{"rendered":"Macron milite pour l\u2019adh\u00e9sion de la Serbie malgr\u00e9 sa proximit\u00e9 avec la Russie"},"content":{"rendered":"<p>Pour <a data-i13n=\"cpos:1;pos:1\" href=\"https:\/\/www.20minutes.fr\/politique\/emmanuel-macron\/?at_medium=RSS%20feed&amp;at_campaign=ynews&amp;utm_source=yahoo&amp;utm_medium=rss&amp;utm_campaign=news_feed&amp;utm_content=in_article_link\" rel=\"nofollow noopener\" target=\"_blank\" data-ylk=\"slk:Emmanuel Macron;cpos:1;pos:1;elm:context_link;itc:0;sec:content-canvas\" class=\"link \">Emmanuel Macron<\/a>, Belgrade doit avoir les yeux tourn\u00e9s vers Bruxelles plut\u00f4t que vers Moscou. Lors d\u2019un entretien t\u00e9l\u00e9phonique avec son homologue Aleksandar Vucic, le chef de l\u2019Etat a en effet insist\u00e9 dimanche sur \u00ab le destin europ\u00e9en \u00bb de la Serbie, rest\u00e9e proche de la <a data-i13n=\"cpos:2;pos:1\" href=\"https:\/\/www.20minutes.fr\/monde\/russie\/?at_medium=RSS%20feed&amp;at_campaign=ynews&amp;utm_source=yahoo&amp;utm_medium=rss&amp;utm_campaign=news_feed&amp;utm_content=in_article_link\" rel=\"nofollow noopener\" target=\"_blank\" data-ylk=\"slk:Russie;cpos:2;pos:1;elm:context_link;itc:0;sec:content-canvas\" class=\"link \">Russie<\/a> malgr\u00e9 sa candidature \u00e0 l\u2019<a data-i13n=\"cpos:3;pos:1\" href=\"https:\/\/www.20minutes.fr\/dossier\/ue?at_medium=RSS%20feed&amp;at_campaign=ynews&amp;utm_source=yahoo&amp;utm_medium=rss&amp;utm_campaign=news_feed&amp;utm_content=in_article_link\" rel=\"nofollow noopener\" target=\"_blank\" data-ylk=\"slk:Union europ\u00e9enne;cpos:3;pos:1;elm:context_link;itc:0;sec:content-canvas\" class=\"link \">Union europ\u00e9enne<\/a>.<\/p>\n<p>\u00ab Je lui ai redit ma conviction que le destin de la <a data-i13n=\"cpos:4;pos:1\" href=\"https:\/\/www.20minutes.fr\/dossier\/serbie?at_medium=RSS%20feed&amp;at_campaign=ynews&amp;utm_source=yahoo&amp;utm_medium=rss&amp;utm_campaign=news_feed&amp;utm_content=in_article_link\" rel=\"nofollow noopener\" target=\"_blank\" data-ylk=\"slk:Serbie;cpos:4;pos:1;elm:context_link;itc:0;sec:content-canvas\" class=\"link \">Serbie<\/a> \u00e9tait europ\u00e9en et mon espoir qu\u2019elle puisse progresser, dans un esprit de dialogue, sur le chemin des r\u00e9formes et de l\u2019adh\u00e9sion \u00bb, a \u00e9crit sur X le locataire de l\u2019\u00c9lys\u00e9e.<\/p>\n<p>Le num\u00e9ro d\u2019\u00e9quilibriste de Belgrade<\/p>\n<p>D\u2019importantes manifestations se sont encore tenues en juin dans ce pays des Balkans pour tenter de faire pression sur Aleksandar Vucic et r\u00e9clamer des \u00e9lections anticip\u00e9es. Cette mobilisation a d\u00e9but\u00e9 apr\u00e8s la mort de 16 personnes en novembre 2024 dans l\u2019effondrement du toit d\u2019une gare ferroviaire dans la ville de Novi Sad, une catastrophe largement imput\u00e9e \u00e0 la <a data-i13n=\"cpos:5;pos:1\" href=\"https:\/\/www.20minutes.fr\/dossier\/corruption?at_medium=RSS%20feed&amp;at_campaign=ynews&amp;utm_source=yahoo&amp;utm_medium=rss&amp;utm_campaign=news_feed&amp;utm_content=in_article_link\" rel=\"nofollow noopener\" target=\"_blank\" data-ylk=\"slk:corruption;cpos:5;pos:1;elm:context_link;itc:0;sec:content-canvas\" class=\"link \">corruption<\/a>.<\/p>\n<p>Aleksandar Vucic est un proche partenaire du pr\u00e9sident russe <a data-i13n=\"cpos:6;pos:1\" href=\"https:\/\/www.20minutes.fr\/monde\/vladimir_poutine\/?at_medium=RSS%20feed&amp;at_campaign=ynews&amp;utm_source=yahoo&amp;utm_medium=rss&amp;utm_campaign=news_feed&amp;utm_content=in_article_link\" rel=\"nofollow noopener\" target=\"_blank\" data-ylk=\"slk:Vladimir Poutine;cpos:6;pos:1;elm:context_link;itc:0;sec:content-canvas\" class=\"link \">Vladimir Poutine<\/a> et son pays, qui continue d\u2019acheter l\u2019immense majorit\u00e9 de son gaz \u00e0 Moscou, n\u2019a impos\u00e9 aucune sanction \u00e0 la Russie depuis le d\u00e9but de l\u2019offensive russe en <a data-i13n=\"cpos:7;pos:1\" href=\"https:\/\/www.20minutes.fr\/monde\/ukraine\/?at_medium=RSS%20feed&amp;at_campaign=ynews&amp;utm_source=yahoo&amp;utm_medium=rss&amp;utm_campaign=news_feed&amp;utm_content=in_article_link\" rel=\"nofollow noopener\" target=\"_blank\" data-ylk=\"slk:Ukraine;cpos:7;pos:1;elm:context_link;itc:0;sec:content-canvas\" class=\"link \">Ukraine<\/a> en f\u00e9vrier 2022. Belgrade est en m\u00eame temps candidate \u00e0 l\u2019entr\u00e9e dans l\u2019UE, un partenaire \u00e9conomique essentiel pour la Serbie, et joue donc un num\u00e9ro d\u2019\u00e9quilibriste fragile entre Bruxelles et Moscou.<\/p>\n<p>Dimanche, Emmanuel Macron a \u00e9galement insist\u00e9 sur l\u2019attachement de la France \u00e0 \u00ab la s(&#8230;)<\/p>\n<p><a data-i13n=\"cpos:8;pos:1\" href=\"https:\/\/www.20minutes.fr\/monde\/ukraine\/4166478-20250804-union-europeenne-macron-milite-adhesion-serbie-malgre-proximite-russie?at_medium=RSS%20feed&amp;at_campaign=ynews&amp;utm_source=yahoo&amp;utm_medium=rss&amp;utm_campaign=news_feed&amp;utm_content=read_more_link%22\" rel=\"nofollow noopener\" target=\"_blank\" data-ylk=\"slk:Lire la suite sur 20minutes;cpos:8;pos:1;elm:context_link;itc:0;sec:content-canvas\" class=\"link \">Lire la suite sur 20minutes<\/a><\/p>\n<p>\u00c0 lire aussi :<br \/><a data-i13n=\"cpos:9;pos:1\" href=\"https:\/\/www.20minutes.fr\/monde\/4163243-20250711-bosnie-herzegovine-30-ans-apres-pays-commemore-genocide-srebrenica?at_medium=RSS%20feed&amp;at_campaign=ynews&amp;utm_source=yahoo&amp;utm_medium=rss&amp;utm_campaign=news_feed&amp;utm_content=related_content_link\" rel=\"nofollow noopener\" target=\"_blank\" data-ylk=\"slk:Bosnie-Herz\u00e9govine : Trente ans apr\u00e8s, le pays comm\u00e9more le g\u00e9nocide de Srebrenica;cpos:9;pos:1;elm:context_link;itc:0;sec:content-canvas\" class=\"link \">Bosnie-Herz\u00e9govine : Trente ans apr\u00e8s, le pays comm\u00e9more le g\u00e9nocide de Srebrenica<\/a><br \/><a data-i13n=\"cpos:10;pos:1\" href=\"https:\/\/www.20minutes.fr\/economie\/4166192-20250731-accords-europe-etats-unis-francois-bayrou-juge-france-peu-seule?at_medium=RSS%20feed&amp;at_campaign=ynews&amp;utm_source=yahoo&amp;utm_medium=rss&amp;utm_campaign=news_feed&amp;utm_content=related_content_link\" rel=\"nofollow noopener\" target=\"_blank\" data-ylk=\"slk:Droits de douane : Fran\u00e7ois Bayrou juge que la France a \u00e9t\u00e9 \u00ab un peu seule \u00bb;cpos:10;pos:1;elm:context_link;itc:0;sec:content-canvas\" class=\"link \">Droits de douane : Fran\u00e7ois Bayrou juge que la France a \u00e9t\u00e9 \u00ab un peu seule \u00bb<\/a><\/p>\n","protected":false},"excerpt":{"rendered":"Pour Emmanuel Macron, Belgrade doit avoir les yeux tourn\u00e9s vers Bruxelles plut\u00f4t que vers Moscou. Lors d\u2019un entretien&hellip;\n","protected":false},"author":2,"featured_media":295374,"comment_status":"","ping_status":"","sticky":false,"template":"","format":"standard","meta":{"footnotes":""},"categories":[1586],"tags":[11,6701,22277,1073,1777,674,1779,1011,27,1916,12,25,3329,1778,364],"class_list":{"0":"post-295373","1":"post","2":"type-post","3":"status-publish","4":"format-standard","5":"has-post-thumbnail","7":"category-europe","8":"tag-actualites","9":"tag-aleksandar-vucic","10":"tag-belgrade","11":"tag-emmanuel-macron","12":"tag-eu","13":"tag-europe","14":"tag-european-union","15":"tag-fr","16":"tag-france","17":"tag-moscou","18":"tag-news","19":"tag-republique-francaise","20":"tag-serbie","21":"tag-ue","22":"tag-union-europeenne"},"share_on_mastodon":{"url":"https:\/\/pubeurope.com\/@fr\/114969681880257171","error":""},"_links":{"self":[{"href":"https:\/\/www.europesays.com\/fr\/wp-json\/wp\/v2\/posts\/295373","targetHints":{"allow":["GET"]}}],"collection":[{"href":"https:\/\/www.europesays.com\/fr\/wp-json\/wp\/v2\/posts"}],"about":[{"href":"https:\/\/www.europesays.com\/fr\/wp-json\/wp\/v2\/types\/post"}],"author":[{"embeddable":true,"href":"https:\/\/www.europesays.com\/fr\/wp-json\/wp\/v2\/users\/2"}],"replies":[{"embeddable":true,"href":"https:\/\/www.europesays.com\/fr\/wp-json\/wp\/v2\/comments?post=295373"}],"version-history":[{"count":0,"href":"https:\/\/www.europesays.com\/fr\/wp-json\/wp\/v2\/posts\/295373\/revisions"}],"wp:featuredmedia":[{"embeddable":true,"href":"https:\/\/www.europesays.com\/fr\/wp-json\/wp\/v2\/media\/295374"}],"wp:attachment":[{"href":"https:\/\/www.europesays.com\/fr\/wp-json\/wp\/v2\/media?parent=295373"}],"wp:term":[{"taxonomy":"category","embeddable":true,"href":"https:\/\/www.europesays.com\/fr\/wp-json\/wp\/v2\/categories?post=295373"},{"taxonomy":"post_tag","embeddable":true,"href":"https:\/\/www.europesays.com\/fr\/wp-json\/wp\/v2\/tags?post=295373"}],"curies":[{"name":"wp","href":"https:\/\/api.w.org\/{rel}","templated":true}]}}