{"id":295378,"date":"2025-08-04T09:03:19","date_gmt":"2025-08-04T09:03:19","guid":{"rendered":"https:\/\/www.europesays.com\/fr\/295378\/"},"modified":"2025-08-04T09:03:19","modified_gmt":"2025-08-04T09:03:19","slug":"une-quatrieme-edition-marquee-par-le-sceau-breton","status":"publish","type":"post","link":"https:\/\/www.europesays.com\/fr\/295378\/","title":{"rendered":"une quatri\u00e8me \u00e9dition marqu\u00e9e par le sceau breton"},"content":{"rendered":"<p><img decoding=\"async\" class=\"\" style=\"width:100%\" src=\"https:\/\/www.europesays.com\/fr\/wp-content\/uploads\/2025\/08\/Capture_d__cran_2025_08_04_100215__1__jpgsquibidi1754295057977.jpg\" alt=\"La Brestoise, Ma\u00ebva Squiban termine Super combative de ce Tour de France.\"\/><\/p>\n<p>La Brestoise, Ma\u00ebva Squiban termine Super combative de ce Tour de France.<\/p>\n<p>Cr\u00e9dit : Capture d&rsquo;\u00e9cran France T\u00e9l\u00e9visions<\/p>\n<p><strong>Quelle 4e \u00e9dition du Tour de France Femmes avec Zwift<\/strong>.<\/p>\n<p>Ce dimanche 03 ao\u00fbt 2025, Pauline Ferrand-Pr\u00e9v\u00f4t, a ajout\u00e9 une ligne de plus \u00e0 son formidable palmar\u00e8s. <strong>La R\u00e9moise a remport\u00e9 la 9\u00e8me et derni\u00e8re \u00e9tape du Tour de France f\u00e9minin, mais surtout, elle repart avec le maillot jaune<\/strong>. Une performance qui lui permet de rejoindre Jeannie Longo.<\/p>\n<p>Le France a donc brill\u00e9 sur ses terres, mais la Bretagne n\u2019est pas en reste, les coureuses de nos territoires <strong>ont illumin\u00e9 aussi cette \u00e9dition.<\/strong><\/p>\n<p>Tout d\u2019abord, Ma\u00ebva Squiban, la jeune brestoise de 23 ans, a \u00e9t\u00e9 \u00e9poustouflante pendant neuf jours, <strong>en remportant deux \u00e9tapes de suite en solitaire<\/strong>. Un exploit rare, <strong>elle est la premi\u00e8re fran\u00e7aise \u00e0 remporter deux \u00e9tapes de suite sur le Tour de France<\/strong> (hommes ou femmes) depuis Charly Mottet en 1991. Une belle statistique qu\u2019\u00e0 rejoint, ce dimanche 03 ao\u00fbt, Pauline Ferrand-Pr\u00e9v\u00f4t.<\/p>\n<p>En-tout-cas, avec ces deux victoires \u00e0 la p\u00e9dale, Ma\u00ebva Squiban s\u2019est distingu\u00e9e de la plus belle des mani\u00e8res sur ce Tour de France. Une abn\u00e9gation sur le v\u00e9lo qui lui vaut <strong>d\u2019\u00eatre \u00e9lue Super combative de cette 4e \u00e9dition<\/strong>, et \u00e0 ce maillot distinctif s\u2019ajoute, une belle <strong>15e place au g\u00e9n\u00e9ral. <\/strong><\/p>\n<p> <strong>La Bretagne dans le top 10<\/strong><\/p>\n<p>Pour l\u2019autre Brestoise, <strong>C\u00e9drine Kerbaol, le Tour de France s\u2019est termin\u00e9 dans la douleur<\/strong>. La cycliste de 24 ans est tomb\u00e9e au pied du col de Joux-Plane, et la Bretonne n&rsquo;a pas r\u00e9ussi \u00e0 rallier le peloton par la suite. Une fin d\u2019\u00e9dition g\u00e2ch\u00e9e pour la gagnante d\u2019une \u00e9tape l\u2019ann\u00e9e derni\u00e8re. Malgr\u00e9 tout, <strong>la Bretonne termine 8e au classement g\u00e9n\u00e9ral et 3e meilleure fran\u00e7aise.<\/strong> \u00a0<\/p>\n<p>La jeunesse est au pouvoir dans le cycliste f\u00e9minin breton. \u00c0 20 ans, la Quimp\u00e9roise, de la formation bretonne Ark\u00e9a B&amp;b H\u00f4tel, Titia Ryo, termine 26\u00e8me, mais <strong>surtout deuxi\u00e8me meilleure jeune<\/strong> de cette \u00e9dition. <strong>\u00ab\u00a0J\u2019ai montr\u00e9 que j\u2019\u00e9tais capable de figurer parmi les meilleures de ma g\u00e9n\u00e9ration\u00a0\u00bb, <\/strong><a href=\"https:\/\/www.letelegramme.fr\/sports\/cyclisme\/tour-de-france\/jai-montre-que-jetais-capable-de-figurer-parmi-les-meilleures-de-ma-generation-un-premier-tour-de-france-plein-de-promesses-pour-titia-ryo-6866408.php\" style=\"color: #e03e2d;\" target=\"_blank\" rel=\"noopener\">a-t-elle d\u00e9clar\u00e9 \u00e0 nos confr\u00e8res du T\u00e9l\u00e9gramme.<\/a><\/p>\n<p>Enfin, chez les autres coureuses bretonnes pr\u00e9sentes sur les routes de ce Tour de France Femme, voici le classement.<\/p>\n","protected":false},"excerpt":{"rendered":"La Brestoise, Ma\u00ebva Squiban termine Super combative de ce Tour de France. Cr\u00e9dit : Capture d&rsquo;\u00e9cran France T\u00e9l\u00e9visions&hellip;\n","protected":false},"author":2,"featured_media":295379,"comment_status":"","ping_status":"","sticky":false,"template":"","format":"standard","meta":{"footnotes":""},"categories":[4],"tags":[47,11,2888,1438,13152,1997,3450,829,3335,7343,4351,2192,16954,42255,1011,27,22236,1114,13289,2217,2191,42256,27489,2193,3047,13290,766,12,6752,9144,2636,1653,1825,584,25,1390,3165,2546],"class_list":{"0":"post-295378","1":"post","2":"type-post","3":"status-publish","4":"format-standard","5":"has-post-thumbnail","7":"category-france","8":"tag-actualite","9":"tag-actualites","10":"tag-alouette","11":"tag-angers","12":"tag-angouleme","13":"tag-bordeaux","14":"tag-brest","15":"tag-bretagne","16":"tag-centre","17":"tag-centre-val-de-loire","18":"tag-chateauroux","19":"tag-cholet","20":"tag-cognac","21":"tag-creuse","22":"tag-fr","23":"tag-france","24":"tag-grand-ouest","25":"tag-infos","26":"tag-la-roche-sur-yon","27":"tag-la-rochelle","28":"tag-le-mans","29":"tag-les-herbiers","30":"tag-les-sables-dolonne","31":"tag-limoges","32":"tag-loire-atlantique","33":"tag-mayenne","34":"tag-nantes","35":"tag-news","36":"tag-niort","37":"tag-ouest","38":"tag-pays-de-la-loire","39":"tag-poitiers","40":"tag-radio","41":"tag-rennes","42":"tag-republique-francaise","43":"tag-tours","44":"tag-vannes","45":"tag-vendee"},"share_on_mastodon":{"url":"https:\/\/pubeurope.com\/@fr\/114969694373686535","error":""},"_links":{"self":[{"href":"https:\/\/www.europesays.com\/fr\/wp-json\/wp\/v2\/posts\/295378","targetHints":{"allow":["GET"]}}],"collection":[{"href":"https:\/\/www.europesays.com\/fr\/wp-json\/wp\/v2\/posts"}],"about":[{"href":"https:\/\/www.europesays.com\/fr\/wp-json\/wp\/v2\/types\/post"}],"author":[{"embeddable":true,"href":"https:\/\/www.europesays.com\/fr\/wp-json\/wp\/v2\/users\/2"}],"replies":[{"embeddable":true,"href":"https:\/\/www.europesays.com\/fr\/wp-json\/wp\/v2\/comments?post=295378"}],"version-history":[{"count":0,"href":"https:\/\/www.europesays.com\/fr\/wp-json\/wp\/v2\/posts\/295378\/revisions"}],"wp:featuredmedia":[{"embeddable":true,"href":"https:\/\/www.europesays.com\/fr\/wp-json\/wp\/v2\/media\/295379"}],"wp:attachment":[{"href":"https:\/\/www.europesays.com\/fr\/wp-json\/wp\/v2\/media?parent=295378"}],"wp:term":[{"taxonomy":"category","embeddable":true,"href":"https:\/\/www.europesays.com\/fr\/wp-json\/wp\/v2\/categories?post=295378"},{"taxonomy":"post_tag","embeddable":true,"href":"https:\/\/www.europesays.com\/fr\/wp-json\/wp\/v2\/tags?post=295378"}],"curies":[{"name":"wp","href":"https:\/\/api.w.org\/{rel}","templated":true}]}}