{"id":295384,"date":"2025-08-04T09:07:09","date_gmt":"2025-08-04T09:07:09","guid":{"rendered":"https:\/\/www.europesays.com\/fr\/295384\/"},"modified":"2025-08-04T09:07:09","modified_gmt":"2025-08-04T09:07:09","slug":"wta-montreal-svitolina-apres-sa-victoire-face-a-anisimova-cetait-un-bon-entrainement-pour-moi-aujourdhui","status":"publish","type":"post","link":"https:\/\/www.europesays.com\/fr\/295384\/","title":{"rendered":"WTA &#8211; Montr\u00e9al > Svitolina apr\u00e8s sa victoire face \u00e0 Anisimova : \u00ab C\u2019\u00e9tait un bon entra\u00eenement pour moi aujourd\u2019hui \u00bb"},"content":{"rendered":"<p>Elina Svitolina r\u00e9alise une ann\u00e9e 2025 plut\u00f4t impres\u00adsion\u00adnante, et est sans aucun doute une des joueuses les plus r\u00e9gu\u00adli\u00e8res du circuit. En battant Amanda Anisimova, r\u00e9cente fina\u00adliste de Wimbledon, l\u2019Ukrainienne s\u2019est assur\u00e9e sa place en quart de finale au WTA 1000 de Montr\u00e9al.<\/p>\n<p>Alors qu\u2019elle affron\u00adtera Naomi Osaka, une autre joueuse tr\u00e8s offen\u00adsive, la femme de Ga\u00ebl Monfils a expliqu\u00e9 qu\u2019elle \u00e9tait heureuse d\u2019avoir eu un premier bon test face \u00e0 Anisimova.<\/p>\n<blockquote class=\"twitter-tweet\">\n<p lang=\"en\" dir=\"ltr\">Elina Svitolina on beating Amanda Anisimova to reach Montreal QF<\/p>\n<p>\u201cIt was a great perfor\u00admance from me tonight. I\u2019m happy I could play well and move well because Amanda is such a big striker. I had to be physi\u00adcally strong. Very happy I could do it well today.\u201d \u2764\ufe0f<\/p>\n<p>On facing Naomi\u2026 <a href=\"https:\/\/t.co\/I3toRvtJtu\" data-wpel-link=\"external\" target=\"_blank\" rel=\"nofollow external noopener\">pic.twitter.com\/I3toRvtJtu<\/a><\/p>\n<p>\u2014 The Tennis Letter (@TheTennisLetter) <a href=\"https:\/\/twitter.com\/TheTennisLetter\/status\/1952186329305157821?ref_src=twsrc%5Etfw\" data-wpel-link=\"external\" target=\"_blank\" rel=\"nofollow external noopener\">August 4,\u00a02025<\/a><\/p><\/blockquote>\n<p><strong>\u00ab\u202fC\u2019\u00e9tait une excel\u00adlente perfor\u00admance de ma part ce soir. Je suis heureuse d\u2019avoir pu bien jouer et bien me d\u00e9placer, car Amanda est une frap\u00adpeuse puis\u00adsante. Il fallait que je sois physi\u00adque\u00adment forte. Tr\u00e8s heureuse d\u2019y \u00eatre parvenue aujourd\u2019hui. Osaka est une autre frap\u00adpeuse puis\u00adsante. C\u2019\u00e9tait un bon entra\u00ee\u00adne\u00adment pour moi aujourd\u2019hui de jouer contre Anisimova. Pour l\u2019instant, tout tourne autour de la r\u00e9cu\u00adp\u00e9\u00adra\u00adtion, reposer mon esprit et mon corps, et \u00eatre pr\u00eate pour une grande bataille.\u202f\u00bb<\/strong><\/p>\n<p class=\"post-published-date\" style=\"color: silver; font-size: 75%; text-align: left;\">Publi\u00e9 le lundi 4 ao\u00fbt 2025 \u00e0 09:18<\/p>\n<p><script async src=\"https:\/\/platform.twitter.com\/widgets.js\" charset=\"utf-8\"><\/script><\/p>\n","protected":false},"excerpt":{"rendered":"Elina Svitolina r\u00e9alise une ann\u00e9e 2025 plut\u00f4t impres\u00adsion\u00adnante, et est sans aucun doute une des joueuses les plus&hellip;\n","protected":false},"author":2,"featured_media":37420,"comment_status":"","ping_status":"","sticky":false,"template":"","format":"standard","meta":{"footnotes":""},"categories":[1415],"tags":[43556,1011,27,3770,8447,60,12325,1467],"class_list":{"0":"post-295384","1":"post","2":"type-post","3":"status-publish","4":"format-standard","5":"has-post-thumbnail","7":"category-tennis","8":"tag-anisimova","9":"tag-fr","10":"tag-france","11":"tag-monfils","12":"tag-osaka","13":"tag-sports","14":"tag-svitolina","15":"tag-tennis"},"share_on_mastodon":{"url":"https:\/\/pubeurope.com\/@fr\/114969709293884253","error":""},"_links":{"self":[{"href":"https:\/\/www.europesays.com\/fr\/wp-json\/wp\/v2\/posts\/295384","targetHints":{"allow":["GET"]}}],"collection":[{"href":"https:\/\/www.europesays.com\/fr\/wp-json\/wp\/v2\/posts"}],"about":[{"href":"https:\/\/www.europesays.com\/fr\/wp-json\/wp\/v2\/types\/post"}],"author":[{"embeddable":true,"href":"https:\/\/www.europesays.com\/fr\/wp-json\/wp\/v2\/users\/2"}],"replies":[{"embeddable":true,"href":"https:\/\/www.europesays.com\/fr\/wp-json\/wp\/v2\/comments?post=295384"}],"version-history":[{"count":0,"href":"https:\/\/www.europesays.com\/fr\/wp-json\/wp\/v2\/posts\/295384\/revisions"}],"wp:featuredmedia":[{"embeddable":true,"href":"https:\/\/www.europesays.com\/fr\/wp-json\/wp\/v2\/media\/37420"}],"wp:attachment":[{"href":"https:\/\/www.europesays.com\/fr\/wp-json\/wp\/v2\/media?parent=295384"}],"wp:term":[{"taxonomy":"category","embeddable":true,"href":"https:\/\/www.europesays.com\/fr\/wp-json\/wp\/v2\/categories?post=295384"},{"taxonomy":"post_tag","embeddable":true,"href":"https:\/\/www.europesays.com\/fr\/wp-json\/wp\/v2\/tags?post=295384"}],"curies":[{"name":"wp","href":"https:\/\/api.w.org\/{rel}","templated":true}]}}