{"id":295385,"date":"2025-08-04T09:09:16","date_gmt":"2025-08-04T09:09:16","guid":{"rendered":"https:\/\/www.europesays.com\/fr\/295385\/"},"modified":"2025-08-04T09:09:16","modified_gmt":"2025-08-04T09:09:16","slug":"motogp-cest-le-choc-la-decision-tombe-chez-pramac-1-pilote-vire-un-talent-signe-pour-2026","status":"publish","type":"post","link":"https:\/\/www.europesays.com\/fr\/295385\/","title":{"rendered":"MotoGP C&rsquo;est le choc, la d\u00e9cision tombe chez Pramac, 1 pilote vir\u00e9, un talent sign\u00e9 pour 2026 !"},"content":{"rendered":"<p>Nous ne nous attendions pas \u00e0 une telle d\u00e9cision, aussi rapidement en MotoGP ! Car, le week-end dernier, si Gino Borsoi confirmait des discussions, l\u2019Italien avait aussi affirm\u00e9 que rien n\u2019avait \u00e9t\u00e9 sign\u00e9. Alors, probablement que ce contrat a finalement \u00e9t\u00e9 conclu ces derni\u00e8res heures. C\u2019est officiel et c\u2019est un v\u00e9ritable choc, le tr\u00e8s talentueux pilote Superbike, Toprak Razgatl\u0131o\u011flu, sera bel et bien sur la grille de d\u00e9part, en 2026 !<\/p>\n<p>MotoGP : qui fera les frais de l\u2019arriv\u00e9e de Toprak Razgatl\u0131o\u011flu<\/p>\n<p>Et c\u2019est donc au sein du Team Pramac-Yamaha que le Turque \u00e9voluera. Chose qui signifie que l\u2019un des titulaires actuels n\u2019ira pas plus loin que son unique saison, avec l\u2019\u00e9curie satellite. Aussi, selon toute vraisemblance, si nous nous fions aux r\u00e9sultats, ce devrait \u00eatre Miguel Oliveira la victime du transfert en question. Jack Miller r\u00e9alisant une bonne saison. A moins que l\u2019Australien n\u2019ait d\u00e9j\u00e0 d\u00e9cid\u00e9 de prendre sa retraite, comme certaines rumeurs l\u2019\u00e9voquaient, ces derni\u00e8res semaines\u2026<\/p>\n<p>Un point qui reste donc \u00e0 \u00e9claircir, pour Pramac, sachant que la d\u00e9cisions n\u2019a, d\u2019ailleurs, peut-\u00eatre pas encore \u00e9t\u00e9 prise.<\/p>\n<blockquote class=\"twitter-tweet\">\n<p dir=\"ltr\" lang=\"en\">\ud83d\udea8 BREAKING \ud83d\udea8<\/p>\n<p>Two-time <a href=\"https:\/\/twitter.com\/hashtag\/WorldSBK?src=hash&amp;ref_src=twsrc%5Etfw\" target=\"_blank\" rel=\"noopener\">#WorldSBK<\/a> World Champion <a href=\"https:\/\/twitter.com\/toprak_tr54?ref_src=twsrc%5Etfw\" target=\"_blank\" rel=\"noopener\">@toprak_tr54<\/a> will jump to <a href=\"https:\/\/twitter.com\/hashtag\/MotoGP?src=hash&amp;ref_src=twsrc%5Etfw\" target=\"_blank\" rel=\"noopener\">#MotoGP<\/a> with <a href=\"https:\/\/twitter.com\/pramacracing?ref_src=twsrc%5Etfw\" target=\"_blank\" rel=\"noopener\">@pramacracing<\/a> in 2026! \ud83e\udd1d <a href=\"https:\/\/twitter.com\/hashtag\/MotoGP2026?src=hash&amp;ref_src=twsrc%5Etfw\" target=\"_blank\" rel=\"noopener\">#MotoGP2026<\/a> <a href=\"https:\/\/t.co\/a3TY9uFtbS\">pic.twitter.com\/a3TY9uFtbS<\/a><\/p>\n<p>\u2014 MotoGP\u2122\ud83c\udfc1 (@MotoGP) <a href=\"https:\/\/twitter.com\/MotoGP\/status\/1932442142489596165?ref_src=twsrc%5Etfw\" target=\"_blank\" rel=\"noopener\">June 10, 2025<\/a><\/p>\n<\/blockquote>\n<p>Article publi\u00e9 le 10\/06\/2025 \u00e0 16h24<\/p>\n<p>                                                            <script async src=\"https:\/\/platform.twitter.com\/widgets.js\" charset=\"utf-8\"><\/script><\/p>\n","protected":false},"excerpt":{"rendered":"Nous ne nous attendions pas \u00e0 une telle d\u00e9cision, aussi rapidement en MotoGP ! Car, le week-end dernier,&hellip;\n","protected":false},"author":2,"featured_media":295386,"comment_status":"","ping_status":"","sticky":false,"template":"","format":"standard","meta":{"footnotes":""},"categories":[1413],"tags":[1011,27,1457,1456,1458,13381,60,8341],"class_list":{"0":"post-295385","1":"post","2":"type-post","3":"status-publish","4":"format-standard","5":"has-post-thumbnail","7":"category-moto","8":"tag-fr","9":"tag-france","10":"tag-moto","11":"tag-motocycle","12":"tag-motogp","13":"tag-pramac","14":"tag-sports","15":"tag-toprak-razgatlioglu"},"share_on_mastodon":{"url":"https:\/\/pubeurope.com\/@fr\/114969717247374136","error":""},"_links":{"self":[{"href":"https:\/\/www.europesays.com\/fr\/wp-json\/wp\/v2\/posts\/295385","targetHints":{"allow":["GET"]}}],"collection":[{"href":"https:\/\/www.europesays.com\/fr\/wp-json\/wp\/v2\/posts"}],"about":[{"href":"https:\/\/www.europesays.com\/fr\/wp-json\/wp\/v2\/types\/post"}],"author":[{"embeddable":true,"href":"https:\/\/www.europesays.com\/fr\/wp-json\/wp\/v2\/users\/2"}],"replies":[{"embeddable":true,"href":"https:\/\/www.europesays.com\/fr\/wp-json\/wp\/v2\/comments?post=295385"}],"version-history":[{"count":0,"href":"https:\/\/www.europesays.com\/fr\/wp-json\/wp\/v2\/posts\/295385\/revisions"}],"wp:featuredmedia":[{"embeddable":true,"href":"https:\/\/www.europesays.com\/fr\/wp-json\/wp\/v2\/media\/295386"}],"wp:attachment":[{"href":"https:\/\/www.europesays.com\/fr\/wp-json\/wp\/v2\/media?parent=295385"}],"wp:term":[{"taxonomy":"category","embeddable":true,"href":"https:\/\/www.europesays.com\/fr\/wp-json\/wp\/v2\/categories?post=295385"},{"taxonomy":"post_tag","embeddable":true,"href":"https:\/\/www.europesays.com\/fr\/wp-json\/wp\/v2\/tags?post=295385"}],"curies":[{"name":"wp","href":"https:\/\/api.w.org\/{rel}","templated":true}]}}