{"id":295393,"date":"2025-08-04T09:13:09","date_gmt":"2025-08-04T09:13:09","guid":{"rendered":"https:\/\/www.europesays.com\/fr\/295393\/"},"modified":"2025-08-04T09:13:09","modified_gmt":"2025-08-04T09:13:09","slug":"florent-pagny-officiellement-gueri-line-renaud-devoile-une-info-choc","status":"publish","type":"post","link":"https:\/\/www.europesays.com\/fr\/295393\/","title":{"rendered":"Florent Pagny officiellement \u00ab\u00a0gu\u00e9ri\u00a0\u00bb ? Line Renaud d\u00e9voile une info choc"},"content":{"rendered":"<p>      R\u00e9sum\u00e9<\/p>\n<p>Line Renaud partage des nouvelles rassurantes sur l&rsquo;\u00e9tat de sant\u00e9 de Florent Pagny, qui a r\u00e9cemment travers\u00e9 une p\u00e9riode difficile li\u00e9e \u00e0 la maladie.<\/p>\n<p>        Sommaire<\/p>\n<p>De Dany Boon \u00e0 Mimie Mathy en passant par Pascal Obispo ou Brigitte Macron, <strong>Line Renaud est entour\u00e9e de nombreuses personnalit\u00e9s.<\/strong> Des amiti\u00e9s que <a href=\"https:\/\/www.public.fr\/line-renaud-97-ans-le-champagne-ce-secret-de-jouvence-qui-ne-la-quitte-pas\" target=\"_blank\" rel=\"noopener\">la com\u00e9dienne de 97 ans<\/a> \u00e9voque volontiers en interview.<\/p>\n<p>Apr\u00e8s avoir r\u00e9cemment pris la parole au sujet de Muriel Robin, c&rsquo;est cette fois <a href=\"https:\/\/www.public.fr\/tag\/florent-pagny\" target=\"_blank\" rel=\"noopener\"><strong>Florent Pagny<\/strong><\/a> que Line Renaud a tenu \u00e0 mettre en lumi\u00e8re. <\/p>\n<p>Line Renaud : \u00ab\u00a0Sa maladie est finie\u00a0\u00bb<\/p>\n<p>Peu de temps avant son entretien avec nos confr\u00e8res du <a href=\"https:\/\/www.leparisien.fr\/culture-loisirs\/tv\/une-belle-course-diffuse-sur-tf-1-jattends-mes-100-ans-sourit-line-renaud-03-08-2025-4QEGCNFQ2NA6PJU6V3H2XNCOVQ.php?ts=1754290821852\" target=\"_blank\" rel=\"noreferrer noopener\">Parisien<\/a>, <strong>l&rsquo;interpr\u00e8te de Savoir aimer a rendu visite \u00e0 la com\u00e9dienne.<\/strong><\/p>\n<p>Ensemble, ils auraient pass\u00e9 une journ\u00e9e tr\u00e8s agr\u00e9able <strong>\u00e0 Rueil-Malmaison<\/strong>, en compagnie de\u00a0Jean Todt et\u00a0Michelle Yeoh. Des nouvelles qui font plaisir \u00e0 entendre dans la mesure o\u00f9 l&rsquo;artiste a derni\u00e8rement lutt\u00e9 contre la maladie.<\/p>\n<p>\u00ab\u00a0<strong>J\u2019ai une admiration profonde pour Florent<\/strong>\u00ab\u00a0, a confi\u00e9 Line Renaud dans les colonnes du quotidien avant de r\u00e9v\u00e9ler : \u00ab\u00a0<strong>Il a beaucoup parl\u00e9 de sa maladie qui \u00e9tait finie, normalement, il est gu\u00e9ri<\/strong>\u00ab\u00a0. <\/p>\n<p>En mai 2025, Florent Pagny avait d\u00e9j\u00e0 \u00e9voqu\u00e9 son \u00e9tat de sant\u00e9. Le chanteur avait en effet tenu \u00e0 rassurer ses fans en d\u00e9clarant que \u00ab\u00a0tout allait bien\u00a0\u00bb. <\/p>\n<p>\u00ab\u00a0<strong>C&rsquo;est jamais derri\u00e8re nous quand on chope cette saloperie. On sait qu&rsquo;elle peut revenir \u00e0 tout moment et durant plusieurs ann\u00e9es, on doit contr\u00f4ler<\/strong>\u00ab\u00a0, avait-il cependant ajout\u00e9. <\/p>\n<p>Florent Pagny atteint d&rsquo;un cancer du poumon<\/p>\n<p>Pour rappel, le compagnon d&rsquo;Azucena Caama\u00f1o a \u00e9t\u00e9 diagnostiqu\u00e9 d&rsquo;<strong>un cancer du poumon<\/strong> en janvier de l&rsquo;ann\u00e9e 2022. <\/p>\n<p>Au plus mal, il avait d&rsquo;ailleurs \u00e9t\u00e9 dans l&rsquo;obligation d&rsquo;annuler sa tourn\u00e9e afin de suivre <strong>un traitement particuli\u00e8rement \u00ab\u00a0violent\u00a0\u00bb<\/strong>, comme l&rsquo;avait indiqu\u00e9 son \u00e9pouse. <\/p>\n<p>Malgr\u00e9 la maladie, Florent Pagny n&rsquo;a jamais cess\u00e9 de donner de ses nouvelles \u00e0 ses admirateurs. Il avait m\u00eame r\u00e9v\u00e9l\u00e9 avoir <strong>rechut\u00e9 \u00e0 plusieurs reprises<\/strong>. <\/p>\n<p>Face \u00e0 cette terrible \u00e9preuve, celui qui a r\u00e9cemment l\u00e2ch\u00e9 <a href=\"https:\/\/www.public.fr\/je-ne-serai-pas-la-florent-pagny-lache-une-information-de-taille-sur-son-avenir-dans-the-voice\" target=\"_blank\" rel=\"noopener\">une information de taille concernant son avenir dans The Voice<\/a> n&rsquo;a <strong>jamais baiss\u00e9 les bras<\/strong>. <\/p>\n<p>Au contraire, en mai dernier, il a m\u00eame d\u00e9voil\u00e9 un tout nouveau single sobrement baptis\u00e9 T&rsquo;aimer encore. Un titre qui c\u00e9l\u00e8bre la vie !<\/p>\n<p>      Mentionn\u00e9s dans cet article<\/p>\n<p>      Sur le m\u00eame sujet<\/p>\n","protected":false},"excerpt":{"rendered":"R\u00e9sum\u00e9 Line Renaud partage des nouvelles rassurantes sur l&rsquo;\u00e9tat de sant\u00e9 de Florent Pagny, qui a r\u00e9cemment travers\u00e9&hellip;\n","protected":false},"author":2,"featured_media":295394,"comment_status":"","ping_status":"","sticky":false,"template":"","format":"standard","meta":{"footnotes":""},"categories":[1359],"tags":[101,58,59,3109,1011,27,18994,973],"class_list":{"0":"post-295393","1":"post","2":"type-post","3":"status-publish","4":"format-standard","5":"has-post-thumbnail","7":"category-people","8":"tag-cancer","9":"tag-divertissement","10":"tag-entertainment","11":"tag-florent-pagny","12":"tag-fr","13":"tag-france","14":"tag-line-renaud","15":"tag-people"},"share_on_mastodon":{"url":"https:\/\/pubeurope.com\/@fr\/114969733043127188","error":""},"_links":{"self":[{"href":"https:\/\/www.europesays.com\/fr\/wp-json\/wp\/v2\/posts\/295393","targetHints":{"allow":["GET"]}}],"collection":[{"href":"https:\/\/www.europesays.com\/fr\/wp-json\/wp\/v2\/posts"}],"about":[{"href":"https:\/\/www.europesays.com\/fr\/wp-json\/wp\/v2\/types\/post"}],"author":[{"embeddable":true,"href":"https:\/\/www.europesays.com\/fr\/wp-json\/wp\/v2\/users\/2"}],"replies":[{"embeddable":true,"href":"https:\/\/www.europesays.com\/fr\/wp-json\/wp\/v2\/comments?post=295393"}],"version-history":[{"count":0,"href":"https:\/\/www.europesays.com\/fr\/wp-json\/wp\/v2\/posts\/295393\/revisions"}],"wp:featuredmedia":[{"embeddable":true,"href":"https:\/\/www.europesays.com\/fr\/wp-json\/wp\/v2\/media\/295394"}],"wp:attachment":[{"href":"https:\/\/www.europesays.com\/fr\/wp-json\/wp\/v2\/media?parent=295393"}],"wp:term":[{"taxonomy":"category","embeddable":true,"href":"https:\/\/www.europesays.com\/fr\/wp-json\/wp\/v2\/categories?post=295393"},{"taxonomy":"post_tag","embeddable":true,"href":"https:\/\/www.europesays.com\/fr\/wp-json\/wp\/v2\/tags?post=295393"}],"curies":[{"name":"wp","href":"https:\/\/api.w.org\/{rel}","templated":true}]}}