{"id":295395,"date":"2025-08-04T09:14:10","date_gmt":"2025-08-04T09:14:10","guid":{"rendered":"https:\/\/www.europesays.com\/fr\/295395\/"},"modified":"2025-08-04T09:14:10","modified_gmt":"2025-08-04T09:14:10","slug":"la-fresque-de-lamine-yamal-vandalisee-a-barcelone-les-sept-nains-ajoutes-a-cote-de-la-star-du-barca","status":"publish","type":"post","link":"https:\/\/www.europesays.com\/fr\/295395\/","title":{"rendered":"La fresque de Lamine Yamal vandalis\u00e9e \u00e0 Barcelone, les \u00ab\u00a0Sept Nains\u00a0\u00bb ajout\u00e9s \u00e0 c\u00f4t\u00e9 de la star du Bar\u00e7a"},"content":{"rendered":"<p>Apr\u00e8s un 18e anniversaire pol\u00e9mique, durant lequel Lamine Yamal avait embauch\u00e9 des nains pour faire le service, la fresque murale en hommage au crack du FC Barcelone a \u00e9t\u00e9 vandalis\u00e9e&#8230; avec l&rsquo;ajout des \u00ab\u00a0sept nains\u00a0\u00bb du dessin anim\u00e9 de Walt Disney .<\/p>\n<p>La fresque murale en hommage \u00e0 <a href=\"https:\/\/rmcsport.bfmtv.com\/football\/lamine-yamal_DN-202407110349.html\" title=\"Lamine Yamal\" class=\"internal_link\" rel=\"nofollow noopener\" target=\"_blank\">Lamine Yamal<\/a> \u00e0 Barcelone a \u00e9t\u00e9 vandalis\u00e9e. Ce lundi matin, la presse catalane a pu constater que plusieurs dessins de nains ont \u00e9t\u00e9 ajout\u00e9s \u00e0 la peinture r\u00e9alis\u00e9e sur la Pla\u00e7a Joanic. Il s&rsquo;agit de sept nains, coll\u00e9s par dessus, rappelant le film de Walt Disney \u00ab\u00a0Blanche-Neige et les Sept Nains\u00a0\u00bb. Mais c&rsquo;est aussi et surtout <a href=\"https:\/\/rmcsport.bfmtv.com\/football\/liga\/nous-avons-ete-traites-avec-respect-le-communique-muscle-d-un-artiste-nain-invite-par-lamine-yamal_AV-202507160038.html\" title=\"&quot;Nous avons \u00e9t\u00e9 trait\u00e9s avec respect&quot;, le nouveau communiqu\u00e9 muscl\u00e9 d&#039;un artiste nain invit\u00e9 par Lamine Yamal\" class=\"internal_link\" rel=\"nofollow noopener\" target=\"_blank\">une r\u00e9f\u00e9rence aux nains employ\u00e9s par Lamine Yamal cet \u00e9t\u00e9 lors de son 18e anniversaire<\/a>.<\/p>\n<p><img decoding=\"async\" class=\"lozad\" src=\"https:\/\/www.europesays.com\/fr\/wp-content\/uploads\/2025\/08\/La-fresque-murale-de-Lamine-Yamal-vandalisee-ce-4-aout-2025-2119007.jpg\"  alt=\"La fresque murale de Lamine Yamal vandalis\u00e9e ce 4 ao\u00fbt 2025\" title=\"La fresque murale de Lamine Yamal vandalis\u00e9e ce 4 ao\u00fbt 2025\"\/>La fresque murale de Lamine Yamal vandalis\u00e9e ce 4 ao\u00fbt 2025 \u00a9 Edu Polo\/Instagram<\/p>\n<p>C&rsquo;est le journaliste catalan Edu Polo qui a r\u00e9v\u00e9l\u00e9 l&rsquo;information en story Instagram, avec une photo du mur et ce message: \u00ab\u00a0Cette fois-ci, ce n&rsquo;est ni un faux ni un montage r\u00e9alis\u00e9 par une intelligence artificielle. Je viens de prendre la photo.\u00a0\u00bb Une rumeur au courant de l&rsquo;\u00e9t\u00e9 avait \u00e9t\u00e9 divulgu\u00e9e sur les r\u00e9seaux sociaux laissant penser que la fresque avait d\u00e9j\u00e0 \u00e9t\u00e9 vandalis\u00e9e. Mais cette fois-ci c&rsquo;est bien r\u00e9el.<\/p>\n<p>Un mur souvent vandalis\u00e9<\/p>\n<p>L&rsquo;auteur de cet ajout non sollicit\u00e9 a m\u00eame laiss\u00e9 sa signature \u00ab\u00a0Shredder\u00a0\u00bb, par dessus celle de l&rsquo;auteur initial. Il y a moins d&rsquo;un mois, l&rsquo;artiste TV Boy d\u00e9voilait cette fresque murale de <a href=\"https:\/\/rmcsport.bfmtv.com\/football\/lamine-yamal_DN-202407110349.html\" title=\"Lamine Yamal\" class=\"internal_link\" rel=\"nofollow noopener\" target=\"_blank\">Lamine Yamal <\/a>\u00e0 l&rsquo;occasion de son 18e anniversaire. On y voyait le crack barcelonnais, v\u00eatu d&rsquo;un costume immitant celui de Superman, avec un \u00ab\u00a0L\u00a0\u00bb sur la poitrine \u00e0 la place de l&rsquo;habituel \u00ab\u00a0S\u00a0\u00bb.<\/p>\n<p>Ce n&rsquo;est pas la premi\u00e8re fois qu&rsquo;une fresque se situant sur ce mur laiss\u00e9 libre aux street artistes barcelonais est vandalis\u00e9e. En janvier 2023, une fresque en hommage \u00e0 Alexia Putellas, r\u00e9alis\u00e9e elle aussi par TV Boy, avait fait l&rsquo;objet de tags d\u00e9sobligeants. \u00ab\u00a0Feminazi\u00a0\u00bb, \u00ab\u00a0Cro-magnon\u00a0\u00bb, \u00ab\u00a0Bonne qu&rsquo;\u00e0 faire la tortilla\u00a0\u00bb, \u00ab\u00a0Ce n&rsquo;est ni du football, ni f\u00e9minin\u00a0\u00bb, avaient \u00e9crit ses d\u00e9tracteurs, s&rsquo;en prenant \u00e0 elle pour avoir d\u00e9nonc\u00e9 le fait qu&rsquo;aucun dirigeant de la f\u00e9d\u00e9ration espagnol n&rsquo;\u00e9tait pr\u00e9sent pour remettre les m\u00e9dailles \u00e0 l&rsquo;issue de la Supercoupe d&rsquo;Espagne f\u00e9minine, les joueuses ayant d\u00fb aller chercher elles-m\u00eames leurs m\u00e9dailles dans des boites et se les enfiler autour du cou.<\/p>\n","protected":false},"excerpt":{"rendered":"Apr\u00e8s un 18e anniversaire pol\u00e9mique, durant lequel Lamine Yamal avait embauch\u00e9 des nains pour faire le service, la&hellip;\n","protected":false},"author":2,"featured_media":295396,"comment_status":"","ping_status":"","sticky":false,"template":"","format":"standard","meta":{"footnotes":""},"categories":[1358],"tags":[1348,1384,1385,1386,58,59,1011,27],"class_list":{"0":"post-295395","1":"post","2":"type-post","3":"status-publish","4":"format-standard","5":"has-post-thumbnail","7":"category-arts-et-design","8":"tag-arts","9":"tag-arts-and-design","10":"tag-arts-et-design","11":"tag-design","12":"tag-divertissement","13":"tag-entertainment","14":"tag-fr","15":"tag-france"},"share_on_mastodon":{"url":"https:\/\/pubeurope.com\/@fr\/114969736857436103","error":""},"_links":{"self":[{"href":"https:\/\/www.europesays.com\/fr\/wp-json\/wp\/v2\/posts\/295395","targetHints":{"allow":["GET"]}}],"collection":[{"href":"https:\/\/www.europesays.com\/fr\/wp-json\/wp\/v2\/posts"}],"about":[{"href":"https:\/\/www.europesays.com\/fr\/wp-json\/wp\/v2\/types\/post"}],"author":[{"embeddable":true,"href":"https:\/\/www.europesays.com\/fr\/wp-json\/wp\/v2\/users\/2"}],"replies":[{"embeddable":true,"href":"https:\/\/www.europesays.com\/fr\/wp-json\/wp\/v2\/comments?post=295395"}],"version-history":[{"count":0,"href":"https:\/\/www.europesays.com\/fr\/wp-json\/wp\/v2\/posts\/295395\/revisions"}],"wp:featuredmedia":[{"embeddable":true,"href":"https:\/\/www.europesays.com\/fr\/wp-json\/wp\/v2\/media\/295396"}],"wp:attachment":[{"href":"https:\/\/www.europesays.com\/fr\/wp-json\/wp\/v2\/media?parent=295395"}],"wp:term":[{"taxonomy":"category","embeddable":true,"href":"https:\/\/www.europesays.com\/fr\/wp-json\/wp\/v2\/categories?post=295395"},{"taxonomy":"post_tag","embeddable":true,"href":"https:\/\/www.europesays.com\/fr\/wp-json\/wp\/v2\/tags?post=295395"}],"curies":[{"name":"wp","href":"https:\/\/api.w.org\/{rel}","templated":true}]}}