{"id":295399,"date":"2025-08-04T09:16:09","date_gmt":"2025-08-04T09:16:09","guid":{"rendered":"https:\/\/www.europesays.com\/fr\/295399\/"},"modified":"2025-08-04T09:16:09","modified_gmt":"2025-08-04T09:16:09","slug":"audiences-20h30-la-rediffusion-de-linterview-de-sylvain-tesson-par-laurent-delahousse-permet-a-france-2-dattirer-pres-de-3-millions-de-telespectateurs","status":"publish","type":"post","link":"https:\/\/www.europesays.com\/fr\/295399\/","title":{"rendered":"Audiences 20h30 : La rediffusion de l&rsquo;interview de Sylvain Tesson par Laurent Delahousse permet \u00e0 France 2 d&rsquo;attirer pr\u00e8s de 3 millions de t\u00e9l\u00e9spectateurs"},"content":{"rendered":"<p>Hier soir, apr\u00e8s le journal de 20h de France 2, Laurent Delahousse pr\u00e9sentait \u00ab\u00a020h30, l&rsquo;\u00e9t\u00e9\u00a0\u00bb. Le num\u00e9ro de ce magazine \u00e9tait une rediffusion consacr\u00e9e \u00e0 Sylvain Tesson, \u00e0 l\u2019occasion de la parution de son dernier ouvrage, \u00ab\u00a0Les Piliers de la mer\u00a0\u00bb, aux \u00e9ditions Albin Michel.<\/p>\n<p>Ces \u00ab\u00a0piliers\u00a0\u00bb d\u00e9signent les stacks, ces impressionnants rochers en forme d\u2019aiguille, dont l\u2019un des plus c\u00e9l\u00e8bres se dresse \u00e0 \u00c9tretat. C\u2019est donc dans ce d\u00e9cor spectaculaire que le journaliste retrouve l\u2019\u00e9crivain voyageur, pour une p\u00e9r\u00e9grination sur les traces d\u2019Ars\u00e8ne Lupin. Ensemble, ils \u00e9voquent l\u2019\u00e9tat du monde, entre pr\u00e9occupations environnementales et enjeux politiques.<\/p>\n<p>Une conversation litt\u00e9raire, curieuse et raffin\u00e9e, pleine de passion et d\u2019aventures.<\/p>\n<p>\u00a0<\/p>\n<p>\u00a0<\/p>\n<p>        20h30, l&rsquo;\u00e9t\u00e9 avec Sylvain Tesson<br \/>\n        18.7 % de PDA\n        <\/p>\n<p>        2 930 000<\/p>\n<p>        Stade 2<br \/>\n        12.6 % de PDA\n        <\/p>\n<p>        1 990 000<\/p>\n<p>        En famille<br \/>\n        7.3 % de PDA\n        <\/p>\n<p>        1 150 000<\/p>\n<p>  Le Top des parts de march\u00e9<\/p>\n","protected":false},"excerpt":{"rendered":"Hier soir, apr\u00e8s le journal de 20h de France 2, Laurent Delahousse pr\u00e9sentait \u00ab\u00a020h30, l&rsquo;\u00e9t\u00e9\u00a0\u00bb. Le num\u00e9ro de&hellip;\n","protected":false},"author":2,"featured_media":295400,"comment_status":"","ping_status":"","sticky":false,"template":"","format":"standard","meta":{"footnotes":""},"categories":[1356],"tags":[2367,58,59,1011,27,594,252,1364],"class_list":{"0":"post-295399","1":"post","2":"type-post","3":"status-publish","4":"format-standard","5":"has-post-thumbnail","7":"category-television","8":"tag-audiences","9":"tag-divertissement","10":"tag-entertainment","11":"tag-fr","12":"tag-france","13":"tag-france-2","14":"tag-television","15":"tag-tv"},"share_on_mastodon":{"url":"https:\/\/pubeurope.com\/@fr\/114969744936431000","error":""},"_links":{"self":[{"href":"https:\/\/www.europesays.com\/fr\/wp-json\/wp\/v2\/posts\/295399","targetHints":{"allow":["GET"]}}],"collection":[{"href":"https:\/\/www.europesays.com\/fr\/wp-json\/wp\/v2\/posts"}],"about":[{"href":"https:\/\/www.europesays.com\/fr\/wp-json\/wp\/v2\/types\/post"}],"author":[{"embeddable":true,"href":"https:\/\/www.europesays.com\/fr\/wp-json\/wp\/v2\/users\/2"}],"replies":[{"embeddable":true,"href":"https:\/\/www.europesays.com\/fr\/wp-json\/wp\/v2\/comments?post=295399"}],"version-history":[{"count":0,"href":"https:\/\/www.europesays.com\/fr\/wp-json\/wp\/v2\/posts\/295399\/revisions"}],"wp:featuredmedia":[{"embeddable":true,"href":"https:\/\/www.europesays.com\/fr\/wp-json\/wp\/v2\/media\/295400"}],"wp:attachment":[{"href":"https:\/\/www.europesays.com\/fr\/wp-json\/wp\/v2\/media?parent=295399"}],"wp:term":[{"taxonomy":"category","embeddable":true,"href":"https:\/\/www.europesays.com\/fr\/wp-json\/wp\/v2\/categories?post=295399"},{"taxonomy":"post_tag","embeddable":true,"href":"https:\/\/www.europesays.com\/fr\/wp-json\/wp\/v2\/tags?post=295399"}],"curies":[{"name":"wp","href":"https:\/\/api.w.org\/{rel}","templated":true}]}}