{"id":295401,"date":"2025-08-04T09:17:11","date_gmt":"2025-08-04T09:17:11","guid":{"rendered":"https:\/\/www.europesays.com\/fr\/295401\/"},"modified":"2025-08-04T09:17:11","modified_gmt":"2025-08-04T09:17:11","slug":"julien-clerc-sa-fille-vanille-au-coeur-dune-secte-cette-rumeur-absurde-qui-emerge","status":"publish","type":"post","link":"https:\/\/www.europesays.com\/fr\/295401\/","title":{"rendered":"Julien Clerc : sa fille Vanille au coeur d\u2019une secte ? Cette rumeur absurde qui \u00e9merge"},"content":{"rendered":"<p>Visage embl\u00e9matique de la sc\u00e8ne musicale fran\u00e7aise depuis d\u00e9j\u00e0<br \/>\nplusieurs d\u00e9cennies. <a href=\"https:\/\/www.closermag.fr\/people\/julien-clerc-et-la-cocaine-ses-revelations-sans-filtre-sur-ses-demons-daddiction-3557455\" target=\"_blank\" rel=\"noopener\"><br \/>\nJulien Clerc<\/a> a transmis \u00e0 sa fille <a href=\"https:\/\/www.closermag.fr\/people\/video-la-drole-de-raison-pour-laquelle-vanille-n-utilise-pas-le-nom-de-son-pere-1049629\" target=\"_blank\" rel=\"noopener\"><br \/>\nVanille Clerc<\/a> sa passion pour la musique. Cette derni\u00e8re a<br \/>\nd&rsquo;ailleurs d\u00e9cid\u00e9 de suivre les traces de son p\u00e8re. <strong>En se<br \/>\nlan\u00e7ant elle aussi au sein d&rsquo;une carri\u00e8re dans la chanson.<\/strong><br \/>\nElle avait d&rsquo;ailleurs annonc\u00e9 la sortie de\u00a0son nouvel album<br \/>\nbaptis\u00e9\u00a0Regarde au mois d&rsquo;avril 2025.<\/p>\n<p>La sortie de ce fameux disque, le 13 juin 2025, <strong>s&rsquo;est<br \/>\naccompagn\u00e9e de nombreuses interrogations<\/strong>. Principalement<br \/>\nconcernant la photo pr\u00e9sente sur sa pochette. En fait, le visuel en<br \/>\nquestion repr\u00e9sente la fille de Julien Clerc dans un cercle avec un<br \/>\nhalo aux airs de coucher de soleil. Sur son portrait, Vanille<br \/>\nsourit et cache son \u0153il gauche avec sa main. Ce qui a aliment\u00e9<br \/>\ncertaines th\u00e8ses conspirationnistes.<\/p>\n<p>Vanille Clerc : \u00ab\u00a0Non je ne suis pas Illuminati !!\u00a0\u00bb<\/p>\n<p>\u00ab\u00a0L\u2019album de l\u2019espoir, de l\u2019ouverture sur le monde, de la<br \/>\nrenaissance, de la recherche de la lumi\u00e8re dans l\u2019ombre.<br \/>\n<strong>J\u2019y ai mis tout ce qui me traverse<\/strong> &#8211; l\u2019amour, le<br \/>\ndoute, la joie, le mouvement &#8211; en plongeant dans les eaux claires<br \/>\net parfois troubles de la vie\u00a0\u00bb, avait ainsi indiqu\u00e9 la fille<br \/>\nde Julien Clerc en guise de l\u00e9gende pour cet album. R\u00e9cemment,<br \/>\nVanille Clerc s&rsquo;est empar\u00e9e de son compte Instagram pour r\u00e9pondre<br \/>\naux rumeurs la concernant.<\/p>\n<p>\u00ab\u00a0Clarification. Les amis, OUI je cache mon \u0153il sur la cover<br \/>\nde mon album, mais NON je ne suis pas Illuminati !! J&rsquo;ai re\u00e7u<br \/>\nplusieurs commentaires et messages \u00e0 ce propos. <strong>C&rsquo;est juste<br \/>\nun clin d&rsquo;\u0153il au mot &lsquo;regarde&rsquo;<\/strong>, une vibe, une \u00e9motion, pas<br \/>\nde symbole cach\u00e9 ni plan conspirationniste\u00a0\u00bb, a-t-elle ainsi<br \/>\n\u00e9crit en publiant de nouveau la pochette de son dernier album.<\/p>\n<p>La fille de Julien Clerc s&rsquo;est s\u00e9par\u00e9e<br \/>\ndu p\u00e8re de son fils<\/p>\n<p>Au sein de ce disque, la fille de Julien Clerc se livre<br \/>\nnotamment au sujet de <a href=\"https:\/\/www.closermag.fr\/people\/vanille-clerc-il-se-sentait-la-fille-de-julien-dit-tout-sur-sa-separation-avec-le-pere-de-son-fils-3566633\" target=\"_blank\" rel=\"noopener\"><br \/>\nsa s\u00e9paration<\/a> avec le p\u00e8re de <a href=\"https:\/\/www.closermag.fr\/people\/vanille-clerc-se-confie-comme-rarement-sur-la-rupture-avec-le-pere-de-son-fils-leon-plus-desperance-3556691\" target=\"_blank\" rel=\"noopener\"><br \/>\nson fils<\/a> n\u00e9 en 2020. Qui n&rsquo;est autre que le c\u00e9l\u00e8bre bassiste<br \/>\nbr\u00e9silien <a href=\"https:\/\/www.closermag.fr\/people\/vanille-clerc-qui-est-son-compagnon-gigi-qui-a-remplace-le-pere-de-son-fils-3559945\" target=\"_blank\" rel=\"noopener\"><br \/>\nRobinho Tavares<\/a>. \u00ab\u00a0<strong>Il \u00e9tait malheureux en France, il<br \/>\nse sentait d\u00e9racin\u00e9.<\/strong> Dans le fond, j\u2019ai le sentiment que<br \/>\nnous avons v\u00e9cu ensemble une utopie qui menait \u00e0 une impasse\u00a0\u00bb,<br \/>\navait-elle indiqu\u00e9 \u00e0 ce sujet dans les colonnes de <a href=\"https:\/\/www.gala.fr\/l_actu\/news_de_stars\/julien-clerc-sa-fille-vanille-dement-une-delirante-rumeur-pas-de-symbole-cache-ni-plan-conspirationniste-20250803\" target=\"_blank\" rel=\"noopener\"><br \/>\nGala<\/a>.<\/p>\n<p>\u00ab\u00a0\u00c7a a \u00e9t\u00e9 quelque chose de magique. Mon compagnon \u00e9tant<br \/>\nbr\u00e9silien, il \u00e9tait loin de chez lui et c\u2019\u00e9tait tr\u00e8s dur. Quelque<br \/>\npart, le fait de s\u2019abandonner dans ce travail nous a sauv\u00e9s,<br \/>\n<strong>parce que c\u2019\u00e9tait vraiment un partage fort.<\/strong> Et \u00e7a<br \/>\na \u00e9t\u00e9 assez vite. Moi j\u2019ai \u00e9crit les chansons seule et on les a<br \/>\nhabill\u00e9es \u00e0 deux. On a vraiment produit le disque ensemble. Ce<br \/>\npartage nous a vraiment soud\u00e9s\u00a0\u00bb, avait \u00e9galement ajout\u00e9<br \/>\nVanille Clerc.<\/p>\n","protected":false},"excerpt":{"rendered":"Visage embl\u00e9matique de la sc\u00e8ne musicale fran\u00e7aise depuis d\u00e9j\u00e0 plusieurs d\u00e9cennies. Julien Clerc a transmis \u00e0 sa fille&hellip;\n","protected":false},"author":2,"featured_media":295402,"comment_status":"","ping_status":"","sticky":false,"template":"","format":"standard","meta":{"footnotes":""},"categories":[1355],"tags":[548,58,59,1011,27,1735,1361,873],"class_list":{"0":"post-295401","1":"post","2":"type-post","3":"status-publish","4":"format-standard","5":"has-post-thumbnail","7":"category-musique","8":"tag-article-simple","9":"tag-divertissement","10":"tag-entertainment","11":"tag-fr","12":"tag-france","13":"tag-julien-clerc","14":"tag-music","15":"tag-musique"},"share_on_mastodon":{"url":"https:\/\/pubeurope.com\/@fr\/114969748639325745","error":""},"_links":{"self":[{"href":"https:\/\/www.europesays.com\/fr\/wp-json\/wp\/v2\/posts\/295401","targetHints":{"allow":["GET"]}}],"collection":[{"href":"https:\/\/www.europesays.com\/fr\/wp-json\/wp\/v2\/posts"}],"about":[{"href":"https:\/\/www.europesays.com\/fr\/wp-json\/wp\/v2\/types\/post"}],"author":[{"embeddable":true,"href":"https:\/\/www.europesays.com\/fr\/wp-json\/wp\/v2\/users\/2"}],"replies":[{"embeddable":true,"href":"https:\/\/www.europesays.com\/fr\/wp-json\/wp\/v2\/comments?post=295401"}],"version-history":[{"count":0,"href":"https:\/\/www.europesays.com\/fr\/wp-json\/wp\/v2\/posts\/295401\/revisions"}],"wp:featuredmedia":[{"embeddable":true,"href":"https:\/\/www.europesays.com\/fr\/wp-json\/wp\/v2\/media\/295402"}],"wp:attachment":[{"href":"https:\/\/www.europesays.com\/fr\/wp-json\/wp\/v2\/media?parent=295401"}],"wp:term":[{"taxonomy":"category","embeddable":true,"href":"https:\/\/www.europesays.com\/fr\/wp-json\/wp\/v2\/categories?post=295401"},{"taxonomy":"post_tag","embeddable":true,"href":"https:\/\/www.europesays.com\/fr\/wp-json\/wp\/v2\/tags?post=295401"}],"curies":[{"name":"wp","href":"https:\/\/api.w.org\/{rel}","templated":true}]}}