{"id":295409,"date":"2025-08-04T09:21:13","date_gmt":"2025-08-04T09:21:13","guid":{"rendered":"https:\/\/www.europesays.com\/fr\/295409\/"},"modified":"2025-08-04T09:21:13","modified_gmt":"2025-08-04T09:21:13","slug":"jazz-et-laurent-separes-ces-images-qui-ne-lai","status":"publish","type":"post","link":"https:\/\/www.europesays.com\/fr\/295409\/","title":{"rendered":"Jazz et Laurent s\u00e9par\u00e9s ? Ces images qui ne lai &#8230;"},"content":{"rendered":"<p>EN BREF<\/p>\n<ul class=\"bloc_resume_post_list\">\n<li>En juin 2025, Jazz et Laurent Correia, c\u00e9l\u00e8bres figures<br \/>\nde la t\u00e9l\u00e9-r\u00e9alit\u00e9 fran\u00e7aise, font face \u00e0 des rumeurs de s\u00e9paration<br \/>\nmalgr\u00e9 leur vie familiale \u00e0 Duba\u00ef.<\/li>\n<li>Une vid\u00e9o diffus\u00e9e le 3 ao\u00fbt montre le couple se<br \/>\ntaquinant, mais des publications sugg\u00e8rent une potentielle rupture<br \/>\net une nouvelle relation pour Laurent.<\/li>\n<li>Les d\u00e9clarations de Laurent sur l\u00a0\u00bbabsence de conflit avec<br \/>\nJazz contrastent avec les sp\u00e9culations croissantes sur leur<br \/>\nrelation, laissant planer le doute.<\/li>\n<\/ul>\n<p class=\"p1\">Impossible de parler de t\u00e9l\u00e9-r\u00e9alit\u00e9 en France sans<br \/>\nmentionner <strong>Jazz et<\/strong> <a href=\"https:\/\/www.telestar.fr\/tele_realite\/laurent-correia-son-pere-retrouve-pendu-la-reaction-de-sa-femme-jazz-interroge-1685062\" target=\"_blank\" rel=\"noopener\"><br \/>\nLaurent Correia<\/a>. Le couple, qui affiche <strong>une complicit\u00e9<br \/>\nsans faille<\/strong> sur les r\u00e9seaux sociaux, \u00e9l\u00e8ve <a href=\"https:\/\/www.telestar.fr\/tele-realite\/les-anges\/jazz-enceinte-la-star-de-telerealite-attend-son-troisieme-enfant-449601\" target=\"_blank\" rel=\"noopener\"><br \/>\nquatre enfants \u00e0 Duba\u00ef<\/a> : Chelsea, Cayden, London et Love.<br \/>\nMalgr\u00e9 cette unit\u00e9 de fa\u00e7ade, des rumeurs fusent sur la vie priv\u00e9e<br \/>\ndes heureux parents. En juin 2025, un post de <a href=\"https:\/\/www.telestar.fr\/actu-tv\/rien-a-foutre-laurent-correia-jlc-family-sort-du-silence-apres-l-annonce-de-son-divorce-avec-jazz-850413\" target=\"_blank\" rel=\"noopener\"><br \/>\nl&rsquo;ex-candidat de La Villa<\/a> laissait deviner une rupture.<\/p>\n<p class=\"p1\">Le principal int\u00e9ress\u00e9 avait aussit\u00f4t recadr\u00e9 sur<br \/>\nInstagram : \u00ab\u00a0Une story concernant Jazz et moi a \u00e9t\u00e9 publi\u00e9e par<br \/>\nquelqu&rsquo;un ayant acc\u00e8s \u00e0 mes r\u00e9seaux, avec manifestement l&rsquo;intention<br \/>\nde nuire. Elle a \u00e9t\u00e9 supprim\u00e9e rapidement et la situation a \u00e9t\u00e9<br \/>\nr\u00e9gl\u00e9e en interne.\u00a0Merci de <strong>ne pas donner d&rsquo;\u00e9cho \u00e0 de<br \/>\nfausses informations<\/strong>\u00ab\u00a0.<\/p>\n<p>Jazz et Laurent Correia : o\u00f9 en est le couple ?<\/p>\n<p class=\"p1\"><strong>Les rumeurs de s\u00e9paration<\/strong> flambent \u00e0<br \/>\nnouveau en ce d\u00e9but de mois d&rsquo;ao\u00fbt. En cause, une publication qui<br \/>\nne laisse <strong>quasiment plus place au doute<\/strong>. Ce<br \/>\ndimanche 3 ao\u00fbt, le compte X (ex-Twitter) AQABE a diffus\u00e9<br \/>\n<strong>une courte vid\u00e9o<\/strong> o\u00f9 l&rsquo;on voit <a href=\"https:\/\/www.telestar.fr\/tele-realite\/villa-coeurs-brises\/photo.-jazz-enceinte-devoile-son-baby-bump-deja-imposant-369266\" target=\"_blank\" rel=\"noopener\"><br \/>\nJazz<\/a> <strong>et Laurent Correia<\/strong> se taquiner<br \/>\ntendrement. \u00ab\u00a0Laurent (JLC Family) n\u2019est plus avec Jazz mais \u00e7a<br \/>\nse voile la face pour les r\u00e9seaux et continuent de <strong>se<br \/>\nmontrer ensemble<\/strong>, balance le m\u00e9dia. Cependant,<br \/>\n<strong>Valentina<\/strong> (nouvelle meuf?) a post\u00e9 <strong>une<br \/>\nvid\u00e9o avec Laurent<\/strong> puis a imm\u00e9diatement supprim\u00e9\u00a0\u00bb. Et<br \/>\nde commenter : \u00ab\u00a0Oups\u2026 Grill\u00e9\u00a0\u00bb, accompagn\u00e9 d&rsquo;un emoji qui<br \/>\nrit aux larmes.<\/p>\n<p class=\"p1\">L&rsquo;hypoth\u00e8se pourrait \u00eatre confirm\u00e9e par une story<br \/>\npubli\u00e9e par la jeune femme de 33 ans. <strong>\u00ab\u00a0J&rsquo;ai super mal.<br \/>\nJe vous en supplie, laissez-moi tranquille\u00a0\u00bb<\/strong>,<br \/>\nimplore-t-elle. Les internautes, eux, marchent sur des oeufs :<br \/>\n\u00ab\u00a0Pr\u00e9parez vos alibis parce que \u00e7a va encore nous accuser d\u2019\u00eatre<br \/>\nles fautifs\u00a0\u00bb, \u00ab\u00a0Sous toutes r\u00e9serves que ce soit vrai. Ils<br \/>\nont ils ont tellement besoin de buzz qu&rsquo;ils sont capables de<br \/>\ntout\u00a0\u00bb\u2026<\/p>\n<p>Laurent Correia : \u00ab\u00a0Il n&rsquo;y a aucun<br \/>\nconflit entre nous\u00a0\u00bb<\/p>\n<p class=\"p1\">Ces soup\u00e7ons surviennent \u00e0 peine deux mois apr\u00e8s des<br \/>\nimages o\u00f9 l&rsquo;on voyait Laurent Correia en tr\u00e8s bonne compagnie sur<br \/>\nInstagram. \u00ab\u00a0J\u00a0\u00bbai le droit d&rsquo;avoir des amis, de sortir, et<br \/>\nd&rsquo;\u00eatre entour\u00e9 sans que cela soit transform\u00e9 en buzz ou en<br \/>\nrumeur\u00a0\u00bb, rappelait le blogueur en r\u00e9action aux<br \/>\n<strong>commentaires \u00ab\u00a0totalement d\u00e9plac\u00e9s et<br \/>\ninfond\u00e9s\u00a0\u00bb<\/strong> sur sa vie priv\u00e9e.<\/p>\n<p class=\"p1\">Le p\u00e8re de famille qui a <a href=\"https:\/\/www.telestar.fr\/people\/pas-la-force-de-reagir-laurent-correia-prend-la-parole-apres-le-suicide-de-son-pere-1685175\" target=\"_blank\" rel=\"noopener\"><br \/>\nr\u00e9cemment perdu son beau-p\u00e8re<\/a> revenait sur <a href=\"https:\/\/www.telestar.fr\/tele_realite\/jlc-family-jazz-et-laurent-correia-se-sont-ils-vraiment-separes-1719321\" target=\"_blank\" rel=\"noopener\"><br \/>\nles rumeurs de s\u00e9paration<\/a> avec Jazz. \u00ab\u00a0<strong>Il n&rsquo;y a<br \/>\naucun conflit entre nous<\/strong>.\u00a0Tout va bien, il serait<br \/>\ntemps que certaines personnes laissent les autres vivre simplement,<br \/>\nsans chercher \u00e0 cr\u00e9er le chaos autour d&rsquo;eux.\u00a0\u00bb Une \u00ab\u00a0v\u00e9rit\u00e9\u00a0\u00bb qui<br \/>\npourrait \u00eatre remise en cause aujourd&rsquo;hui\u2026<\/p>\n","protected":false},"excerpt":{"rendered":"EN BREF En juin 2025, Jazz et Laurent Correia, c\u00e9l\u00e8bres figures de la t\u00e9l\u00e9-r\u00e9alit\u00e9 fran\u00e7aise, font face \u00e0&hellip;\n","protected":false},"author":2,"featured_media":295410,"comment_status":"","ping_status":"","sticky":false,"template":"","format":"standard","meta":{"footnotes":""},"categories":[8],"tags":[548,58,59,1011,27,11256,11258],"class_list":{"0":"post-295409","1":"post","2":"type-post","3":"status-publish","4":"format-standard","5":"has-post-thumbnail","7":"category-divertissement","8":"tag-article-simple","9":"tag-divertissement","10":"tag-entertainment","11":"tag-fr","12":"tag-france","13":"tag-jazz-correia","14":"tag-laurent-correia"},"share_on_mastodon":{"url":"https:\/\/pubeurope.com\/@fr\/114969764699296709","error":""},"_links":{"self":[{"href":"https:\/\/www.europesays.com\/fr\/wp-json\/wp\/v2\/posts\/295409","targetHints":{"allow":["GET"]}}],"collection":[{"href":"https:\/\/www.europesays.com\/fr\/wp-json\/wp\/v2\/posts"}],"about":[{"href":"https:\/\/www.europesays.com\/fr\/wp-json\/wp\/v2\/types\/post"}],"author":[{"embeddable":true,"href":"https:\/\/www.europesays.com\/fr\/wp-json\/wp\/v2\/users\/2"}],"replies":[{"embeddable":true,"href":"https:\/\/www.europesays.com\/fr\/wp-json\/wp\/v2\/comments?post=295409"}],"version-history":[{"count":0,"href":"https:\/\/www.europesays.com\/fr\/wp-json\/wp\/v2\/posts\/295409\/revisions"}],"wp:featuredmedia":[{"embeddable":true,"href":"https:\/\/www.europesays.com\/fr\/wp-json\/wp\/v2\/media\/295410"}],"wp:attachment":[{"href":"https:\/\/www.europesays.com\/fr\/wp-json\/wp\/v2\/media?parent=295409"}],"wp:term":[{"taxonomy":"category","embeddable":true,"href":"https:\/\/www.europesays.com\/fr\/wp-json\/wp\/v2\/categories?post=295409"},{"taxonomy":"post_tag","embeddable":true,"href":"https:\/\/www.europesays.com\/fr\/wp-json\/wp\/v2\/tags?post=295409"}],"curies":[{"name":"wp","href":"https:\/\/api.w.org\/{rel}","templated":true}]}}