{"id":295417,"date":"2025-08-04T09:25:09","date_gmt":"2025-08-04T09:25:09","guid":{"rendered":"https:\/\/www.europesays.com\/fr\/295417\/"},"modified":"2025-08-04T09:25:09","modified_gmt":"2025-08-04T09:25:09","slug":"importantes-precipitations-et-rafales-a-plus-de-130-km-h-la-tempete-floris-arrive-la-cote-dazur-sera-t-elle-concernee","status":"publish","type":"post","link":"https:\/\/www.europesays.com\/fr\/295417\/","title":{"rendered":"Importantes pr\u00e9cipitations et rafales \u00e0 plus de 130 km\/h: la temp\u00eate Floris arrive, la C\u00f4te d&rsquo;Azur sera-t-elle concern\u00e9e?"},"content":{"rendered":"<p>Des <strong>vents violents<\/strong> et de <strong>fortes pr\u00e9cipitations<\/strong>.<\/p>\n<p>L&rsquo;arriv\u00e9e d&rsquo;une nouvelle temp\u00eate, baptis\u00e9e \u00ab\u00a0Floris\u00a0\u00bb, est annonc\u00e9e sur le Nord de l&rsquo;Europe ce lundi 4 ao\u00fbt.<\/p>\n<p>Le ph\u00e9nom\u00e8ne devrait balayer les \u00eeles britanniques et, selon\u00a0l&rsquo;agence m\u00e9t\u00e9orologique britannique Met Office, <strong>des rafales d\u00e9passant les 130 km\/h<\/strong> sont attendues par endroits.<\/p>\n<p>Une alerte aux vents violents a par ailleurs \u00e9t\u00e9 d\u00e9clench\u00e9e sur une partie de la moiti\u00e9 nord du Royaume-Uni, de l&rsquo;Irlande du Nord au nord du Pays de Galles, au nord de l&rsquo;Angleterre et \u00e0 l&rsquo;ensemble de l&rsquo;\u00c9cosse.<\/p>\n<p><strong>La France ne devrait pas \u00eatre directement touch\u00e9e<\/strong>, mais une partie au Nord du territoire devrait tout de m\u00eame en ressentir les effets.<\/p>\n<p>\u00ab\u00a0Pr\u00e8s de la Manche et dans les Hauts-de-France, les passages nuageux sont plus nombreux en marge d\u2019une importante d\u00e9pression sur le nord des \u00eeles britanniques, avec un renforcement sensible du vent\u00a0\u00bb, indique M\u00e9t\u00e9o-France.\u00a0<\/p>\n<p>Des perturbations qui seront de courte dur\u00e9e, puisqu&rsquo;un temps sec et de fortes chaleurs sont attendues d\u00e8s ce mercredi sur l&rsquo;ensemble du territoire.<\/p>\n","protected":false},"excerpt":{"rendered":"Des vents violents et de fortes pr\u00e9cipitations. L&rsquo;arriv\u00e9e d&rsquo;une nouvelle temp\u00eate, baptis\u00e9e \u00ab\u00a0Floris\u00a0\u00bb, est annonc\u00e9e sur le Nord&hellip;\n","protected":false},"author":2,"featured_media":295418,"comment_status":"","ping_status":"","sticky":false,"template":"","format":"standard","meta":{"footnotes":""},"categories":[4],"tags":[11,1011,27,2487,12,25],"class_list":{"0":"post-295417","1":"post","2":"type-post","3":"status-publish","4":"format-standard","5":"has-post-thumbnail","7":"category-france","8":"tag-actualites","9":"tag-fr","10":"tag-france","11":"tag-meteo","12":"tag-news","13":"tag-republique-francaise"},"share_on_mastodon":{"url":"https:\/\/pubeurope.com\/@fr\/114969780277390090","error":""},"_links":{"self":[{"href":"https:\/\/www.europesays.com\/fr\/wp-json\/wp\/v2\/posts\/295417","targetHints":{"allow":["GET"]}}],"collection":[{"href":"https:\/\/www.europesays.com\/fr\/wp-json\/wp\/v2\/posts"}],"about":[{"href":"https:\/\/www.europesays.com\/fr\/wp-json\/wp\/v2\/types\/post"}],"author":[{"embeddable":true,"href":"https:\/\/www.europesays.com\/fr\/wp-json\/wp\/v2\/users\/2"}],"replies":[{"embeddable":true,"href":"https:\/\/www.europesays.com\/fr\/wp-json\/wp\/v2\/comments?post=295417"}],"version-history":[{"count":0,"href":"https:\/\/www.europesays.com\/fr\/wp-json\/wp\/v2\/posts\/295417\/revisions"}],"wp:featuredmedia":[{"embeddable":true,"href":"https:\/\/www.europesays.com\/fr\/wp-json\/wp\/v2\/media\/295418"}],"wp:attachment":[{"href":"https:\/\/www.europesays.com\/fr\/wp-json\/wp\/v2\/media?parent=295417"}],"wp:term":[{"taxonomy":"category","embeddable":true,"href":"https:\/\/www.europesays.com\/fr\/wp-json\/wp\/v2\/categories?post=295417"},{"taxonomy":"post_tag","embeddable":true,"href":"https:\/\/www.europesays.com\/fr\/wp-json\/wp\/v2\/tags?post=295417"}],"curies":[{"name":"wp","href":"https:\/\/api.w.org\/{rel}","templated":true}]}}