{"id":295419,"date":"2025-08-04T09:26:11","date_gmt":"2025-08-04T09:26:11","guid":{"rendered":"https:\/\/www.europesays.com\/fr\/295419\/"},"modified":"2025-08-04T09:26:11","modified_gmt":"2025-08-04T09:26:11","slug":"17-personnes-intoxiquees-dont-trois-evacuees-en-urgence-absolue-apres-un-incendie-dans-une-maison-de-retraite","status":"publish","type":"post","link":"https:\/\/www.europesays.com\/fr\/295419\/","title":{"rendered":"17 personnes intoxiqu\u00e9es, dont trois \u00e9vacu\u00e9es en urgence absolue, apr\u00e8s un incendie dans une maison de retraite"},"content":{"rendered":"<p>Un <a href=\"https:\/\/www.20minutes.fr\/dossier\/feu\" class=\"color-ultramarine c-link\" target=\"_blank\" rel=\"noopener\">incendie<\/a> s&rsquo;est d\u00e9clar\u00e9 dans la nuit de dimanche \u00e0 lundi au rez-de-chauss\u00e9e d&rsquo;une maison de retraite de l&rsquo;Isle-Jourdain (<a href=\"https:\/\/www.20minutes.fr\/dossier\/gers\" class=\"color-ultramarine c-link\" target=\"_blank\" rel=\"noopener\">Gers<\/a>), pr\u00e8s de <a href=\"https:\/\/www.20minutes.fr\/toulouse\/\" class=\"color-ultramarine c-link\" target=\"_blank\" rel=\"noopener\">Toulouse<\/a>. On d\u00e9plore 17 bless\u00e9s par intoxication, dont une dizaine ont d\u00fb \u00eatre \u00e9vacu\u00e9s, ont indiqu\u00e9 les <a href=\"https:\/\/www.20minutes.fr\/dossier\/pompiers\" class=\"color-ultramarine c-link\" target=\"_blank\" rel=\"noopener\">pompiers<\/a>.<\/p>\n<p>Intoxiqu\u00e9es par les importants d\u00e9gagements de fum\u00e9e, trois victimes en urgence absolue &#8211; deux hommes de 85 ans et une femme de 86 ans &#8211; ont \u00e9t\u00e9 dirig\u00e9es vers l&rsquo;h\u00f4pital de Purpan, \u00e0 Toulouse.<\/p>\n<p>D\u00e9clench\u00e9 par un feu de matelas<\/p>\n<p>Quelque 70 soldats du feu et 25 v\u00e9hicules de secours ont \u00e9t\u00e9 mobilis\u00e9s peu avant 3 heures du matin pour r\u00e9pondre \u00e0 ce sinistre d\u00e9clench\u00e9 par un feu de matelas et qui a g\u00e9n\u00e9r\u00e9 \u00ab\u00a0beaucoup de fum\u00e9e dans les \u00e9tages\u00a0\u00bb, a pr\u00e9cis\u00e9 un porte-parole du Service d\u00e9partemental d&rsquo;incendie et de secours (Sdis) du Gers.<\/p>\n<\/p>\n<p>En tout, 81 personnes se trouvaient dans l&rsquo;\u00e9tablissement, dont 75 r\u00e9sidents et 6 employ\u00e9s. \u00ab\u00a0L&rsquo;\u00e9tablissement ne sera pas exploitable dans un premier temps compte tenu des d\u00e9g\u00e2ts occasionn\u00e9s par les fum\u00e9es de l&rsquo;incendie\u00a0\u00bb, a pr\u00e9venu le Sdis.<\/p>\n","protected":false},"excerpt":{"rendered":"Un incendie s&rsquo;est d\u00e9clar\u00e9 dans la nuit de dimanche \u00e0 lundi au rez-de-chauss\u00e9e d&rsquo;une maison de retraite de&hellip;\n","protected":false},"author":2,"featured_media":295420,"comment_status":"","ping_status":"","sticky":false,"template":"","format":"standard","meta":{"footnotes":""},"categories":[2],"tags":[47,11,12216,1011,27,11328,2722,1310,21324,2721,12,2680,104,2312],"class_list":{"0":"post-295419","1":"post","2":"type-post","3":"status-publish","4":"format-standard","5":"has-post-thumbnail","7":"category-actualites","8":"tag-actualite","9":"tag-actualites","10":"tag-ehpad","11":"tag-fr","12":"tag-france","13":"tag-gers","14":"tag-haute-garonne","15":"tag-incendie","16":"tag-maison-de-retraite","17":"tag-midi-pyrenees","18":"tag-news","19":"tag-occitanie","20":"tag-societe","21":"tag-toulouse"},"share_on_mastodon":{"url":"https:\/\/pubeurope.com\/@fr\/114969784065551330","error":""},"_links":{"self":[{"href":"https:\/\/www.europesays.com\/fr\/wp-json\/wp\/v2\/posts\/295419","targetHints":{"allow":["GET"]}}],"collection":[{"href":"https:\/\/www.europesays.com\/fr\/wp-json\/wp\/v2\/posts"}],"about":[{"href":"https:\/\/www.europesays.com\/fr\/wp-json\/wp\/v2\/types\/post"}],"author":[{"embeddable":true,"href":"https:\/\/www.europesays.com\/fr\/wp-json\/wp\/v2\/users\/2"}],"replies":[{"embeddable":true,"href":"https:\/\/www.europesays.com\/fr\/wp-json\/wp\/v2\/comments?post=295419"}],"version-history":[{"count":0,"href":"https:\/\/www.europesays.com\/fr\/wp-json\/wp\/v2\/posts\/295419\/revisions"}],"wp:featuredmedia":[{"embeddable":true,"href":"https:\/\/www.europesays.com\/fr\/wp-json\/wp\/v2\/media\/295420"}],"wp:attachment":[{"href":"https:\/\/www.europesays.com\/fr\/wp-json\/wp\/v2\/media?parent=295419"}],"wp:term":[{"taxonomy":"category","embeddable":true,"href":"https:\/\/www.europesays.com\/fr\/wp-json\/wp\/v2\/categories?post=295419"},{"taxonomy":"post_tag","embeddable":true,"href":"https:\/\/www.europesays.com\/fr\/wp-json\/wp\/v2\/tags?post=295419"}],"curies":[{"name":"wp","href":"https:\/\/api.w.org\/{rel}","templated":true}]}}