{"id":295425,"date":"2025-08-04T09:30:17","date_gmt":"2025-08-04T09:30:17","guid":{"rendered":"https:\/\/www.europesays.com\/fr\/295425\/"},"modified":"2025-08-04T09:30:17","modified_gmt":"2025-08-04T09:30:17","slug":"la-circulation-coupee-entre-metz-et-nancy-a-partir-de-ce-lundi-soir","status":"publish","type":"post","link":"https:\/\/www.europesays.com\/fr\/295425\/","title":{"rendered":"la circulation coup\u00e9e entre Metz et Nancy \u00e0 partir de ce lundi soir"},"content":{"rendered":"<p>            Par<br \/>\n        <strong><br \/>\n            <a href=\"https:\/\/actu.fr\/auteur\/pierre-emile-bouchy-actu-fr\" title=\"Consulter tous les articles de Paul-Emile Bouchy\" target=\"_blank\" rel=\"noopener\">Paul-Emile Bouchy<\/a><br \/>\n        <\/strong><\/p>\n<p>        Publi\u00e9 le<\/p>\n<p>            4 ao\u00fbt 2025 \u00e0 11h22        <\/p>\n<p>Mauvaise nouvelle pour les automobilistes lorrains. Alors qu\u2019ils pensaient en avoir termin\u00e9 <a href=\"https:\/\/actu.fr\/societe\/l-autoroute-a31-coupee-entre-nancy-et-metz-ce-week-end-de-fortes-perturbations-attendues_62769431.html\" target=\"_blank\" rel=\"noopener\">en juin<\/a> avec les derni\u00e8res coupures annonc\u00e9es de l\u2019<a href=\"https:\/\/actu.fr\/tag\/autoroute-31-a31\" target=\"_blank\" rel=\"noopener\">autoroute A31<\/a> en raison des travaux du <a href=\"https:\/\/actu.fr\/grand-est\/autreville-sur-moselle_54031\/travaux-sur-l-a31-l-autoroute-coupee-plusieurs-fois-a-la-circulation-jusqu-au-printemps-2025_60435092.html\" target=\"_blank\" rel=\"noopener\">viaduc d\u2019Autreville<\/a>, la DIR Est indique qu\u2019<strong>une nouvelle fermeture va avoir lieu la nuit prochaine <\/strong>entre <a href=\"https:\/\/actu.fr\/grand-est\/metz_57463\" target=\"_blank\" rel=\"noopener\">Metz<\/a> et <a href=\"https:\/\/actu.fr\/grand-est\/nancy_54395\" target=\"_blank\" rel=\"noopener\">Nancy<\/a>.<\/p>\n<p class=\" wall-content\">On vous d\u00e9taille les perturbations attendues.<\/p>\n<p>L\u2019autoroute A31 ferm\u00e9e \u00e0 la circulation pendant 10\u00a0heures<\/p>\n<p class=\" wall-content\">Dans un communiqu\u00e9, la DIR Est explique que des \u00ab\u2009travaux de <strong>r\u00e9paration de la fibre optique<\/strong>\u2009\u00bb doivent \u00eatre men\u00e9s \u00e0 hauteur des communes de Belleville et d\u2019Autreville, en Meurthe-et-Moselle.<\/p>\n<p class=\" wall-content\">Cela va entra\u00eener les perturbations suivantes <strong>du lundi 4\u00a0ao\u00fbt \u00e0 20h au mardi 5\u00a0ao\u00fbt \u00e0 6h<\/strong>\u2009:<\/p>\n<ul class=\" wall-content\">\n<li><strong>coupure de l\u2019A31 dans le sens Metz-Nancy<\/strong> entre les diffuseurs n\u00b028 (Lesm\u00e9nils) et n\u00b025 (Belleville)<\/li>\n<li><strong>fermeture des acc\u00e8s \u00e0 l\u2019A31 en direction de Nancy<\/strong> depuis les diffuseurs n\u00b028, n\u00b027 (Atton), et l\u2019\u00e9changeur avec l\u2019A313<\/li>\n<li><strong>fermeture de l\u2019A313 dans le sens Nancy-Pont-\u00e0-Mousson<\/strong> pour pr\u00e9venir le risque d\u2019une circulation \u00e0 contre-sens<\/li>\n<\/ul>\n<p class=\" wall-content\">Des d\u00e9viations seront mises en place\u00a0via\u00a0le r\u00e9seau secondaire.<\/p>\n<p class=\" wall-content\">Suivez toute l\u2019actualit\u00e9 de vos villes et m\u00e9dias favoris en vous inscrivant \u00e0 <a href=\"https:\/\/moncompte.actu.fr\" title=\"D\u00e9couvez Mon Actu\" rel=\"nofollow noopener\" data-trk=\"{&quot;cta&quot;:{&quot;action&quot;:&quot;https:\\\/\\\/moncompte.actu.fr&quot;,&quot;category&quot;:&quot;mon compte&quot;,&quot;from&quot;:&quot;article footer&quot;,&quot;name&quot;:&quot;Mon actu&quot;,&quot;type&quot;:&quot;cta&quot;}}\" target=\"_blank\">Mon Actu<\/a>.<\/p>\n","protected":false},"excerpt":{"rendered":"Par Paul-Emile Bouchy Publi\u00e9 le 4 ao\u00fbt 2025 \u00e0 11h22 Mauvaise nouvelle pour les automobilistes lorrains. Alors qu\u2019ils&hellip;\n","protected":false},"author":2,"featured_media":173391,"comment_status":"","ping_status":"","sticky":false,"template":"","format":"standard","meta":{"footnotes":""},"categories":[9635],"tags":[1111,11,13404,3542,1777,674,1011,27,775,1702,12,25,104,2086],"class_list":{"0":"post-295425","1":"post","2":"type-post","3":"status-publish","4":"format-standard","5":"has-post-thumbnail","7":"category-nancy","8":"tag-actu","9":"tag-actualites","10":"tag-autoroute-31-a31","11":"tag-circulation","12":"tag-eu","13":"tag-europe","14":"tag-fr","15":"tag-france","16":"tag-grand-est","17":"tag-nancy","18":"tag-news","19":"tag-republique-francaise","20":"tag-societe","21":"tag-travaux"},"share_on_mastodon":{"url":"https:\/\/pubeurope.com\/@fr\/114969799936580783","error":""},"_links":{"self":[{"href":"https:\/\/www.europesays.com\/fr\/wp-json\/wp\/v2\/posts\/295425","targetHints":{"allow":["GET"]}}],"collection":[{"href":"https:\/\/www.europesays.com\/fr\/wp-json\/wp\/v2\/posts"}],"about":[{"href":"https:\/\/www.europesays.com\/fr\/wp-json\/wp\/v2\/types\/post"}],"author":[{"embeddable":true,"href":"https:\/\/www.europesays.com\/fr\/wp-json\/wp\/v2\/users\/2"}],"replies":[{"embeddable":true,"href":"https:\/\/www.europesays.com\/fr\/wp-json\/wp\/v2\/comments?post=295425"}],"version-history":[{"count":0,"href":"https:\/\/www.europesays.com\/fr\/wp-json\/wp\/v2\/posts\/295425\/revisions"}],"wp:featuredmedia":[{"embeddable":true,"href":"https:\/\/www.europesays.com\/fr\/wp-json\/wp\/v2\/media\/173391"}],"wp:attachment":[{"href":"https:\/\/www.europesays.com\/fr\/wp-json\/wp\/v2\/media?parent=295425"}],"wp:term":[{"taxonomy":"category","embeddable":true,"href":"https:\/\/www.europesays.com\/fr\/wp-json\/wp\/v2\/categories?post=295425"},{"taxonomy":"post_tag","embeddable":true,"href":"https:\/\/www.europesays.com\/fr\/wp-json\/wp\/v2\/tags?post=295425"}],"curies":[{"name":"wp","href":"https:\/\/api.w.org\/{rel}","templated":true}]}}